{"id":7177,"date":"2024-09-12T15:44:55","date_gmt":"2024-09-12T15:44:55","guid":{"rendered":"https:\/\/www.automakers.cz\/?p=7177"},"modified":"2024-09-15T20:57:43","modified_gmt":"2024-09-15T20:57:43","slug":"personalni-rosada-v-ceskem-bmw-group","status":"publish","type":"post","link":"https:\/\/www.automakers.cz\/?p=7177","title":{"rendered":"Person\u00e1ln\u00ed ro\u0161\u00e1da v \u010desk\u00e9m BMW Group"},"content":{"rendered":"<p><strong>Michal Bene\u0161, nov\u00fd obchodn\u00ed \u0159editel BMW Czech Republic, p\u0159eb\u00edr\u00e1 funkci po Milanu Kozovi, kter\u00fd po vz\u00e1jemn\u00e9 dohod\u011b po 14 letech z BMW Group ode\u0161el. Na pozici \u0159editele poprodejn\u00edch slu\u017eeb vyst\u0159\u00eddal Bene\u0161e kolega Michal Malecha, jen\u017e do t\u00e9 doby zast\u00e1val pozici oblastn\u00edho mana\u017eera ve stejn\u00e9m odd\u011blen\u00ed.<\/strong><!--more--><\/p>\n<p>Michal Bene\u0161 absolvoval magistersk\u00e9 studium na Slezsk\u00e9 univerzit\u011b v Opav\u011b a n\u00e1sledn\u011b IPFM (Institut pro pr\u016fmyslov\u00fd a finan\u010dn\u00ed management) s titulem MBA. P\u0159ed n\u00e1stupem do BMW Group sb\u00edral zku\u0161enosti ve spole\u010dnosti \u0160koda Auto, kde p\u016fsobil na pozici servisn\u00edho oblastn\u00edho mana\u017eera pro exportn\u00ed trhy, d\u00e1le zodpov\u00eddal za servisn\u00ed s\u00ed\u0165 na indick\u00e9m zastoupen\u00ed \u0160koda Auto, a n\u00e1sledn\u011b se pod\u00edlel na strategii rozvoje glob\u00e1ln\u00ed dealersk\u00e9 s\u00edt\u011b u t\u00e9\u017ee spole\u010dnosti.<\/p>\n<p>Do BMW Group p\u0159estoupil v roce 2016 na pozici mana\u017eera rozvoje dealersk\u00e9 s\u00edt\u011b pro \u010ceskou a Slovenskou republiku. Od roku 2019 zast\u00e1val funkci \u0159editele poprodejn\u00edch slu\u017eeb.<\/p>\n<p>Michala Bene\u0161e na jeho p\u0159edchoz\u00ed pozici nahrazuje Michal Malecha, kter\u00fd do BMW Czech Republic s.r.o. nastoupil jako jeden z prvn\u00edch zam\u011bstnanc\u016f ji\u017e v\u00a0roce 2007. V r\u00e1mci spole\u010dnosti absolvoval n\u011bkolik pozic v Praze, Mnichov\u011b a\u00a0Salcburku jak pro BMW, tak pro MINI. Do konce srpna zast\u00e1val funkci oblastn\u00edho mana\u017eera.<\/p>\n<p><strong>Zdroj: BMW<\/strong><\/p>\n","protected":false},"excerpt":{"rendered":"<p>Michal Bene\u0161, nov\u00fd obchodn\u00ed \u0159editel BMW Czech Republic, p\u0159eb\u00edr\u00e1 funkci po Milanu Kozovi, kter\u00fd po&#8230;<\/p>\n","protected":false},"author":1,"featured_media":7179,"comment_status":"closed","ping_status":"closed","sticky":false,"template":"","format":"standard","meta":{"footnotes":""},"categories":[11,6,5],"tags":[],"class_list":["post-7177","post","type-post","status-publish","format-standard","has-post-thumbnail","hentry","category-importeri","category-management","category-personalie"],"_links":{"self":[{"href":"https:\/\/www.automakers.cz\/index.php?rest_route=\/wp\/v2\/posts\/7177","targetHints":{"allow":["GET"]}}],"collection":[{"href":"https:\/\/www.automakers.cz\/index.php?rest_route=\/wp\/v2\/posts"}],"about":[{"href":"https:\/\/www.automakers.cz\/index.php?rest_route=\/wp\/v2\/types\/post"}],"author":[{"embeddable":true,"href":"https:\/\/www.automakers.cz\/index.php?rest_route=\/wp\/v2\/users\/1"}],"replies":[{"embeddable":true,"href":"https:\/\/www.automakers.cz\/index.php?rest_route=%2Fwp%2Fv2%2Fcomments&post=7177"}],"version-history":[{"count":1,"href":"https:\/\/www.automakers.cz\/index.php?rest_route=\/wp\/v2\/posts\/7177\/revisions"}],"predecessor-version":[{"id":7178,"href":"https:\/\/www.automakers.cz\/index.php?rest_route=\/wp\/v2\/posts\/7177\/revisions\/7178"}],"wp:featuredmedia":[{"embeddable":true,"href":"https:\/\/www.automakers.cz\/index.php?rest_route=\/wp\/v2\/media\/7179"}],"wp:attachment":[{"href":"https:\/\/www.automakers.cz\/index.php?rest_route=%2Fwp%2Fv2%2Fmedia&parent=7177"}],"wp:term":[{"taxonomy":"category","embeddable":true,"href":"https:\/\/www.automakers.cz\/index.php?rest_route=%2Fwp%2Fv2%2Fcategories&post=7177"},{"taxonomy":"post_tag","embeddable":true,"href":"https:\/\/www.automakers.cz\/index.php?rest_route=%2Fwp%2Fv2%2Ftags&post=7177"}],"curies":[{"name":"wp","href":"https:\/\/api.w.org\/{rel}","templated":true}]}}