{"id":7182,"date":"2024-09-13T07:39:36","date_gmt":"2024-09-13T07:39:36","guid":{"rendered":"https:\/\/www.automakers.cz\/?p=7182"},"modified":"2024-09-13T07:40:04","modified_gmt":"2024-09-13T07:40:04","slug":"kia-cisti-tichomorskou-odpadkovou-skvrnu","status":"publish","type":"post","link":"https:\/\/www.automakers.cz\/?p=7182","title":{"rendered":"Kia \u010dist\u00ed tichomo\u0159skou odpadkovou skvrnu"},"content":{"rendered":"<p><strong>Kia Corporation se sv\u00fdm partnerem The Ocean Cleanup oslavuj\u00ed p\u0159ekro\u010den\u00ed miln\u00edku spole\u010dn\u00e9 strategie \u0159e\u0161it zne\u010di\u0161t\u011bn\u00ed sv\u011btov\u00fdch oce\u00e1n\u016f plastov\u00fdm odpadem. <\/strong><!--more--><\/p>\n<p>Plavidlo System 03 spole\u010dnosti The Ocean Cleanup po sv\u00e9m ta\u017een\u00ed symbolicky zav\u00edtalo do sanfrancisk\u00e9ho p\u0159\u00edstavu, odkud se p\u0159ed \u0161esti lety vydalo na prvn\u00ed cestu plavidlo prvn\u00ed generace s ozna\u010den\u00edm System 001.<\/p>\n<p>Organizace The Ocean Cleanup i d\u00edky podpo\u0159e zna\u010dky Kia dok\u00e1zala od zah\u00e1jen\u00ed partnersk\u00e9 spolupr\u00e1ce v roce 2022 odstranit p\u0159es jeden milion liber (bezm\u00e1la p\u016fl milionu kilogram\u016f) plastu z nejv\u011bt\u0161\u00edho shluku plovouc\u00edho odpadu na sv\u011bt\u011b \u2013 tzv. Velk\u00e9 tichomo\u0159sk\u00e9 odpadkov\u00e9 skvrny (Great Pacific Garbage Patch) \u2013 jej\u00ed\u017e odhadovan\u00e1 rozloha \u010din\u00ed 1,6 milionu \u010dtvere\u010dn\u00edch kilometr\u016f.<\/p>\n<p>Organizace The Ocean Cleanup ozn\u00e1mila konkr\u00e9tn\u00ed harmonogram vy\u010di\u0161t\u011bn\u00ed odpadkov\u00e9 skvrny coby v\u00fdznamnou sou\u010d\u00e1st mise zbavit sv\u011btov\u00e9 oce\u00e1ny plastov\u00e9ho odpadu. A\u010dkoli \u00fadaje z\u00edskan\u00e9 b\u011bhem t\u00e9to sez\u00f3ny nazna\u010duj\u00ed, \u017ee odpadkovou skvrnu by d\u00edky zji\u0161t\u011bn\u00fdm technick\u00fdm zlep\u0161en\u00edm bylo mo\u017en\u00e9 vy\u010distit b\u011bhem 10 let, uveden\u00e1 sv\u011btov\u00e1 nevl\u00e1dn\u00ed organizace posouv\u00e1 limity s c\u00edlem zkr\u00e1tit \u010das k vy\u010di\u0161t\u011bn\u00ed odpadkov\u00e9 skvrny na polovinu, tedy p\u011bt let.<\/p>\n<p>Komentuje Charles Ryu, viceprezident a vedouc\u00ed glob\u00e1ln\u00ed divize zna\u010dky a z\u00e1kaznick\u00fdch zku\u0161enost\u00ed Kia: \u201eMy v\u0161ichni v Kia op\u011bt co nejsrde\u010dn\u011bji gratulujeme t\u00fdmu The Ocean Cleanup k jeho nepolevuj\u00edc\u00edmu zasazen\u00ed a intenzivn\u00ed pr\u00e1ci v roli jedin\u00e9 organizace, kter\u00e1 aktivn\u011b \u0159e\u0161\u00ed mno\u017estv\u00ed plast\u016f v odpadkov\u00e9 skvrn\u011b. Je n\u00e1m ct\u00ed, \u017ee jsme kl\u00ed\u010dov\u00fdm podporovatelem aktivit \u010di\u0161t\u011bn\u00ed oce\u00e1n\u016f a ji\u017e se t\u011b\u0161\u00edme na je\u0161t\u011b cti\u017e\u00e1dostiv\u011bj\u0161\u00ed f\u00e1zi na\u0161\u00ed partnersk\u00e9 spolupr\u00e1ce, kdy se d\u00edky vylep\u0161en\u00ed [plavidla] System 03 a zp\u016fsobu \u010dinnosti poda\u0159\u00ed dobu tohoto \u010di\u0161t\u011bn\u00ed zkr\u00e1tit.\u201c<\/p>\n<p>V roce 2025 se The Ocean Cleanup zam\u011b\u0159\u00ed na iniciativu zmapov\u00e1n\u00ed tzv. \u201eohnisek\u201c, tedy oblast\u00ed rychl\u00e9ho hromad\u011bn\u00ed plastu v r\u00e1mci odpadkov\u00e9 skvrny, aby bylo mo\u017en\u00e9 zefektivnit dopady budouc\u00ed t\u011b\u017eby odpadu.<\/p>\n<p>\u201eThe Ocean Cleanup je mezin\u00e1rodn\u00ed neziskovou organizac\u00ed, a na\u0161e \u010dinnost tak z\u00e1vis\u00ed na na\u0161\u00ed \u00fa\u017easn\u00e9 partnersk\u00e9 spolupr\u00e1ci\u201c, uvedl Boyan Slat, zakladatel a \u0159editel The Ocean Cleanup. \u201eTato partnersk\u00e1 spolupr\u00e1ce se zna\u010dkou Kia definuje nov\u00e1 m\u011b\u0159\u00edtka toho, jak mohou organizace dos\u00e1hnout skute\u010dn\u00fdch zm\u011bn. Spole\u010dn\u011b dokazujeme, \u017ee inovace a odhodl\u00e1n\u00ed mohou oce\u00e1ny zbavit plast\u016f a inspirovat ostatn\u00ed k tomu, aby n\u00e1s n\u00e1sledovali. V\u00fdrobky vze\u0161l\u00e9 z t\u00e9to spolupr\u00e1ce budou symbolem na\u0161eho spole\u010dn\u00e9ho pokroku a z\u00e1rove\u0148 hmatateln\u00fdm v\u00fdsledkem udr\u017eiteln\u00fdch \u0159e\u0161en\u00ed.\u201c<\/p>\n<p>Kia a The Ocean Cleanup spolupracuj\u00ed na redukci plastov\u00e9ho zne\u010di\u0161t\u011bn\u00ed ji\u017e dva a p\u016fl roku. Organizace The Ocean Cleanup b\u011bhem prvn\u00edch \u0161esti let sv\u00e9 \u010dinnosti realizovala 23 pracovn\u00edch v\u00fdprav a dokon\u010dila p\u0159es 100 mis\u00ed zam\u011b\u0159en\u00fdch na t\u011b\u017ebu plastov\u00e9ho odpadu. D\u00edky t\u011bmto snah\u00e1m se poda\u0159ilo odstranit p\u0159es milion liber (necel\u00fdch p\u016fl milionu kilogram\u016f) odpadu, co\u017e odpov\u00edd\u00e1 p\u0159ibli\u017en\u011b 0,5 procenta objemu plovouc\u00edho plastu v odpadkov\u00e9 skvrn\u011b.<\/p>\n<p>Kia a The Ocean Cleanup v r\u00e1mci spole\u010dn\u00e9 vize vytvo\u0159it kruhov\u00fd syst\u00e9m recyklace zdroj\u016f s\u00a0vyu\u017eit\u00edm plast\u016f z oce\u00e1n\u016f hledaj\u00ed nov\u00e9 zp\u016fsoby, jak plastov\u00fd odpad vyt\u011b\u017een\u00fd z odpadkov\u00e9 skvrny prom\u011bnit v trvanliv\u00e9 a u\u017eite\u010dn\u00e9 produkty. Prvn\u00ed v\u00fdsledek t\u00e9to iniciativy, kter\u00fdm je automobilov\u00e9 p\u0159\u00edslu\u0161enstv\u00ed pro model Kia EV3, bude k vid\u011bn\u00ed v posledn\u00edm \u010dtvrtlet\u00ed leto\u0161n\u00edho roku.<\/p>\n<p>Kia krom\u011b toho za\u010dle\u0148uje dal\u0161\u00ed recyklovan\u00e9 plasty a ekologick\u00e9 materi\u00e1ly do sv\u00fdch nejnov\u011bj\u0161\u00edch model\u016f. Jedn\u00e1 se nap\u0159\u00edklad o vlajkov\u00e9 \u010dist\u011b elektrick\u00e9 SUV Kia EV9, v n\u011bm\u017e najdeme recyklovan\u00e9 ryb\u00e1\u0159sk\u00e9 s\u00edt\u011b v podob\u011b podlahov\u00fdch roho\u017e\u00ed, resp. recyklovan\u00e9 plastov\u00e9 lahve v podob\u011b l\u00e1tkov\u00e9ho \u010daloun\u011bn\u00ed sedadel o celkov\u00e9 hmotnosti 34 kg. L\u00e1tky a roho\u017ee z recyklovan\u00fdch plast\u016f se pou\u017e\u00edvaj\u00ed i v modelu EV6.<\/p>\n<p>Na podporu \u0161ir\u0161\u00ed vize st\u00e1t se pr\u016fkopn\u00edkem trvale udr\u017eiteln\u00e9 mobility chce Kia do roku 2030 zv\u00fd\u0161it zastoupen\u00ed recyklovan\u00fdch plast\u016f ve sv\u00fdch vozidlech na 20 procent.<\/p>\n<p><strong>Zdroj: KIA<\/strong><\/p>\n<p><img loading=\"lazy\" decoding=\"async\" class=\"alignnone size-medium wp-image-7184\" src=\"http:\/\/www.automakers.cz\/wp-content\/uploads\/2024\/09\/KiaTheOceanCleanUp_foto-small-1-900x600.jpg\" alt=\"\" width=\"900\" height=\"600\" srcset=\"https:\/\/www.automakers.cz\/wp-content\/uploads\/2024\/09\/KiaTheOceanCleanUp_foto-small-1-900x600.jpg 900w, https:\/\/www.automakers.cz\/wp-content\/uploads\/2024\/09\/KiaTheOceanCleanUp_foto-small-1-1024x683.jpg 1024w, https:\/\/www.automakers.cz\/wp-content\/uploads\/2024\/09\/KiaTheOceanCleanUp_foto-small-1-768x512.jpg 768w, https:\/\/www.automakers.cz\/wp-content\/uploads\/2024\/09\/KiaTheOceanCleanUp_foto-small-1-1536x1024.jpg 1536w, https:\/\/www.automakers.cz\/wp-content\/uploads\/2024\/09\/KiaTheOceanCleanUp_foto-small-1-2048x1365.jpg 2048w\" sizes=\"auto, (max-width: 900px) 100vw, 900px\" \/><\/p>\n","protected":false},"excerpt":{"rendered":"<p>Kia Corporation se sv\u00fdm partnerem The Ocean Cleanup oslavuj\u00ed p\u0159ekro\u010den\u00ed miln\u00edku spole\u010dn\u00e9 strategie \u0159e\u0161it zne\u010di\u0161t\u011bn\u00ed&#8230;<\/p>\n","protected":false},"author":2,"featured_media":7183,"comment_status":"closed","ping_status":"closed","sticky":false,"template":"","format":"standard","meta":{"footnotes":""},"categories":[41,40],"tags":[],"class_list":["post-7182","post","type-post","status-publish","format-standard","has-post-thumbnail","hentry","category-ekologie","category-technologie"],"_links":{"self":[{"href":"https:\/\/www.automakers.cz\/index.php?rest_route=\/wp\/v2\/posts\/7182","targetHints":{"allow":["GET"]}}],"collection":[{"href":"https:\/\/www.automakers.cz\/index.php?rest_route=\/wp\/v2\/posts"}],"about":[{"href":"https:\/\/www.automakers.cz\/index.php?rest_route=\/wp\/v2\/types\/post"}],"author":[{"embeddable":true,"href":"https:\/\/www.automakers.cz\/index.php?rest_route=\/wp\/v2\/users\/2"}],"replies":[{"embeddable":true,"href":"https:\/\/www.automakers.cz\/index.php?rest_route=%2Fwp%2Fv2%2Fcomments&post=7182"}],"version-history":[{"count":5,"href":"https:\/\/www.automakers.cz\/index.php?rest_route=\/wp\/v2\/posts\/7182\/revisions"}],"predecessor-version":[{"id":7213,"href":"https:\/\/www.automakers.cz\/index.php?rest_route=\/wp\/v2\/posts\/7182\/revisions\/7213"}],"wp:featuredmedia":[{"embeddable":true,"href":"https:\/\/www.automakers.cz\/index.php?rest_route=\/wp\/v2\/media\/7183"}],"wp:attachment":[{"href":"https:\/\/www.automakers.cz\/index.php?rest_route=%2Fwp%2Fv2%2Fmedia&parent=7182"}],"wp:term":[{"taxonomy":"category","embeddable":true,"href":"https:\/\/www.automakers.cz\/index.php?rest_route=%2Fwp%2Fv2%2Fcategories&post=7182"},{"taxonomy":"post_tag","embeddable":true,"href":"https:\/\/www.automakers.cz\/index.php?rest_route=%2Fwp%2Fv2%2Ftags&post=7182"}],"curies":[{"name":"wp","href":"https:\/\/api.w.org\/{rel}","templated":true}]}}