{"id":7197,"date":"2024-09-16T09:57:09","date_gmt":"2024-09-16T09:57:09","guid":{"rendered":"https:\/\/www.automakers.cz\/?p=7197"},"modified":"2024-09-16T09:58:05","modified_gmt":"2024-09-16T09:58:05","slug":"dalsi-rocnik-ceny-wernera-von-siemense","status":"publish","type":"post","link":"https:\/\/www.automakers.cz\/?p=7197","title":{"rendered":"Dal\u0161\u00ed ro\u010dn\u00edk Ceny Wernera von Siemense"},"content":{"rendered":"<p><strong>Startuje sedmadvac\u00e1t\u00fd ro\u010dn\u00edk Ceny Wernera von Siemense pro studenty, pedagogy a mlad\u00e9 v\u011bdce z technick\u00fdch a p\u0159\u00edrodov\u011bdeck\u00fdch obor\u016f byl vyhl\u00e1\u0161en.<\/strong><!--more--><\/p>\n<p>\u201eTechnologick\u00e9 a p\u0159\u00edrodov\u011bdn\u00e9 vzd\u011bl\u00e1v\u00e1n\u00ed je pil\u00ed\u0159em budouc\u00edho rozvoje na\u0161\u00ed zem\u011b. Cena Wernera von Siemense oce\u0148uje mlad\u00e9 talenty, jejich\u017e inovativn\u00ed p\u0159\u00edstup a objevy maj\u00ed potenci\u00e1l p\u0159in\u00e9st pokrok v kl\u00ed\u010dov\u00fdch oblastech pr\u016fmyslu, technologi\u00ed i dal\u0161\u00edch obor\u016f. Z\u00e1rove\u0148 nezapom\u00edn\u00e1me na pedagogickou pr\u00e1ci, kter\u00e1 \u010dasto stoj\u00ed v pozad\u00ed, ale je nesm\u00edrn\u011b d\u016fle\u017eit\u00e1 a zaslou\u017e\u00ed si ocen\u011bn\u00ed,\u201c uvedl k zah\u00e1jen\u00ed leto\u0161n\u00edho ro\u010dn\u00edku sout\u011b\u017ee Eduard Pal\u00ed\u0161ek, gener\u00e1ln\u00ed \u0159editel skupiny Siemens v \u010cesk\u00e9 republice. Kandid\u00e1ti se mohou p\u0159ihla\u0161ovat prost\u0159ednictv\u00edm internetov\u00fdch str\u00e1nek www.cenasiemens.cz a\u017e do 30. listopadu 2024.<\/p>\n<p>Sedmadvac\u00e1t\u00fd ro\u010dn\u00edk rozd\u011bl\u00ed v sedmi kategori\u00edch jeden milion korun. V kategori\u00edch nejlep\u0161\u00ed diplomov\u00e1 a diserta\u010dn\u00ed pr\u00e1ce spolu se studenty ocen\u011bn\u00ed i finan\u010dn\u00ed odm\u011bnu z\u00edskaj\u00ed i vedouc\u00ed prac\u00ed\/\u0161kolitel\u00e9. Finan\u010dn\u00ed odm\u011bny, kter\u00e9 spole\u010dnost Siemens v minul\u00fdch 26 letech rozd\u011blila mezi 470 v\u00edt\u011bzn\u00fdch student\u016f, v\u011bdc\u016f a pedagog\u016f, dos\u00e1hly \u010d\u00e1stky 16,4 milionu korun.<\/p>\n<p><strong>Vyhla\u0161ovan\u00e9 kategorie:<\/strong><\/p>\n<p>1. Nejv\u00fdznamn\u011bj\u0161\u00ed v\u00fdsledek z\u00e1kladn\u00edho v\u00fdzkumu (jednotlivec nebo v\u00fdzkumn\u00fd t\u00fdm)<\/p>\n<p>2. Nejlep\u0161\u00ed pedagogicky\u0301 pracovn\u00edk \/ pedagogick\u00e1 pracovnice<\/p>\n<p>3. Nejlep\u0161\u00ed diplomov\u00e1 pr\u00e1ce (prvn\u00ed t\u0159i m\u00edsta + vedouc\u00ed pr\u00e1ce)<\/p>\n<p>4. Nejlep\u0161\u00ed diserta\u010dn\u00ed pr\u00e1ce (prvn\u00ed t\u0159i m\u00edsta + \u0161kolitel\/ka)<\/p>\n<p>5. Zvl\u00e1\u0161tn\u00ed ocen\u011bn\u00ed za vynikaj\u00edc\u00ed kvalitu \u017eensk\u00e9 v\u011bdeck\u00e9 pr\u00e1ce<\/p>\n<p>6. Nejlep\u0161\u00ed absolventsk\u00e1 pr\u00e1ce (diplomov\u00e1\/diserta\u010dn\u00ed) na t\u00e9ma konceptu Pr\u016fmysl 4.0<\/p>\n<p>7. Nejlep\u0161\u00ed absolventsk\u00e1 pr\u00e1ce (diplomov\u00e1\/diserta\u010dn\u00ed) na t\u00e9ma chytr\u00e9 infrastruktury a energetiky<\/p>\n<p><strong>P\u0159edsedov\u00e9 porot:<\/strong><\/p>\n<p>\u00b7 prof. RNDr. Eva Za\u017e\u00edmalov\u00e1, CSc. (p\u0159edsedkyn\u011b, Akademie v\u011bd \u010cesk\u00e9 republiky) \u2013 Nejv\u00fdznamn\u011bj\u0161\u00ed v\u00fdsledek z\u00e1kladn\u00edho v\u00fdzkumu<\/p>\n<p>\u00b7 doc. Ing. Ladislav Jan\u00ed\u010dek Ph.D., MBA, LL.M. (rektor, Vysok\u00e9 u\u010den\u00ed technick\u00e9 v Brn\u011b) \u2013 Nejlep\u0161\u00ed diplomov\u00e1 pr\u00e1ce (prvn\u00ed t\u0159i m\u00edsta + vedouc\u00ed pr\u00e1ce)<\/p>\n<p>\u00b7 doc. RNDr. Vojt\u011bch Petr\u00e1\u010dek, CSc. (rektor, \u010cesk\u00e9 vysok\u00e9 u\u010den\u00ed technick\u00e9 v Praze) \u2013 Nejlep\u0161\u00ed diserta\u010dn\u00ed pr\u00e1ce (prvn\u00ed t\u0159i m\u00edsta + \u0161kolitel\/ka)<\/p>\n<p>\u00b7 prof. MUDr. Milena Kr\u00e1l\u00ed\u010dkov\u00e1, Ph.D. (p\u0159edsedkyn\u011b, \u010cesk\u00e1 konference rektor\u016f) \u2013 Nejlep\u0161\u00ed pedagogick\u00fd pracovn\u00edk \/ pedagogick\u00e1 pracovnice<\/p>\n<p>\u00b7 Ing. Eduard Pal\u00ed\u0161ek, Ph.D., MBA (gener\u00e1ln\u00ed \u0159editel, Siemens \u010cR) \u2013 Zvl\u00e1\u0161tn\u00ed ocen\u011bn\u00ed za vynikaj\u00edc\u00ed kvalitu \u017eensk\u00e9 v\u011bdeck\u00e9 pr\u00e1ce<\/p>\n<p>\u00b7 prof. Ing. Vladim\u00edr Ma\u0159\u00edk, DrSc., dr. h. c. (v\u011bdeck\u00fd \u0159editel, \u010cesk\u00fd institut informatiky, robotiky a kybernetiky \u010cVUT) \u2013 Nejlep\u0161\u00ed absolventsk\u00e1 pr\u00e1ce (diplomov\u00e1\/diserta\u010dn\u00ed) zab\u00fdvaj\u00edc\u00ed se t\u00e9maty konceptu Pr\u016fmysl 4.0<\/p>\n<p>\u00b7 prof. Ing. Stanislav Mi\u0161\u00e1k, Ph.D. (\u0159editel, Centrum energetick\u00fdch a environment\u00e1ln\u00edch technologi\u00ed CEET, V\u0160B-TUO) \u2013 Nejlep\u0161\u00ed absolventsk\u00e1 pr\u00e1ce (diplomov\u00e1\/diserta\u010dn\u00ed) zab\u00fdvaj\u00edc\u00ed se chytrou infrastrukturou a energetikou<\/p>\n<p>V p\u0159edchoz\u00edm ro\u010dn\u00edku sout\u011b\u017ee nejv\u00edce ocen\u011bn\u00ed z\u00edskalo \u010cesk\u00e9 vysok\u00e9 u\u010den\u00ed technick\u00e9 v\u202fPraze (6 ocen\u011bn\u00fdch), n\u00e1sledovan\u00e9 Akademi\u00ed v\u011bd \u010cR (5 ocen\u011bn\u00fdch) a Vysok\u00fdm u\u010den\u00edm technick\u00fdm v Brn\u011b (3 ocen\u011bn\u00ed), Univerzitou Palack\u00e9ho v\u202fOlomouci a\u202fMasarykovou univerzitou (po 2 ocen\u011bn\u00edch), Univerzita Karlova a Jiho\u010desk\u00e1 univerzita v\u202f\u010cesk\u00fdch Bud\u011bjovic\u00edch (po 1 ocen\u011bn\u00edm).<\/p>\n<p>Do nominac\u00ed se i letos m\u016f\u017ee zapojit tak\u00e9 \u0161irok\u00e1 ve\u0159ejnost \u2013 kandid\u00e1tky a kandid\u00e1ty a jejich pr\u00e1ce je mo\u017en\u00e9 nominovat prost\u0159ednictv\u00edm webov\u00fdch str\u00e1nek www.cenasiemens.cz. V p\u0159\u00edpad\u011b, \u017ee navr\u017een\u00fd kandid\u00e1t nebo kandid\u00e1tka zv\u00edt\u011bz\u00ed, z\u00edsk\u00e1 nominuj\u00edc\u00ed pr\u00e9mii ve v\u00fd\u0161i 10 000 K\u010d.<\/p>\n<p><strong>O sout\u011b\u017ei:<\/strong><\/p>\n<p>Cenu Wernera von Siemense po\u0159\u00e1d\u00e1 \u010desk\u00fd Siemens spolu s v\u00fdznamn\u00fdmi p\u0159edstaviteli vysok\u00fdch \u0161kol a Akademie v\u011bd \u010cR, kte\u0159\u00ed jsou i garanty jednotliv\u00fdch kategori\u00ed a pod\u00edlej\u00ed se na vyhodnocen\u00ed prac\u00ed. Z\u00e1\u0161titu nad ud\u00edlen\u00edm cen p\u0159evzali p\u0159edseda vl\u00e1dy Petr Fiala, ministr pro v\u011bdu, v\u00fdzkum a inovace Marek \u017den\u00ed\u0161ek, Ministerstvo \u0161kolstv\u00ed, ml\u00e1de\u017ee a t\u011blov\u00fdchovy a Ministerstvo pr\u016fmyslu a obchodu.<\/p>\n<p>Sv\u00fdm rozsahem, v\u00fd\u0161\u00ed finan\u010dn\u00edch odm\u011bn a histori\u00ed je Cena Wernera von Siemense jednou z nejv\u00fdznamn\u011bj\u0161\u00edch nez\u00e1visl\u00fdch iniciativ tohoto druhu v \u010cesk\u00e9 republice. V p\u0159edchoz\u00edch \u0161estadvaceti ro\u010dn\u00edc\u00edch sout\u011b\u017ee bylo ocen\u011bno 470 student\u016f, pedagog\u016f a v\u011bdc\u016f, na odm\u011bn\u00e1ch bylo vyplaceno p\u0159es 16,4 milionu K\u010d.<\/p>\n","protected":false},"excerpt":{"rendered":"<p>Startuje sedmadvac\u00e1t\u00fd ro\u010dn\u00edk Ceny Wernera von Siemense pro studenty, pedagogy a mlad\u00e9 v\u011bdce z technick\u00fdch&#8230;<\/p>\n","protected":false},"author":2,"featured_media":7198,"comment_status":"closed","ping_status":"closed","sticky":false,"template":"","format":"standard","meta":{"footnotes":""},"categories":[31,46],"tags":[],"class_list":["post-7197","post","type-post","status-publish","format-standard","has-post-thumbnail","hentry","category-news","category-vzdelani"],"_links":{"self":[{"href":"https:\/\/www.automakers.cz\/index.php?rest_route=\/wp\/v2\/posts\/7197","targetHints":{"allow":["GET"]}}],"collection":[{"href":"https:\/\/www.automakers.cz\/index.php?rest_route=\/wp\/v2\/posts"}],"about":[{"href":"https:\/\/www.automakers.cz\/index.php?rest_route=\/wp\/v2\/types\/post"}],"author":[{"embeddable":true,"href":"https:\/\/www.automakers.cz\/index.php?rest_route=\/wp\/v2\/users\/2"}],"replies":[{"embeddable":true,"href":"https:\/\/www.automakers.cz\/index.php?rest_route=%2Fwp%2Fv2%2Fcomments&post=7197"}],"version-history":[{"count":4,"href":"https:\/\/www.automakers.cz\/index.php?rest_route=\/wp\/v2\/posts\/7197\/revisions"}],"predecessor-version":[{"id":7279,"href":"https:\/\/www.automakers.cz\/index.php?rest_route=\/wp\/v2\/posts\/7197\/revisions\/7279"}],"wp:featuredmedia":[{"embeddable":true,"href":"https:\/\/www.automakers.cz\/index.php?rest_route=\/wp\/v2\/media\/7198"}],"wp:attachment":[{"href":"https:\/\/www.automakers.cz\/index.php?rest_route=%2Fwp%2Fv2%2Fmedia&parent=7197"}],"wp:term":[{"taxonomy":"category","embeddable":true,"href":"https:\/\/www.automakers.cz\/index.php?rest_route=%2Fwp%2Fv2%2Fcategories&post=7197"},{"taxonomy":"post_tag","embeddable":true,"href":"https:\/\/www.automakers.cz\/index.php?rest_route=%2Fwp%2Fv2%2Ftags&post=7197"}],"curies":[{"name":"wp","href":"https:\/\/api.w.org\/{rel}","templated":true}]}}