{"id":7221,"date":"2024-09-16T09:59:27","date_gmt":"2024-09-16T09:59:27","guid":{"rendered":"https:\/\/www.automakers.cz\/?p=7221"},"modified":"2024-09-16T09:59:27","modified_gmt":"2024-09-16T09:59:27","slug":"the-most-classic-2024-na-konci-zari","status":"publish","type":"post","link":"https:\/\/www.automakers.cz\/?p=7221","title":{"rendered":"The Most CLASSIC 2024 na konci z\u00e1\u0159\u00ed"},"content":{"rendered":"<p><b>The Most Classic se uskute\u010dn\u00ed 28. z\u00e1\u0159\u00ed na Autodromu Most. Festival nem\u00e1 b\u00fdt jen oby\u010dejnou v\u00fdstavou veter\u00e1n\u016f \u2013 je to ud\u00e1lost, kde majitel\u00e9 voz\u016f mohou vyrazit na tra\u0165. Vstup pro div\u00e1ky je zdarma!<\/b><!--more--><\/p>\n<p><b>Z\u00e1\u017eitek za volantem va\u0161eho mil\u00e1\u010dka<\/b><\/p>\n<p><a href=\"https:\/\/autodrom-mostcz.t.mailkit.eu\/PfNybAUAKCoUYWFlY2xpY2thdSctaHR0cHM6Ly93d3cub2xkdGltZXItY2FyLmN6L3RoZS1tb3N0LWNsYXNzaWMvZWlkX2xwaTEzNDgzNzU4OWNhaWRkMTEwNWZpZF9tc2cg0ZYIZWlkX2xnAGNsX2MnFVRoZSBNb3N0IENMQVNTSUMgMjAyNGVpZF91bCCi1wVmaWRfc21kazE5NzU5NTA5NzcxZWlkX2x1azExNjc4ODE0ODAxZ2lkX3NlbmQg_ZDMAmNjaWRkOTU0N2Flc2hhbmRsQGF1dG9tYWtlcnMuY3pidHMgkqKKtwZlaWRfbGFqODUyMjY5NjI2OWRjaGFuZWVtYWlsZGlkX2UguK7chANjbG9jZWRhdGExZGlkX3QAYmdhAQ\/G7MCUF9wfUZhlG4GCKVqhvfzv0Xink3XAkuf8g-pBFg\/click\" target=\"_blank\" rel=\"noopener\">The Most CLASSIC 2024<\/a>\u00a0nab\u00edz\u00ed majitel\u016fm klasick\u00fdch automobil\u016f mo\u017enost uk\u00e1zat sv\u00e9 vozy nejen na v\u00fdstavn\u00ed plo\u0161e, ale tak\u00e9 za\u017e\u00edt adrenalin p\u0159\u00edmo na z\u00e1vodn\u00ed dr\u00e1ze. Na rozd\u00edl od jin\u00fdch akc\u00ed se zde m\u016f\u017eete aktivn\u011b zapojit a vyzkou\u0161et sv\u00e9 \u0159idi\u010dsk\u00e9 schopnosti. Projedete se po legend\u00e1rn\u00edm mosteck\u00e9m okruhu, kter\u00fd m\u00e1 bohatou historii, nebo vyzkou\u0161\u00edte svou zru\u010dnost na technicky n\u00e1ro\u010dn\u00e9m polygonu.<\/p>\n<p>Jedn\u00edm z nejobl\u00edben\u011bj\u0161\u00edch programov\u00fdch blok\u016f jsou sout\u011b\u017en\u00ed j\u00edzdy pravidelnosti na polygonu, kde nez\u00e1le\u017e\u00ed na rychlosti, ale na p\u0159esnosti. Na nejlep\u0161\u00ed \u010dekaj\u00ed origin\u00e1ln\u00ed trofeje. A pokud m\u00e1te doma automobilov\u00e9ho eleg\u00e1na, m\u016f\u017eete se zapojit do sout\u011b\u017ee elegance, kde odborn\u00e1 porota ocen\u00ed kr\u00e1su a originalitu va\u0161eho vozu.<\/p>\n<p><img loading=\"lazy\" decoding=\"async\" class=\"alignnone size-medium wp-image-7224\" src=\"http:\/\/www.automakers.cz\/wp-content\/uploads\/2024\/09\/1023_most_classic_rudakov_small4-1-900x600.jpg\" alt=\"\" width=\"900\" height=\"600\" srcset=\"https:\/\/www.automakers.cz\/wp-content\/uploads\/2024\/09\/1023_most_classic_rudakov_small4-1-900x600.jpg 900w, https:\/\/www.automakers.cz\/wp-content\/uploads\/2024\/09\/1023_most_classic_rudakov_small4-1-1024x682.jpg 1024w, https:\/\/www.automakers.cz\/wp-content\/uploads\/2024\/09\/1023_most_classic_rudakov_small4-1-768x512.jpg 768w, https:\/\/www.automakers.cz\/wp-content\/uploads\/2024\/09\/1023_most_classic_rudakov_small4-1.jpg 1280w\" sizes=\"auto, (max-width: 900px) 100vw, 900px\" \/><\/p>\n<p><b>Sraz a v\u00fdstava klasick\u00fdch automobil\u016f<\/b><\/p>\n<p>Setk\u00e1n\u00ed automobilov\u00fdch klub\u016f a nad\u0161enc\u016f je srdcem cel\u00e9ho festivalu. Na mosteck\u00e9m autodromu se op\u011bt sejdou stovky klasick\u00fdch automobil\u016f, od elegantn\u00edch veter\u00e1n\u016f a\u017e po sportovn\u00ed ikony minul\u00e9ho stolet\u00ed.<\/p>\n<p>V lo\u0148sk\u00e9m roce festival zaznamenal 320 registrovan\u00fdch voz\u016f mezi nimi\u017e nechyb\u011bly opravdov\u00e9 unik\u00e1ty jako t\u0159eba Talbot-Lago T26 Figoni et Falaschi (1948). Leto\u0161n\u00ed ro\u010dn\u00edk slibuje je\u0161t\u011b v\u011bt\u0161\u00ed a rozmanit\u011bj\u0161\u00ed \u00fa\u010dast. Mezi p\u0159ihl\u00e1\u0161en\u00fdmi vozy je vz\u00e1cn\u00e1 Alfa Romeo 8C 2300 z roku 1931, ze sb\u00edrky Ladislava Samoh\u00fdla, nebo unik\u00e1tn\u00ed z\u00e1vodn\u00ed speci\u00e1l Jawa 750 od Jaroslava V\u011btvi\u010dky.<\/p>\n<p><i>\u201ePovedlo se nastartovat akci, kter\u00e1 n\u00e1m v\u0161em d\u011bl\u00e1 velkou radost. The Most CLASSIC skv\u011ble propojuje majitele a fanou\u0161ky klasick\u00fdch automobil\u016f v\u0161ech kategori\u00ed. To co n\u00e1s odli\u0161uje od ostatn\u00edch je mo\u017enost aktivn\u00edho zapojen\u00ed formou j\u00edzd a\u0165 u\u017e na dr\u00e1ze, nebo polygonu. Festival m\u00e1 d\u00edky tomu opravdu jedine\u010dnou a \u017eivou atmosf\u00e9ru,\u201c<\/i>\u00a0popisuje Josef Zaj\u00ed\u010dek, gener\u00e1ln\u00ed \u0159editel\u00a0<a href=\"https:\/\/autodrom-mostcz.t.mailkit.eu\/PfNybCUAhgKJAvBOKCoUYWFlY2xpY2thdSccaHR0cDovL3d3dy5hdXRvZHJvbS1tb3N0LmN6L2VpZF9scGkxMzQ4Mzc1OTBjYWlkZDExMDVmaWRfbXNnINGWCAUkIGcAY2xfYycOQQ1CFHUgTW9zdAEbFHVsIKLXBQEK8JBsdWsxMTY3ODgxNDgwMmZpZF9zbWRrMTk3NTk1MDk3NzFnaWRfc2VuZCD9kMwCY2NpZGQ5NTQ3YWVzaGFuZGxAYXV0b21ha2Vycy5jemJ0cyCSooq3BmVpZF9sYWo4NTIyNjk2MjcwZGNoYW5lZW1haWxkaWRfZSC4rtyEA2Nsb2NlZGF0YTFkaWRfdABiZ2EB\/KbS4sH2TtMh1qTc3g_5Oz3PxTHxtMqY1RfwfEgsEWB4\/click\" target=\"_blank\" rel=\"noopener\">Autodromu Most<\/a>. Ten se chyst\u00e1 mimo jin\u00e9 b\u011bhem festivalu slavnostn\u011b ozn\u00e1mit trasu vytrvalostn\u00ed j\u00edzdy\u00a0<a href=\"https:\/\/autodrom-mostcz.t.mailkit.eu\/PfNybCUAmQKnAqgoKhRhYWVjbGlja2F1Jy1odHRwczovL3d3dy5vbGR0aW1lci1jYXIuY3ovFRCwZXhwcmVzcy9laWRfbHBpMTM0ODM3NTkxY2FpZGQxMTA1ZmlkX21zZyDRlghlASQ4ZwBjbF9jJxtDemVjaCBPDVgEIEUJSBAgMjAyNQFMFHVsIKLXBQEKNGx1azExNjc4ODE0ODAzAU_wRHNtZGsxOTc1OTUwOTc3MWdpZF9zZW5kIP2QzAJjY2lkZDk1NDdhZXNoYW5kbEBhdXRvbWFrZXJzLmN6YnRzIJKiircGZQGM1GFqODUyMjY5NjI3MWRjaGFuZWVtYWlsZGlkX2UguK7chANjbG9jZWRhdGExZGlkX3QAYmdhAQ\/fTEouXHy7uQCrxyplIe0mk2hoidj8sHQ45kIW1LJAPA\/click\" target=\"_blank\" rel=\"noopener\">Czech Oldtimer Express 2025<\/a>, kter\u00e1 v minul\u00fdch ro\u010dn\u00edc\u00edch vedla z Prahy do Istanbulu a At\u00e9n.<\/p>\n<p><img loading=\"lazy\" decoding=\"async\" class=\"alignnone size-medium wp-image-7225\" src=\"http:\/\/www.automakers.cz\/wp-content\/uploads\/2024\/09\/1023_most_classic_rudakov_small42-2-900x600.jpg\" alt=\"\" width=\"900\" height=\"600\" srcset=\"https:\/\/www.automakers.cz\/wp-content\/uploads\/2024\/09\/1023_most_classic_rudakov_small42-2-900x600.jpg 900w, https:\/\/www.automakers.cz\/wp-content\/uploads\/2024\/09\/1023_most_classic_rudakov_small42-2-1024x682.jpg 1024w, https:\/\/www.automakers.cz\/wp-content\/uploads\/2024\/09\/1023_most_classic_rudakov_small42-2-768x512.jpg 768w, https:\/\/www.automakers.cz\/wp-content\/uploads\/2024\/09\/1023_most_classic_rudakov_small42-2.jpg 1280w\" sizes=\"auto, (max-width: 900px) 100vw, 900px\" \/><\/p>\n<p><a href=\"https:\/\/autodrom-mostcz.t.mailkit.eu\/PfNybAUAKCoUYWFlY2xpY2thdScraHR0cHM6Ly93d3cueW91dHViZS5jb20vd2F0Y2g_dj0tVTdBQXo2RHNlVWVpZF9scGkxMzQ4Mzc1OTJjYWlkZDExMDVmaWRfbXNnINGWCGVpZF9sZwBjbF9jJxxWaWRlbzogVGhlIE1vc3QgQ0xBU1NJQyAyMDIzZWlkX3VsIKLXBWZpZF9zbWRrMTk3NTk1MDk3NzFlaWRfbHVrMTE2Nzg4MTQ4MDRnaWRfc2VuZCD9kMwCY2NpZGQ5NTQ3YWVzaGFuZGxAYXV0b21ha2Vycy5jemJ0cyCSooq3BmVpZF9sYWo4NTIyNjk2MjcyZGNoYW5lZW1haWxkaWRfZSC4rtyEA2Nsb2NlZGF0YTFkaWRfdABiZ2EB\/25elV1rn9RPfVPLXzYNHxgxOSDGLMox013z8p5AOjYM\/click\" target=\"_blank\" rel=\"noopener\"><strong><u>Video: The Most CLASSIC 2023<\/u><\/strong><\/a><\/p>\n<p>Vedle jednotlivc\u016f se The Most CLASSIC \u00fa\u010dastn\u00ed i automobilov\u00e9 kluby, mezi kter\u00fdmi ani letos nebude chyb\u011bt Ferrari Classiche Scuderia S.F. Praha, Porsche Classic Club a dal\u0161\u00ed. Na sv\u00e9 si p\u0159ijdou i milovn\u00edci motocykl\u016f, leto\u0161n\u00ed novinkou bude toti\u017e sraz motocykl\u016f Jawa.<\/p>\n<p><b>Festival pro celou rodinu<\/b><\/p>\n<p><a href=\"https:\/\/autodrom-mostcz.t.mailkit.eu\/PfNybAUAKCoUYWFlY2xpY2thdSctaHR0cHM6Ly93d3cub2xkdGltZXItY2FyLmN6L3RoZS1tb3N0LWNsYXNzaWMvZWlkX2xwaTEzNDgzNzU5M2NhaWRkMTEwNWZpZF9tc2cg0ZYIZWlkX2xnAGNsX2MnFVRoZSBNb3N0IENMQVNTSUMgMjAyNGVpZF91bCCi1wVmaWRfc21kazE5NzU5NTA5NzcxZWlkX2x1azExNjc4ODE0ODA1Z2lkX3NlbmQg_ZDMAmNjaWRkOTU0N2Flc2hhbmRsQGF1dG9tYWtlcnMuY3pidHMgkqKKtwZlaWRfbGFqODUyMjY5NjI2OWRjaGFuZWVtYWlsZGlkX2UguK7chANjbG9jZWRhdGExZGlkX3QAYmdhAQ\/xCqHk-Z91zyLLqkpv4iEXX4S5t-Sr059sc8kAi5yKrs\/click\" target=\"_blank\" rel=\"noopener\">The Most CLASSIC 2024<\/a>\u00a0nen\u00ed jen o automobilech, ale nab\u00edz\u00ed i bohat\u00fd doprovodn\u00fd program pro celou rodinu. Krom\u011b v\u00fdstavn\u00edch expon\u00e1t\u016f se m\u016f\u017eete t\u011b\u0161it na kulturn\u00ed program, kter\u00fd zahrnuje v\u00fdstavy um\u011bn\u00ed, model\u016f i m\u00f3dn\u00edch dopl\u0148k\u016f. Pro d\u011bti bude p\u0159ipraven speci\u00e1ln\u00ed program pln\u00fd z\u00e1bavn\u00fdch aktivit, aby si festival u\u017eili opravdu v\u0161ichni.<\/p>\n<p>A\u0165 u\u017e jste automobilov\u00fd nad\u0161enec, z\u00e1vodn\u00edk, nebo jen hled\u00e1te skv\u011blou rodinnou akci na v\u00edkend, The Most CLASSIC 2024 v\u00e1s ur\u010dit\u011b nezklame. P\u0159ij\u010fte se pod\u00edvat, jak se historie snoub\u00ed s rychlost\u00ed a eleganc\u00ed, a u\u017eijte si den pln\u00fd nezapomenuteln\u00fdch z\u00e1\u017eitk\u016f. V\u00edce informac\u00ed a registrace voz\u016f i motorek najdete na webu\u00a0<a href=\"https:\/\/autodrom-mostcz.t.mailkit.eu\/PfNybAUAKCoUYWFlY2xpY2thdSctaHR0cHM6Ly93d3cub2xkdGltZXItY2FyLmN6L3RoZS1tb3N0LWNsYXNzaWMvZWlkX2xwaTEzNDgzNzU5NGNhaWRkMTEwNWZpZF9tc2cg0ZYIZWlkX2xnAGNsX2MnEFRoZSBNb3N0IENMQVNTSUNlaWRfdWwgotcFZWlkX2x1azExNjc4ODE0ODA2ZmlkX3NtZGsxOTc1OTUwOTc3MWdpZF9zZW5kIP2QzAJjY2lkZDk1NDdhZXNoYW5kbEBhdXRvbWFrZXJzLmN6YnRzIJKiircGZWlkX2xhajg1MjI2OTYyNzNkY2hhbmVlbWFpbGRpZF9lILiu3IQDY2xvY2VkYXRhMWRpZF90AGJnYQE\/RFS9ndSnKoB6PUE5DGLcIS01gY1yVvpXW8WS3XQ9lbE\/click\" target=\"_blank\" rel=\"noopener\">The Most CLASSIC<\/a>.<\/p>\n<p><img loading=\"lazy\" decoding=\"async\" class=\"alignnone size-medium wp-image-7223\" src=\"http:\/\/www.automakers.cz\/wp-content\/uploads\/2024\/09\/1023_most_classic_rudakov_small184-3-900x600.jpg\" alt=\"\" width=\"900\" height=\"600\" srcset=\"https:\/\/www.automakers.cz\/wp-content\/uploads\/2024\/09\/1023_most_classic_rudakov_small184-3-900x600.jpg 900w, https:\/\/www.automakers.cz\/wp-content\/uploads\/2024\/09\/1023_most_classic_rudakov_small184-3-1024x682.jpg 1024w, https:\/\/www.automakers.cz\/wp-content\/uploads\/2024\/09\/1023_most_classic_rudakov_small184-3-768x512.jpg 768w, https:\/\/www.automakers.cz\/wp-content\/uploads\/2024\/09\/1023_most_classic_rudakov_small184-3.jpg 1280w\" sizes=\"auto, (max-width: 900px) 100vw, 900px\" \/><\/p>\n","protected":false},"excerpt":{"rendered":"<p>The Most Classic se uskute\u010dn\u00ed 28. z\u00e1\u0159\u00ed na Autodromu Most. Festival nem\u00e1 b\u00fdt jen oby\u010dejnou&#8230;<\/p>\n","protected":false},"author":2,"featured_media":7222,"comment_status":"closed","ping_status":"closed","sticky":false,"template":"","format":"standard","meta":{"footnotes":""},"categories":[26,34],"tags":[],"class_list":["post-7221","post","type-post","status-publish","format-standard","has-post-thumbnail","hentry","category-eventy","category-veterani"],"_links":{"self":[{"href":"https:\/\/www.automakers.cz\/index.php?rest_route=\/wp\/v2\/posts\/7221","targetHints":{"allow":["GET"]}}],"collection":[{"href":"https:\/\/www.automakers.cz\/index.php?rest_route=\/wp\/v2\/posts"}],"about":[{"href":"https:\/\/www.automakers.cz\/index.php?rest_route=\/wp\/v2\/types\/post"}],"author":[{"embeddable":true,"href":"https:\/\/www.automakers.cz\/index.php?rest_route=\/wp\/v2\/users\/2"}],"replies":[{"embeddable":true,"href":"https:\/\/www.automakers.cz\/index.php?rest_route=%2Fwp%2Fv2%2Fcomments&post=7221"}],"version-history":[{"count":3,"href":"https:\/\/www.automakers.cz\/index.php?rest_route=\/wp\/v2\/posts\/7221\/revisions"}],"predecessor-version":[{"id":7281,"href":"https:\/\/www.automakers.cz\/index.php?rest_route=\/wp\/v2\/posts\/7221\/revisions\/7281"}],"wp:featuredmedia":[{"embeddable":true,"href":"https:\/\/www.automakers.cz\/index.php?rest_route=\/wp\/v2\/media\/7222"}],"wp:attachment":[{"href":"https:\/\/www.automakers.cz\/index.php?rest_route=%2Fwp%2Fv2%2Fmedia&parent=7221"}],"wp:term":[{"taxonomy":"category","embeddable":true,"href":"https:\/\/www.automakers.cz\/index.php?rest_route=%2Fwp%2Fv2%2Fcategories&post=7221"},{"taxonomy":"post_tag","embeddable":true,"href":"https:\/\/www.automakers.cz\/index.php?rest_route=%2Fwp%2Fv2%2Ftags&post=7221"}],"curies":[{"name":"wp","href":"https:\/\/api.w.org\/{rel}","templated":true}]}}