{"id":7233,"date":"2024-09-16T10:41:21","date_gmt":"2024-09-16T10:41:21","guid":{"rendered":"https:\/\/www.automakers.cz\/?p=7233"},"modified":"2024-09-16T10:41:59","modified_gmt":"2024-09-16T10:41:59","slug":"manazerske-zmeny-u-volkswagenu-a-seatu","status":"publish","type":"post","link":"https:\/\/www.automakers.cz\/?p=7233","title":{"rendered":"Mana\u017eersk\u00e9 zm\u011bny u Volkswagenu a SEATu"},"content":{"rendered":"<p><strong>V \u0159\u00edjnu dojde k person\u00e1ln\u00edm zm\u011bn\u00e1m v p\u0159edstavenstvech zna\u010dek Volkswagen a SEAT . Patrik A. Mayer byl jmenov\u00e1n do funkce \u010dlena p\u0159edstavenstva spole\u010dnosti SEAT S.A. odpov\u011bdn\u00e9ho za finance a IT vykon\u00e1van\u00e9 doposud Davidem Powelsem, kter\u00fd naopak p\u0159eb\u00edr\u00e1 povinnosti Patrika A. Mayera.<\/strong><!--more--><\/p>\n<p>\u201eV t\u00e9to dob\u011b hraje finan\u010dn\u00ed odd\u011blen\u00ed bezpochyby velmi v\u00fdznamnou roli. Patrik Mayer jako finan\u010dn\u00ed \u0159editel zna\u010dky Volkswagen z\u00e1sadn\u00edm zp\u016fsobem p\u0159isp\u011bl ke strukturovan\u00e9mu a \u00fasp\u011b\u0161n\u00e9mu spu\u0161t\u011bn\u00ed programu Performance. Na jeho pr\u00e1ci nav\u00e1\u017ee David Powels. A sou\u010dasn\u011b \u2013 za je\u0161t\u011b t\u011b\u017e\u0161\u00edch podm\u00ednek \u2013 p\u0159inese nov\u00e9 impulzy pro dosa\u017een\u00ed konkurenceschopn\u00fdch n\u00e1klad\u016f a struktur. D\u016fle\u017eit\u00e9 p\u0159itom bude tak\u00e9 co nejd\u016fsledn\u011bj\u0161\u00ed vyu\u017e\u00edv\u00e1n\u00ed synergi\u00ed v r\u00e1mci skupiny zna\u010dek Core,\u201c \u0159\u00edk\u00e1 Thomas Sch\u00e4fer, \u010dlen p\u0159edstavenstva spole\u010dnosti Volkswagen AG odpov\u011bdn\u00fd za skupinu zna\u010dek Core a p\u0159edseda p\u0159edstavenstva zna\u010dky Volkswagen.<\/p>\n<p>\u201eDavid z\u00e1sadn\u00edm zp\u016fsobem p\u0159isp\u011bl k transformaci na\u0161\u00ed spole\u010dnosti a pod\u00edlel se na dosa\u017een\u00ed na\u0161ich dosud nejlep\u0161\u00edch finan\u010dn\u00edch v\u00fdsledk\u016f. Role, kterou sehr\u00e1l v n\u00e1vratu spole\u010dnosti SEAT S.A. k zisku, byla kl\u00ed\u010dem k na\u0161emu r\u016fstu. D\u011bkuji mu za podporu, kterou poskytoval mn\u011b i spole\u010dnosti SEAT S.A. Jsem p\u0159esv\u011bd\u010den o tom, \u017ee i po sv\u00e9m p\u0159\u00edchodu do p\u0159edstavenstva zna\u010dky Volkswagen bude odv\u00e1d\u011bt znamenitou pr\u00e1ci, a po\u010d\u00edt\u00e1me s jeho podporou p\u0159i implementaci strategi\u00ed zna\u010dek SEAT a CUPRA,\u201c \u0159\u00edk\u00e1 Wayne Griffiths, p\u0159edseda p\u0159edstavenstva zna\u010dek SEAT a CUPRA.<\/p>\n<p>\u201eAbychom mohli pokra\u010dovat v na\u0161\u00ed cest\u011b k udr\u017eiteln\u00e9 ziskovosti, je nezbytn\u00e9, abychom m\u011bli zku\u0161en\u00e9 a kvalifikovan\u00e9 vedouc\u00ed pracovn\u00edky, jak\u00fdm je Patrik Mayer. T\u011b\u0161\u00edme se, a\u017e jej budeme moci p\u0159iv\u00edtat u zna\u010dek SEAT a CUPRA,\u201c dod\u00e1v\u00e1 Wayne Griffiths.<\/p>\n<p><strong>Patrik Andreas Mayer<\/strong><\/p>\n<p>Narodil se v roce 1970 v Heilbronnu. Mayer po maturit\u011b v roce 1990 studoval obory stroj\u00edrenstv\u00ed a pr\u016fmyslov\u00e9ho in\u017een\u00fdrstv\u00ed na Technologick\u00e9m institutu v Karlsruhe (KIT), Univerzit\u011b v Coventry a in\u017een\u00fdrsk\u00e9m a v\u00fdzkumn\u00e9m vysoko\u0161kolsk\u00e9m institutu \u00c9cole Nationale Sup\u00e9rieure d\u2018Arts et M\u00e9tiers v Pa\u0159\u00ed\u017ei. Mayer je nav\u00edc dr\u017eitelem titulu Master of Business Administration z Henley Management College ve Velk\u00e9 Brit\u00e1nii.<\/p>\n<p>Svou profesn\u00ed kari\u00e9ru zah\u00e1jil v roce 1997 v koncernu Volkswagen jako mezin\u00e1rodn\u00ed trainee ve Wolfsburgu. V roce 2001 se stal u zna\u010dky Volkswagen vedouc\u00edm odd\u011blen\u00ed controllingu investic.<\/p>\n<p>Pot\u00e9 n\u00e1sledovaly \u010detn\u00e9 vedouc\u00ed pozice v r\u00e1mci koncernu, mimo jin\u00e9 vedouc\u00ed obchodn\u00edho rozvoje, finan\u010dn\u00ed \u0159editel v\u00fdrobn\u00edho z\u00e1vodu Volkswagen Navarra a v\u00fdkonn\u00fd viceprezident pro oblasti financ\u00ed a informa\u010dn\u00edch technologi\u00ed ve spole\u010dnosti Volkswagen Group of America ve m\u011bst\u011b Chattanooga.<\/p>\n<p>V roce 2014 mu byla sv\u011b\u0159ena odpov\u011bdnost za controlling v z\u00e1vod\u011b pro v\u00fdrobu komponent\u016f v Kasselu a v roce 2016 byl ustanoven do funkce \u010dlena p\u0159edstavenstva odpov\u011bdn\u00e9ho za finance ve spole\u010dnosti Volkswagen Group Russia.<\/p>\n<p>Od 1. \u0159\u00edjna 2022 je \u010dlenem p\u0159edstavenstva zna\u010dky Volkswagen s odpov\u011bdnost\u00ed za oblasti financ\u00ed.<\/p>\n<p><strong>David Powels<\/strong> \u00fasp\u011b\u0161n\u011b dokon\u010dil studium oboru obchodn\u00edho podnik\u00e1n\u00ed na Univerzit\u011b Nelsona Mandely v m\u011bst\u011b Port Elizabeth a v Ji\u017en\u00ed Africe z\u00edskal kvalifikaci auditora. Krom\u011b toho absolvoval postgradu\u00e1ln\u00ed studia v oboru Business Development na Univerzit\u011b v Kapsk\u00e9m M\u011bst\u011b.<\/p>\n<p>Powels zah\u00e1jil svou kari\u00e9ru v roce 1989 ve spole\u010dnosti Volkswagen South Africa. Po pracovn\u00edch \u00fakolech v N\u011bmecku a Braz\u00edlii byl v roce 2007 jmenov\u00e1n p\u0159edsedou p\u0159edstavenstva ve spole\u010dnosti Volkswagen Group South Africa. N\u00e1sledn\u011b se stal prezidentem a p\u0159edsedou p\u0159edstavenstva spole\u010dnost\u00ed Volkswagen Brazil a Volkswagen Region South America. Od konce roku 2017 vykon\u00e1val funkce prvn\u00edho viceprezidenta a v\u00fdkonn\u00e9ho viceprezidenta odpov\u011bdn\u00e9ho za oblast prodeje ve spole\u010dnosti SAIC Volkswagen Automotive Co. v \u010c\u00edn\u011b a od 1. z\u00e1\u0159\u00ed 2021 je Powels \u010dlenem p\u0159edstavenstva odpov\u011bdn\u00fdm za finance a IT ve spole\u010dnosti SEAT S.A.<\/p>\n<p><strong>Zdroj: Zorka Ma\u0161kov\u00e1<\/strong><\/p>\n<p><img loading=\"lazy\" decoding=\"async\" class=\"alignnone size-medium wp-image-7235\" src=\"http:\/\/www.automakers.cz\/wp-content\/uploads\/2024\/09\/David-Powels-small-900x600.jpg\" alt=\"\" width=\"900\" height=\"600\" srcset=\"https:\/\/www.automakers.cz\/wp-content\/uploads\/2024\/09\/David-Powels-small-900x600.jpg 900w, https:\/\/www.automakers.cz\/wp-content\/uploads\/2024\/09\/David-Powels-small-1024x683.jpg 1024w, https:\/\/www.automakers.cz\/wp-content\/uploads\/2024\/09\/David-Powels-small-768x512.jpg 768w, https:\/\/www.automakers.cz\/wp-content\/uploads\/2024\/09\/David-Powels-small.jpg 1274w\" sizes=\"auto, (max-width: 900px) 100vw, 900px\" \/><\/p>\n","protected":false},"excerpt":{"rendered":"<p>V \u0159\u00edjnu dojde k person\u00e1ln\u00edm zm\u011bn\u00e1m v p\u0159edstavenstvech zna\u010dek Volkswagen a SEAT . Patrik A&#8230;.<\/p>\n","protected":false},"author":2,"featured_media":7234,"comment_status":"closed","ping_status":"closed","sticky":false,"template":"","format":"standard","meta":{"footnotes":""},"categories":[6,5],"tags":[],"class_list":["post-7233","post","type-post","status-publish","format-standard","has-post-thumbnail","hentry","category-management","category-personalie"],"_links":{"self":[{"href":"https:\/\/www.automakers.cz\/index.php?rest_route=\/wp\/v2\/posts\/7233","targetHints":{"allow":["GET"]}}],"collection":[{"href":"https:\/\/www.automakers.cz\/index.php?rest_route=\/wp\/v2\/posts"}],"about":[{"href":"https:\/\/www.automakers.cz\/index.php?rest_route=\/wp\/v2\/types\/post"}],"author":[{"embeddable":true,"href":"https:\/\/www.automakers.cz\/index.php?rest_route=\/wp\/v2\/users\/2"}],"replies":[{"embeddable":true,"href":"https:\/\/www.automakers.cz\/index.php?rest_route=%2Fwp%2Fv2%2Fcomments&post=7233"}],"version-history":[{"count":4,"href":"https:\/\/www.automakers.cz\/index.php?rest_route=\/wp\/v2\/posts\/7233\/revisions"}],"predecessor-version":[{"id":7289,"href":"https:\/\/www.automakers.cz\/index.php?rest_route=\/wp\/v2\/posts\/7233\/revisions\/7289"}],"wp:featuredmedia":[{"embeddable":true,"href":"https:\/\/www.automakers.cz\/index.php?rest_route=\/wp\/v2\/media\/7234"}],"wp:attachment":[{"href":"https:\/\/www.automakers.cz\/index.php?rest_route=%2Fwp%2Fv2%2Fmedia&parent=7233"}],"wp:term":[{"taxonomy":"category","embeddable":true,"href":"https:\/\/www.automakers.cz\/index.php?rest_route=%2Fwp%2Fv2%2Fcategories&post=7233"},{"taxonomy":"post_tag","embeddable":true,"href":"https:\/\/www.automakers.cz\/index.php?rest_route=%2Fwp%2Fv2%2Ftags&post=7233"}],"curies":[{"name":"wp","href":"https:\/\/api.w.org\/{rel}","templated":true}]}}