{"id":7237,"date":"2024-09-17T08:01:24","date_gmt":"2024-09-17T08:01:24","guid":{"rendered":"https:\/\/www.automakers.cz\/?p=7237"},"modified":"2024-09-17T19:34:49","modified_gmt":"2024-09-17T19:34:49","slug":"v-letnanech-je-k-videni-pres-100-novinek","status":"publish","type":"post","link":"https:\/\/www.automakers.cz\/?p=7237","title":{"rendered":"Drivalia p\u0159edv\u00e1d\u00ed v Let\u0148anech flotilov\u00e9 novinky"},"content":{"rendered":"<p><strong>Drivalia a odborn\u00fd magaz\u00edn Flotila po\u0159\u00e1daj\u00ed nejv\u011bt\u0161\u00ed akci o podnikov\u00fdch autoparc\u00edch u n\u00e1s \u2013 Drivalia EXPO &amp; Flotila roku 2024. Prob\u00edh\u00e1 v \u00fater\u00fd 17. z\u00e1\u0159\u00ed a ve st\u0159edu 18. z\u00e1\u0159\u00ed na V\u00fdstavi\u0161ti Let\u0148any, a to jako sou\u010d\u00e1st veletrhu FOR ARCH, kter\u00fd ka\u017edoro\u010dn\u011b nav\u0161t\u00edv\u00ed des\u00edtky tis\u00edc lid\u00ed.<\/strong><!--more--><\/p>\n<p>Host\u00e9 z \u0159ad odborn\u00e9 i laick\u00e9 ve\u0159ejnosti si m\u016f\u017eou prohl\u00e9dnout aktu\u00e1ln\u00ed nab\u00eddku vozidel des\u00edtek zna\u010dek. Na plo\u0161e p\u0159ed vstupem do are\u00e1lu bude vystavena v\u00edce ne\u017e stovka nejnov\u011bj\u0161\u00edch model\u016f.<\/p>\n<p>\u201eNeomezujeme se jenom na osobn\u00ed vozy, k vid\u011bn\u00ed budou i atraktivn\u00ed z\u00e1stupci kategorie lehk\u00fdch u\u017eitkov\u00fdch vozidel. Jejich prezentaci jsme p\u0159ipravili s \u010dasopisem Transport a Logistika,\u201c \u0159\u00edk\u00e1 Martin Brix, gener\u00e1ln\u00ed \u0159editel spole\u010dnosti Drivalia Lease Czech Republic.<\/p>\n<p>Z novinek sou\u010dasn\u00e9ho trhu se na v\u00fdstavn\u00ed plo\u0161e p\u0159edstavuj\u00ed nap\u0159\u00edklad zcela nov\u00e9 modely Audi Q6 e-tron, Kia EV9, modernizovan\u00e1 \u0160koda Enyaq, Volkswagen ID. Buzz, Ford Bronco, Renault Symbioz a Renault Rafale nebo \u00fapln\u011b nov\u00e1 generace vozu Hyundai Santa Fe.<\/p>\n<p>Prvn\u00ed den setk\u00e1n\u00ed je ur\u010den pozvan\u00fdm z\u00e1stupc\u016fm klient\u016f a dal\u0161\u00edch obchodn\u00edch partner\u016f spole\u010dnosti Drivalia, kte\u0159\u00ed si budou moci vyzkou\u0161et p\u0159istaven\u00e9 osobn\u00ed automobily, sezn\u00e1mit se s vystaven\u00fdmi LUV vozidly, zapojit se do hlasov\u00e1n\u00ed v anket\u011b Flotilov\u00e9 auto roku a vyhr\u00e1t n\u011bkterou se zaj\u00edmav\u00fdch cen.<\/p>\n<p>Druh\u00fd den Drivalia otev\u0159e akci \u0161irok\u00e9 ve\u0159ejnosti. N\u00e1v\u0161t\u011bvn\u00edci si automobily budou moci prohl\u00e9dnout na plo\u0161e p\u0159ed let\u0148ansk\u00fdm v\u00fdstavi\u0161t\u011bm. Vstup je zdarma bez nutnosti zakoupit si vstupenku na veletrh FOR ARCH. Jedn\u00edm z tah\u00e1k\u016f druh\u00e9ho dne bude Cybertruck \u2013 futuristick\u00fd elektromobil automobilky Tesla.<\/p>\n<p>Pr\u00e1v\u011b elektromobilita bude velk\u00fdm t\u00e9matem setk\u00e1n\u00ed. K vid\u011bn\u00ed i je\u017ed\u011bn\u00ed budou dv\u011b des\u00edtky nejnov\u011bj\u0161\u00edch elektrick\u00fdch model\u016f, pro pozvan\u00e9 odborn\u00edky jsou p\u0159ichyst\u00e1ny zaj\u00edmav\u00e9 semin\u00e1\u0159e a workshopy. Dob\u00edjen\u00ed vozidel budou zaji\u0161\u0165ovat rychlonab\u00edje\u010dky.<\/p>\n<p>V r\u00e1mci partnerstv\u00ed s port\u00e1lem fDrive.cz bude na akci zvolen Elektromobil roku vze\u0161l\u00fd z hlasov\u00e1n\u00ed fleet mana\u017eer\u016f i laik\u016f. V\u00edt\u011bz bude vyhl\u00e1\u0161en na st\u00e1nku spole\u010dnosti \u010cEZ na E-Salonu.<\/p>\n<p>\u201eNa\u0161\u00edm c\u00edlem je, aby si p\u0159\u00edchoz\u00ed mohli ud\u011blat ucelen\u00fd obr\u00e1zek o aktu\u00e1ln\u00edch trendech na poli automobilismu i spr\u00e1vy vozov\u00fdch autopark\u016f. Na sv\u00e9 si p\u0159ijdou nejen odborn\u00edci, kte\u0159\u00ed se \u0159\u00edzen\u00edm podnikov\u00fdch flotil zab\u00fdvaj\u00ed profesion\u00e1ln\u011b, ale i b\u011b\u017en\u00ed n\u00e1v\u0161t\u011bvn\u00edci. Svou velikost\u00ed a tematick\u00fdm z\u00e1b\u011brem p\u016fjde skute\u010dn\u011b o ojedin\u011bl\u00fd podnik, kter\u00fd by nem\u011bl vynechat \u017e\u00e1dn\u00fd fanda do aut,\u201c konstatuje Martin Brix.<\/p>\n<p><img loading=\"lazy\" decoding=\"async\" class=\"alignnone wp-image-7239\" src=\"http:\/\/www.automakers.cz\/wp-content\/uploads\/2024\/09\/Drivalia_Expo_Flotila_poster-small-636x900.jpg\" alt=\"\" width=\"992\" height=\"1404\" srcset=\"https:\/\/www.automakers.cz\/wp-content\/uploads\/2024\/09\/Drivalia_Expo_Flotila_poster-small-636x900.jpg 636w, https:\/\/www.automakers.cz\/wp-content\/uploads\/2024\/09\/Drivalia_Expo_Flotila_poster-small-724x1024.jpg 724w, https:\/\/www.automakers.cz\/wp-content\/uploads\/2024\/09\/Drivalia_Expo_Flotila_poster-small-768x1086.jpg 768w, https:\/\/www.automakers.cz\/wp-content\/uploads\/2024\/09\/Drivalia_Expo_Flotila_poster-small-1086x1536.jpg 1086w, https:\/\/www.automakers.cz\/wp-content\/uploads\/2024\/09\/Drivalia_Expo_Flotila_poster-small-1024x1448.jpg 1024w, https:\/\/www.automakers.cz\/wp-content\/uploads\/2024\/09\/Drivalia_Expo_Flotila_poster-small.jpg 1414w\" sizes=\"auto, (max-width: 992px) 100vw, 992px\" \/><\/p>\n","protected":false},"excerpt":{"rendered":"<p>Drivalia a odborn\u00fd magaz\u00edn Flotila po\u0159\u00e1daj\u00ed nejv\u011bt\u0161\u00ed akci o podnikov\u00fdch autoparc\u00edch u n\u00e1s \u2013 Drivalia&#8230;<\/p>\n","protected":false},"author":2,"featured_media":7238,"comment_status":"closed","ping_status":"closed","sticky":false,"template":"","format":"standard","meta":{"footnotes":""},"categories":[26,49],"tags":[],"class_list":["post-7237","post","type-post","status-publish","format-standard","has-post-thumbnail","hentry","category-eventy","category-media"],"_links":{"self":[{"href":"https:\/\/www.automakers.cz\/index.php?rest_route=\/wp\/v2\/posts\/7237","targetHints":{"allow":["GET"]}}],"collection":[{"href":"https:\/\/www.automakers.cz\/index.php?rest_route=\/wp\/v2\/posts"}],"about":[{"href":"https:\/\/www.automakers.cz\/index.php?rest_route=\/wp\/v2\/types\/post"}],"author":[{"embeddable":true,"href":"https:\/\/www.automakers.cz\/index.php?rest_route=\/wp\/v2\/users\/2"}],"replies":[{"embeddable":true,"href":"https:\/\/www.automakers.cz\/index.php?rest_route=%2Fwp%2Fv2%2Fcomments&post=7237"}],"version-history":[{"count":5,"href":"https:\/\/www.automakers.cz\/index.php?rest_route=\/wp\/v2\/posts\/7237\/revisions"}],"predecessor-version":[{"id":7294,"href":"https:\/\/www.automakers.cz\/index.php?rest_route=\/wp\/v2\/posts\/7237\/revisions\/7294"}],"wp:featuredmedia":[{"embeddable":true,"href":"https:\/\/www.automakers.cz\/index.php?rest_route=\/wp\/v2\/media\/7238"}],"wp:attachment":[{"href":"https:\/\/www.automakers.cz\/index.php?rest_route=%2Fwp%2Fv2%2Fmedia&parent=7237"}],"wp:term":[{"taxonomy":"category","embeddable":true,"href":"https:\/\/www.automakers.cz\/index.php?rest_route=%2Fwp%2Fv2%2Fcategories&post=7237"},{"taxonomy":"post_tag","embeddable":true,"href":"https:\/\/www.automakers.cz\/index.php?rest_route=%2Fwp%2Fv2%2Ftags&post=7237"}],"curies":[{"name":"wp","href":"https:\/\/api.w.org\/{rel}","templated":true}]}}