{"id":7245,"date":"2024-09-16T16:59:40","date_gmt":"2024-09-16T16:59:40","guid":{"rendered":"https:\/\/www.automakers.cz\/?p=7245"},"modified":"2024-09-16T16:59:40","modified_gmt":"2024-09-16T16:59:40","slug":"radstromova-sefuje-daimler-truck","status":"publish","type":"post","link":"https:\/\/www.automakers.cz\/?p=7245","title":{"rendered":"R\u00e5dstr\u00f6mov\u00e1 \u0161\u00e9fuje Daimler Truck"},"content":{"rendered":"<p><strong>Dozor\u010d\u00ed rada spole\u010dnosti Daimler Truck Holding AG jmenovala s \u00fa\u010dinnost\u00ed od 1. \u0159\u00edjna 2024 novou gener\u00e1ln\u00ed \u0159editelkou spole\u010dnosti Karin R\u00e5dstr\u00f6movou, kter\u00e1 je v t\u00e9to funkci jmenov\u00e1na do 31. ledna 2029. <\/strong><!--more--><\/p>\n<p>Karin R\u00e5dstr\u00f6movou nahrad\u00ed Martina Dauma, kter\u00fd z\u00e1rove\u0148 odstoup\u00ed z funkce gener\u00e1ln\u00edho \u0159editele a p\u0159iprav\u00ed tak cestu pro dal\u0161\u00ed kapitolu transformace spole\u010dnosti. Martin Daum z\u016fstane \u0159\u00e1dn\u00fdm \u010dlenem p\u0159edstavenstva do 31. prosince 2024, aby podpo\u0159il hladk\u00e9 p\u0159ed\u00e1n\u00ed.<\/p>\n<p>P\u0159edseda dozor\u010d\u00ed rady Daimler Truck Holding AG, Joe Kaeser, d\u011bkuje Martinu Daumovi za vynikaj\u00edc\u00ed \u00fasp\u011bchy a nasazen\u00ed v jeho t\u00e9m\u011b\u0159 \u010dty\u0159i desetilet\u00ed dlouh\u00e9 kari\u00e9\u0159e u Daimleru. \u201eOsobn\u011b i jm\u00e9nem cel\u00e9 dozor\u010d\u00ed rady bych cht\u011bl pod\u011bkovat Martinu Daumovi za jeho nasazen\u00ed a vynikaj\u00edc\u00ed v\u00fdsledky. P\u0159esv\u011bd\u010div\u00fdm zp\u016fsobem vedl p\u0159echod Daimler Truck z konglomer\u00e1tn\u00ed divize na \u00fasp\u011b\u0161nou spole\u010dnost kotovanou na DAX. Provedl ji tedy jedn\u00edm z nejru\u0161n\u011bj\u0161\u00edch obdob\u00ed v ned\u00e1vn\u00e9 historii a byl kl\u00ed\u010dov\u00fdm architektem ekonomick\u00e9ho \u00fasp\u011bchu a mezin\u00e1rodn\u00ed pov\u011bsti Daimler Truck. Jeho oddanost spole\u010dnosti, jej\u00edm z\u00e1kazn\u00edk\u016fm a zam\u011bstnanc\u016fm je pozoruhodn\u00e1. Je to &#8218;trucker&#8216; srdcem i du\u0161\u00ed. Martin Daum p\u0159ed\u00e1v\u00e1 \u00fasp\u011b\u0161nou spole\u010dnost, kter\u00e1 je dob\u0159e p\u0159ipravena na budouc\u00ed v\u00fdzvy.\u201c<\/p>\n<p>Martin Daum odstartoval svou kari\u00e9ru v Daimler-Benz AG v roce 1987 a pod\u00edlel se na utv\u00e1\u0159en\u00ed celosv\u011btov\u00e9ho \u00fasp\u011bchu Daimler Truck. Jako gener\u00e1ln\u00ed \u0159editel spole\u010dnosti Daimler Trucks North America sehr\u00e1l kl\u00ed\u010dovou roli v rozvoji m\u00edstn\u00edho podnik\u00e1n\u00ed. Dnes je Severn\u00ed Amerika jedn\u00edm z hlavn\u00edch trh\u016f Daimler Truck.<\/p>\n<p>Od n\u00e1stupu do funkce \u010dlena p\u0159edstavenstva b\u00fdval\u00e9 spole\u010dnosti Daimler AG pro n\u00e1kladn\u00ed automobily a autobusy v roce 2017 Martin Daum a jeho vedouc\u00ed t\u00fdm v\u00fdrazn\u011b zv\u00fd\u0161ili v\u00fdnosy a z\u00e1rove\u0148 v\u00fdrazn\u011b zv\u00fd\u0161ili mar\u017ee, \u010d\u00edm\u017e poskytuj\u00ed v\u011bt\u0161\u00ed flexibilitu pro budouc\u00ed investice. Pod jeho veden\u00edm se Daimler Truck postavil do \u010dela technologick\u00e9 transformace s bateriov\u00fdm elektrick\u00fdm pohonem a pohonem na b\u00e1zi vod\u00edku.<\/p>\n<p>Jeho n\u00e1stupkyn\u011b Karin R\u00e5dstr\u00f6m nastoupila do p\u0159edstavenstva Daimler Truck v roce 2021 a od t\u00e9 doby je odpov\u011bdn\u00e1 za Mercedes-Benz Trucks. B\u011bhem kr\u00e1tk\u00e9 doby vystudovan\u00e1 in\u017een\u00fdrka \u00fasp\u011b\u0161n\u011b p\u0159etvo\u0159ila ziskovost segmentu a posunula jeho transformaci sm\u011brem k udr\u017eitelnosti. S proz\u00edravost\u00ed a podnikatelsk\u00fdm duchem p\u0159edstavila \u0159adu nov\u00fdch bateriov\u00fdch elektrick\u00fdch vozidel, p\u0159i\u010dem\u017e se spole\u010dn\u011b se sv\u00fdm t\u00fdmem zam\u011b\u0159ila na z\u00e1kazn\u00edky, co\u017e vedlo k lep\u0161\u00ed nab\u00eddce slu\u017eeb a zv\u00fd\u0161en\u00e9 spokojenosti z\u00e1kazn\u00edk\u016f. P\u0159ed n\u00e1stupem do Daimler Truck dohl\u00ed\u017eela na prodej a marketing jako \u010dlenka v\u00fdkonn\u00e9 rady spole\u010dnosti Scania. U sv\u00e9ho b\u00fdval\u00e9ho zam\u011bstnavatele d\u0159\u00edve zast\u00e1vala tak\u00e9 pozici Senior Vice President, Head of Buses &amp; Coaches.<\/p>\n<p>Joe Kaeser, p\u0159edseda dozor\u010d\u00ed rady: \u201eJsme pot\u011b\u0161eni, \u017ee jsme z\u00edskali Karin R\u00e5dstr\u00f6movou s jej\u00edmi mimo\u0159\u00e1dn\u00fdmi znalostmi v oboru a v\u016fd\u010d\u00edmi schopnostmi jako novou gener\u00e1ln\u00ed \u0159editelku spole\u010dnosti Daimler Truck Holding AG. Prok\u00e1zala, \u017ee je schopna \u00fasp\u011b\u0161n\u011b pokro\u010dit v transformaci zna\u010dky p\u0159i proch\u00e1zen\u00ed n\u00e1ro\u010dn\u00fdm extern\u00edm prost\u0159ed\u00edm. Karin R\u00e5dstr\u00f6m, jako skute\u010dn\u00e1 v\u016fd\u010d\u00ed osobnost, p\u0159isp\u011bla k vytvo\u0159en\u00ed nov\u00e9 kultury v\u00fdkonnosti a podpo\u0159e pos\u00edlen\u00ed postaven\u00ed, rozmanitosti a zam\u011b\u0159en\u00ed na z\u00e1kazn\u00edka. Tyto principy jsou z\u00e1sadn\u00ed pro to, aby Daimler Truck \u00fasp\u011b\u0161n\u011b zvl\u00e1dl transformaci mobility a stal se prvn\u00ed volbou na\u0161ich z\u00e1kazn\u00edk\u016f. P\u0159ejeme j\u00ed i jej\u00edmu t\u00fdmu hodn\u011b \u00fasp\u011bch\u016f a moc se t\u011b\u0161\u00edme na pokra\u010dov\u00e1n\u00ed na\u0161\u00ed spolupr\u00e1ce.\u201c<\/p>\n<p>Michael Brecht, m\u00edstop\u0159edseda dozor\u010d\u00ed rady spole\u010dnosti Daimler Truck Holding AG a p\u0159edseda Gener\u00e1ln\u00ed podnikov\u00e9 rady: \u201eJako z\u00e1stupci odbor\u016f jsme v posledn\u00edch letech s Karin Radstr\u00f6m spolupracovali dob\u0159e a s d\u016fv\u011brou. Je pro n\u00e1s d\u016fle\u017eit\u00e9, aby Daimler Truck pod jej\u00edm veden\u00edm z\u016fstal \u00fasp\u011b\u0161nou a perspektivn\u00ed spole\u010dnost\u00ed. Z\u00e1jmy zam\u011bstnanc\u016f a akcion\u00e1\u0159\u016f tak mus\u00ed b\u00fdt br\u00e1ny v \u00favahu stejn\u011b. To je p\u0159edpokladem pro jistou a dobrou pr\u00e1ci. Na\u0161e v\u00fdslovn\u00e9 pod\u011bkov\u00e1n\u00ed a nejv\u011bt\u0161\u00ed respekt pat\u0159\u00ed Martinu Daumovi, kter\u00fd s velkou p\u00e9\u010d\u00ed \u00fasp\u011b\u0161n\u011b rozm\u00edstil podniky Daimler Truck po cel\u00e9m sv\u011bt\u011b. Dos\u00e1hl vynikaj\u00edc\u00edch \u00fasp\u011bch\u016f, vedl Daimler Truck k nez\u00e1vislosti a v\u017edy naslouchal z\u00e1jm\u016fm zam\u011bstnanc\u016f.&#8220;<\/p>\n<p>Karin R\u00e5dstr\u00f6m bude prozat\u00edm odpov\u011bdn\u00e1 za Mercedes-Benz Trucks, dokud nebude rozhodnuto o jej\u00edm n\u00e1stupnictv\u00ed.<\/p>\n<p>V\u00fd\u0161e popsan\u00e1 rozhodnut\u00ed dozor\u010d\u00ed rady se vztahuj\u00ed na spole\u010dnost Daimler Truck Holding AG a ve stejn\u00e9m rozsahu na spole\u010dnost Daimler Truck AG.<\/p>\n<p><img loading=\"lazy\" decoding=\"async\" class=\" wp-image-7249\" src=\"http:\/\/www.automakers.cz\/wp-content\/uploads\/2024\/09\/24DT176_004_lowres-900x661.jpg\" alt=\"\" width=\"959\" height=\"704\" srcset=\"https:\/\/www.automakers.cz\/wp-content\/uploads\/2024\/09\/24DT176_004_lowres-900x661.jpg 900w, https:\/\/www.automakers.cz\/wp-content\/uploads\/2024\/09\/24DT176_004_lowres-768x564.jpg 768w, https:\/\/www.automakers.cz\/wp-content\/uploads\/2024\/09\/24DT176_004_lowres.jpg 1000w\" sizes=\"auto, (max-width: 959px) 100vw, 959px\" \/><\/p>\n","protected":false},"excerpt":{"rendered":"<p>Dozor\u010d\u00ed rada spole\u010dnosti Daimler Truck Holding AG jmenovala s \u00fa\u010dinnost\u00ed od 1. \u0159\u00edjna 2024 novou&#8230;<\/p>\n","protected":false},"author":2,"featured_media":7252,"comment_status":"closed","ping_status":"closed","sticky":false,"template":"","format":"standard","meta":{"footnotes":""},"categories":[6,5],"tags":[],"class_list":["post-7245","post","type-post","status-publish","format-standard","has-post-thumbnail","hentry","category-management","category-personalie"],"_links":{"self":[{"href":"https:\/\/www.automakers.cz\/index.php?rest_route=\/wp\/v2\/posts\/7245","targetHints":{"allow":["GET"]}}],"collection":[{"href":"https:\/\/www.automakers.cz\/index.php?rest_route=\/wp\/v2\/posts"}],"about":[{"href":"https:\/\/www.automakers.cz\/index.php?rest_route=\/wp\/v2\/types\/post"}],"author":[{"embeddable":true,"href":"https:\/\/www.automakers.cz\/index.php?rest_route=\/wp\/v2\/users\/2"}],"replies":[{"embeddable":true,"href":"https:\/\/www.automakers.cz\/index.php?rest_route=%2Fwp%2Fv2%2Fcomments&post=7245"}],"version-history":[{"count":3,"href":"https:\/\/www.automakers.cz\/index.php?rest_route=\/wp\/v2\/posts\/7245\/revisions"}],"predecessor-version":[{"id":7290,"href":"https:\/\/www.automakers.cz\/index.php?rest_route=\/wp\/v2\/posts\/7245\/revisions\/7290"}],"wp:featuredmedia":[{"embeddable":true,"href":"https:\/\/www.automakers.cz\/index.php?rest_route=\/wp\/v2\/media\/7252"}],"wp:attachment":[{"href":"https:\/\/www.automakers.cz\/index.php?rest_route=%2Fwp%2Fv2%2Fmedia&parent=7245"}],"wp:term":[{"taxonomy":"category","embeddable":true,"href":"https:\/\/www.automakers.cz\/index.php?rest_route=%2Fwp%2Fv2%2Fcategories&post=7245"},{"taxonomy":"post_tag","embeddable":true,"href":"https:\/\/www.automakers.cz\/index.php?rest_route=%2Fwp%2Fv2%2Ftags&post=7245"}],"curies":[{"name":"wp","href":"https:\/\/api.w.org\/{rel}","templated":true}]}}