{"id":7257,"date":"2024-09-15T20:05:07","date_gmt":"2024-09-15T20:05:07","guid":{"rendered":"https:\/\/www.automakers.cz\/?p=7257"},"modified":"2024-09-15T20:56:01","modified_gmt":"2024-09-15T20:56:01","slug":"cartec-chysta-dealerstvi-aston-martinu","status":"publish","type":"post","link":"https:\/\/www.automakers.cz\/?p=7257","title":{"rendered":"CarTec chyst\u00e1 dealerstv\u00ed Aston Martinu"},"content":{"rendered":"<p><strong>Majitel CarTec Group Karel Kadlec svolal novin\u00e1\u0159e na britskou ambas\u00e1du v Praze aby slavnostn\u011b uvedl zna\u010dku Aston Martin na \u010desk\u00fd a slovensk\u00fd trh. Dealerstv\u00ed Aston Martin Prague bude spu\u0161t\u011bno za\u010d\u00e1tkem \u010dtvrt\u00e9ho \u010dtvrtlet\u00ed\u00a0 2024 v Praze-Stra\u0161nic\u00edch, \u0161\u00e9fem zna\u010dky je Pavel Kalou\u0161.<br \/>\n<\/strong><!--more--><\/p>\n<p>Vedle prodeje nov\u00fdch voz\u016f nab\u00eddne Aston Martin Prague klient\u016fm v bl\u00edzk\u00e9 budoucnosti rovn\u011b\u017e v\u00fdb\u011br prov\u011b\u0159en\u00fdch pou\u017eit\u00fdch voz\u016f Timeless Approved.<\/p>\n<p>Loni bylo v \u010cR registrov\u00e1no 25 individu\u00e1ln\u011b dovezen\u00fdch Aston Martin\u016f, p\u0159edev\u0161\u00edm z dealerstv\u00ed v bl\u00edzk\u00fdch Dr\u00e1\u017e\u010fanech. CarTec chce ale vozy i n\u00e1hradn\u00ed d\u00edly vozit do Prahy p\u0159\u00edmo z tov\u00e1rny v Anglii.<\/p>\n<p><img loading=\"lazy\" decoding=\"async\" class=\"alignnone size-medium wp-image-7265\" src=\"http:\/\/www.automakers.cz\/wp-content\/uploads\/2024\/09\/Aston-Martin-embassy-900x506.jpg\" alt=\"\" width=\"900\" height=\"506\" srcset=\"https:\/\/www.automakers.cz\/wp-content\/uploads\/2024\/09\/Aston-Martin-embassy-900x506.jpg 900w, https:\/\/www.automakers.cz\/wp-content\/uploads\/2024\/09\/Aston-Martin-embassy-1024x576.jpg 1024w, https:\/\/www.automakers.cz\/wp-content\/uploads\/2024\/09\/Aston-Martin-embassy-768x432.jpg 768w, https:\/\/www.automakers.cz\/wp-content\/uploads\/2024\/09\/Aston-Martin-embassy-1536x864.jpg 1536w, https:\/\/www.automakers.cz\/wp-content\/uploads\/2024\/09\/Aston-Martin-embassy-1280x720.jpg 1280w, https:\/\/www.automakers.cz\/wp-content\/uploads\/2024\/09\/Aston-Martin-embassy.jpg 2040w\" sizes=\"auto, (max-width: 900px) 100vw, 900px\" \/>Z\u00e1kazn\u00edci v regionu si budou moci u\u017e\u00edt v\u00fdb\u011br model\u016f, jako je sportovn\u00ed v\u016fz Vantage, luxusn\u00ed Super Tourer DB12, SUV DBX707 nebo nov\u00fd dvan\u00e1ctiv\u00e1lec Aston Martin ve vlajkov\u00e9 lodi, modelu Vanquish. Tento nov\u00fd vrchol modelov\u00e9 \u0159ady Aston Martin oslavil svou sv\u011btovou premi\u00e9ru v italsk\u00fdch Ben\u00e1tk\u00e1ch 2. z\u00e1\u0159\u00ed.*<\/p>\n<p><strong>V Praze byl glob\u00e1ln\u00ed \u0159editel pro zna\u010dku<\/strong><\/p>\n<p>Marco Mattiacci, glob\u00e1ln\u00ed \u0159editel pro zna\u010dku a obchod spole\u010dnosti Aston Martin, \u0159ekl na pra\u017esk\u00e9m setk\u00e1n\u00ed:<\/p>\n<p>\u201eV roce 2024 nab\u00edz\u00ed Aston Martin sv\u00e9 dosud nejsiln\u011bj\u0161\u00ed portfolio sportovn\u00edch a luxusn\u00edch voz\u016f. Bohat\u00e1 historie z\u00e1vodn\u00edch voz\u016f a p\u0159\u00edtomnost zna\u010dky Aston Martin ve formuli 1 znamen\u00e1, \u017ee ka\u017ed\u00fd z na\u0161ich fantastick\u00fdch nov\u00fdch luxusn\u00edch voz\u016f v sob\u011b nese DNA motorsportu. Z\u00e1jem o vlastnictv\u00ed vozu Aston Martin nebyl nikdy vy\u0161\u0161\u00ed.\u201c<\/p>\n<p><img loading=\"lazy\" decoding=\"async\" class=\"alignnone size-medium wp-image-7264\" src=\"http:\/\/www.automakers.cz\/wp-content\/uploads\/2024\/09\/Aston-Marco-Mattiacci-900x506.jpg\" alt=\"\" width=\"900\" height=\"506\" srcset=\"https:\/\/www.automakers.cz\/wp-content\/uploads\/2024\/09\/Aston-Marco-Mattiacci-900x506.jpg 900w, https:\/\/www.automakers.cz\/wp-content\/uploads\/2024\/09\/Aston-Marco-Mattiacci-1024x576.jpg 1024w, https:\/\/www.automakers.cz\/wp-content\/uploads\/2024\/09\/Aston-Marco-Mattiacci-768x432.jpg 768w, https:\/\/www.automakers.cz\/wp-content\/uploads\/2024\/09\/Aston-Marco-Mattiacci-1536x864.jpg 1536w, https:\/\/www.automakers.cz\/wp-content\/uploads\/2024\/09\/Aston-Marco-Mattiacci-1280x720.jpg 1280w, https:\/\/www.automakers.cz\/wp-content\/uploads\/2024\/09\/Aston-Marco-Mattiacci.jpg 2040w\" sizes=\"auto, (max-width: 900px) 100vw, 900px\" \/>\u201eProdejn\u00ed s\u00ed\u0165 Aston Martin roste po cel\u00e9m sv\u011bt\u011b a nyn\u00ed nastal ide\u00e1ln\u00ed okam\u017eik pro roz\u0161\u00ed\u0159en\u00ed p\u0159\u00edtomnosti v Evrop\u011b otev\u0159en\u00edm pobo\u010dky Aston Martin Prague. Klient\u016fm v \u010cesk\u00e9 republice a\u00a0na Slovensku nab\u00eddne t\u00fdm spole\u010dnosti CarTec Group prvot\u0159\u00eddn\u00ed prodejn\u00ed, servisn\u00ed i\u00a0poprodejn\u00ed p\u00e9\u010di a jsem r\u00e1d, \u017ee m\u016f\u017eeme p\u0159iv\u00edtat tak siln\u00e9ho partnera,\u201c dod\u00e1v\u00e1 Mattiacci.<\/p>\n<p><strong>Kadlec p\u0159id\u00e1v\u00e1 po Rollsu dal\u0161\u00ed britskou klasiku<\/strong><\/p>\n<p>Karel Kadlec, majitel a p\u0159edseda p\u0159edstavenstva spole\u010dnosti CarTec Group, uvedl: \u201eJsem hrd\u00fd a z\u00e1rove\u0148 poct\u011bn, \u017ee si Aston Martin vybral CarTec Group jako sv\u00e9ho v\u00fdhradn\u00edho z\u00e1stupce v \u010cesk\u00e9 republice a na Slovensku. Zna\u010dka Aston Martin, jej\u00ed vize a modelov\u00e1 nab\u00eddka c\u00edl\u00ed na n\u00e1ro\u010dn\u00e9 klienty, kter\u00e9 v Aston Martin Prague chceme oslovit.\u201c<\/p>\n<p>\u201eP\u0159id\u00e1n\u00ed zna\u010dky Aston Martin do portfolia luxusn\u00edch v\u00fdrobc\u016f, kter\u00e9 v sou\u010dasnosti zastupujeme, posiluje strategickou pozici spole\u010dnosti CarTec jako p\u0159edn\u00edho dovozce a\u00a0prodejce luxusn\u00edch voz\u016f v regionu.\u201c<\/p>\n<p><strong>\u0160\u00e9fem zna\u010dky je Pavel Kalou\u0161<\/strong><\/p>\n<p>Zcela nov\u00fd showroom Aston Martin Prague a nejmodern\u011bj\u0161\u00ed servisn\u00ed za\u0159\u00edzen\u00ed m\u00e1 b\u00fdt pln\u011b k\u00a0dispozici v pr\u016fb\u011bhu prvn\u00edho \u010dtvrtlet\u00ed roku 2025.<\/p>\n<p><img loading=\"lazy\" decoding=\"async\" class=\"alignnone size-medium wp-image-7261\" src=\"http:\/\/www.automakers.cz\/wp-content\/uploads\/2024\/09\/Aston-Martin-Kalous-900x506.jpg\" alt=\"\" width=\"900\" height=\"506\" srcset=\"https:\/\/www.automakers.cz\/wp-content\/uploads\/2024\/09\/Aston-Martin-Kalous-900x506.jpg 900w, https:\/\/www.automakers.cz\/wp-content\/uploads\/2024\/09\/Aston-Martin-Kalous-1024x576.jpg 1024w, https:\/\/www.automakers.cz\/wp-content\/uploads\/2024\/09\/Aston-Martin-Kalous-768x432.jpg 768w, https:\/\/www.automakers.cz\/wp-content\/uploads\/2024\/09\/Aston-Martin-Kalous-1536x864.jpg 1536w, https:\/\/www.automakers.cz\/wp-content\/uploads\/2024\/09\/Aston-Martin-Kalous-1280x720.jpg 1280w, https:\/\/www.automakers.cz\/wp-content\/uploads\/2024\/09\/Aston-Martin-Kalous.jpg 2040w\" sizes=\"auto, (max-width: 900px) 100vw, 900px\" \/>Veden\u00ed Aston Martin Prague a p\u00e9\u010di o klienty m\u00e1 na starosti Pavel Kalou\u0161, brand manager s rozs\u00e1hl\u00fdmi zku\u0161enostmi v oblasti prodeje luxusn\u00edch voz\u016f.<\/p>\n<p><strong>Bondovsk\u00fd v\u016fz uvedl na trh britsk\u00fd velvyslanec<\/strong><\/p>\n<p>Matt Field, britsk\u00fd velvyslanec v\u00a0\u010cesk\u00e9 republice, b\u011bhem slavnostn\u00edho p\u0159edstaven\u00ed pro m\u00e9dia \u0159ekl: \u201eJe n\u00e1m velk\u00fdm pot\u011b\u0161en\u00edm p\u0159iv\u00edtat v \u010cesk\u00e9 republice Aston Martin, jednu z\u00a0nejpresti\u017en\u011bj\u0161\u00edch britsk\u00fdch zna\u010dek. \u010cesk\u00e1 republika a Spojen\u00e9 kr\u00e1lovstv\u00ed jsou dlouhodob\u011b p\u0159irozen\u00fdmi spojenci s vynikaj\u00edc\u00edmi vztahy. Je skv\u011bl\u00e9 vid\u011bt, \u017ee tak ikonick\u00e1 zna\u010dka, jako je Aston Martin, zakl\u00e1d\u00e1 ofici\u00e1ln\u00ed zastoupen\u00ed v \u010cesk\u00e9 republice a t\u011bsn\u011b spolupracuje s m\u00edstn\u00ed specializovanou prodejn\u00ed spole\u010dnost\u00ed.\u201c<\/p>\n<p><img loading=\"lazy\" decoding=\"async\" class=\"alignnone size-medium wp-image-7263\" src=\"http:\/\/www.automakers.cz\/wp-content\/uploads\/2024\/09\/Aston-britsky-velvyslanec-900x506.jpg\" alt=\"\" width=\"900\" height=\"506\" srcset=\"https:\/\/www.automakers.cz\/wp-content\/uploads\/2024\/09\/Aston-britsky-velvyslanec-900x506.jpg 900w, https:\/\/www.automakers.cz\/wp-content\/uploads\/2024\/09\/Aston-britsky-velvyslanec-1024x576.jpg 1024w, https:\/\/www.automakers.cz\/wp-content\/uploads\/2024\/09\/Aston-britsky-velvyslanec-768x432.jpg 768w, https:\/\/www.automakers.cz\/wp-content\/uploads\/2024\/09\/Aston-britsky-velvyslanec-1536x864.jpg 1536w, https:\/\/www.automakers.cz\/wp-content\/uploads\/2024\/09\/Aston-britsky-velvyslanec-1280x720.jpg 1280w, https:\/\/www.automakers.cz\/wp-content\/uploads\/2024\/09\/Aston-britsky-velvyslanec.jpg 2040w\" sizes=\"auto, (max-width: 900px) 100vw, 900px\" \/>Zah\u00e1jen\u00ed \u010dinnosti spole\u010dnosti Aston Martin Prague n\u00e1sleduje po ned\u00e1vn\u00e9m ozn\u00e1men\u00ed nov\u00fdch prodejc\u016f a prodejn\u00edch partner\u016f v N\u011bmecku. Ve v\u00edce ne\u017e 20 zem\u00edch kontinent\u00e1ln\u00ed Evropy nyn\u00ed existuje 42 ofici\u00e1ln\u00edch dealerstv\u00ed, kter\u00e1 slou\u017e\u00ed st\u00e1vaj\u00edc\u00edm i potenci\u00e1ln\u00edm z\u00e1kazn\u00edk\u016fm v\u011bhlasn\u00e9ho britsk\u00e9ho v\u00fdrobce luxusn\u00edch automobil\u016f.<\/p>\n<p><strong>Erich Handl, Mal\u00e1 Strana<\/strong><\/p>\n<p><img loading=\"lazy\" decoding=\"async\" class=\"alignnone size-medium wp-image-7269\" src=\"http:\/\/www.automakers.cz\/wp-content\/uploads\/2024\/09\/Aston-Martin-kolaz-900x900.jpg\" alt=\"\" width=\"900\" height=\"900\" srcset=\"https:\/\/www.automakers.cz\/wp-content\/uploads\/2024\/09\/Aston-Martin-kolaz-900x900.jpg 900w, https:\/\/www.automakers.cz\/wp-content\/uploads\/2024\/09\/Aston-Martin-kolaz-1024x1024.jpg 1024w, https:\/\/www.automakers.cz\/wp-content\/uploads\/2024\/09\/Aston-Martin-kolaz-768x768.jpg 768w, https:\/\/www.automakers.cz\/wp-content\/uploads\/2024\/09\/Aston-Martin-kolaz.jpg 1080w\" sizes=\"auto, (max-width: 900px) 100vw, 900px\" \/><\/p>\n","protected":false},"excerpt":{"rendered":"<p>Majitel CarTec Group Karel Kadlec svolal novin\u00e1\u0159e na britskou ambas\u00e1du v Praze aby slavnostn\u011b uvedl&#8230;<\/p>\n","protected":false},"author":1,"featured_media":7259,"comment_status":"closed","ping_status":"closed","sticky":false,"template":"","format":"standard","meta":{"footnotes":""},"categories":[17,31,20],"tags":[],"class_list":["post-7257","post","type-post","status-publish","format-standard","has-post-thumbnail","hentry","category-dealeri","category-news","category-tiskovky"],"_links":{"self":[{"href":"https:\/\/www.automakers.cz\/index.php?rest_route=\/wp\/v2\/posts\/7257","targetHints":{"allow":["GET"]}}],"collection":[{"href":"https:\/\/www.automakers.cz\/index.php?rest_route=\/wp\/v2\/posts"}],"about":[{"href":"https:\/\/www.automakers.cz\/index.php?rest_route=\/wp\/v2\/types\/post"}],"author":[{"embeddable":true,"href":"https:\/\/www.automakers.cz\/index.php?rest_route=\/wp\/v2\/users\/1"}],"replies":[{"embeddable":true,"href":"https:\/\/www.automakers.cz\/index.php?rest_route=%2Fwp%2Fv2%2Fcomments&post=7257"}],"version-history":[{"count":9,"href":"https:\/\/www.automakers.cz\/index.php?rest_route=\/wp\/v2\/posts\/7257\/revisions"}],"predecessor-version":[{"id":7273,"href":"https:\/\/www.automakers.cz\/index.php?rest_route=\/wp\/v2\/posts\/7257\/revisions\/7273"}],"wp:featuredmedia":[{"embeddable":true,"href":"https:\/\/www.automakers.cz\/index.php?rest_route=\/wp\/v2\/media\/7259"}],"wp:attachment":[{"href":"https:\/\/www.automakers.cz\/index.php?rest_route=%2Fwp%2Fv2%2Fmedia&parent=7257"}],"wp:term":[{"taxonomy":"category","embeddable":true,"href":"https:\/\/www.automakers.cz\/index.php?rest_route=%2Fwp%2Fv2%2Fcategories&post=7257"},{"taxonomy":"post_tag","embeddable":true,"href":"https:\/\/www.automakers.cz\/index.php?rest_route=%2Fwp%2Fv2%2Ftags&post=7257"}],"curies":[{"name":"wp","href":"https:\/\/api.w.org\/{rel}","templated":true}]}}