{"id":7295,"date":"2024-09-17T19:21:31","date_gmt":"2024-09-17T19:21:31","guid":{"rendered":"https:\/\/www.automakers.cz\/?p=7295"},"modified":"2024-09-19T08:56:25","modified_gmt":"2024-09-19T08:56:25","slug":"konference-skoda-green-energy-hodnotila-snizovani-uhlikove-stopy","status":"publish","type":"post","link":"https:\/\/www.automakers.cz\/?p=7295","title":{"rendered":"\u0160koda hostila konferenci Green Energy (Video)"},"content":{"rendered":"<p><strong>\u0160koda Auto uspo\u0159\u00e1dala 17. z\u00e1\u0159\u00ed medi\u00e1ln\u00ed konferenci Green Energy, na n\u00ed\u017e p\u0159edstavila \u0159adu projekt\u016f zam\u011b\u0159en\u00fdch na sn\u00ed\u017een\u00ed uhl\u00edkov\u00e9 stopy ve v\u00fdrob\u011b, prodeji, provozu a servisu voz\u016f. O ekologick\u00e9 politice firmy a jej\u00edch dodavatel\u016f hovo\u0159ili \u010dlen p\u0159edstavenstva Karsten Schnake, \u0161\u00e9f importu zna\u010dky Ji\u0159\u00ed Mal\u00e1\u010dek nebo \u0159editel \u010cEZ Esco Kamil \u010cerm\u00e1k.<br \/>\n<\/strong><!--more--><\/p>\n<p>Komplexn\u00ed opat\u0159en\u00ed pro zaji\u0161t\u011bn\u00ed udr\u017eiteln\u00e9ho rozvoje zahrnuj\u00ed i t\u011bsnou spolupr\u00e1ci s energetick\u00fdmi spole\u010dnostmi. Jedn\u00edm z hlavn\u00edch c\u00edl\u016f je dos\u00e1hnout do roku 2030 uhl\u00edkov\u011b neutr\u00e1ln\u00ed v\u00fdroby ve v\u0161ech z\u00e1vodech v \u010cesk\u00e9 republice. Sni\u017eov\u00e1n\u00ed dopad\u016f na \u017eivotn\u00ed prost\u0159ed\u00ed se ale t\u00fdk\u00e1 i nov\u00e9ho nakl\u00e1d\u00e1n\u00ed s materi\u00e1ly, recyklace, elektromobility \u010di prodejn\u00ed s\u00edt\u011b.<\/p>\n<p><strong> Dodavatelsk\u00fd \u0159et\u011bzec a p\u0159echod na \u010distou energii<\/strong><br \/>\n\u0160koda Auto klade d\u016fraz na trvale udr\u017eiteln\u00fd rozvoj v cel\u00e9m hodnotov\u00e9m \u0159et\u011bzci, a to se t\u00fdk\u00e1 odpov\u011bdn\u00e9ho z\u00edsk\u00e1v\u00e1n\u00ed zdroj\u016f i preference ekologick\u00fdch \u0159e\u0161en\u00ed ve spolupr\u00e1ci se v\u0161emi partnery, od t\u011bch zam\u011b\u0159en\u00fdch na suroviny \u010di komponenty a\u017e po dodavatele energi\u00ed.<\/p>\n<p><img loading=\"lazy\" decoding=\"async\" class=\"alignnone size-medium wp-image-7302\" src=\"http:\/\/www.automakers.cz\/wp-content\/uploads\/2024\/09\/Skoda-strecha-novinari-Rybecky-Zidek-900x506.jpg\" alt=\"\" width=\"900\" height=\"506\" srcset=\"https:\/\/www.automakers.cz\/wp-content\/uploads\/2024\/09\/Skoda-strecha-novinari-Rybecky-Zidek-900x506.jpg 900w, https:\/\/www.automakers.cz\/wp-content\/uploads\/2024\/09\/Skoda-strecha-novinari-Rybecky-Zidek-1024x576.jpg 1024w, https:\/\/www.automakers.cz\/wp-content\/uploads\/2024\/09\/Skoda-strecha-novinari-Rybecky-Zidek-768x432.jpg 768w, https:\/\/www.automakers.cz\/wp-content\/uploads\/2024\/09\/Skoda-strecha-novinari-Rybecky-Zidek-1536x864.jpg 1536w, https:\/\/www.automakers.cz\/wp-content\/uploads\/2024\/09\/Skoda-strecha-novinari-Rybecky-Zidek-1280x720.jpg 1280w, https:\/\/www.automakers.cz\/wp-content\/uploads\/2024\/09\/Skoda-strecha-novinari-Rybecky-Zidek.jpg 2040w\" sizes=\"auto, (max-width: 900px) 100vw, 900px\" \/><strong>Novin\u00e1\u0159sk\u00e1 exkurze do tepl\u00e1rny a na st\u0159e\u0161n\u00ed fotovoltaiku<\/strong><\/p>\n<p>\u0160koda Auto ve spolupr\u00e1ci se spole\u010dnost\u00ed \u010cEZ ESCO vybudovala rozs\u00e1hl\u00e9 fotovoltaick\u00e9 elektr\u00e1rny. Jejich celkov\u00fd instalovan\u00fd v\u00fdkon \u010din\u00ed p\u0159es 2,1 MWp s plochou st\u0159echy p\u0159es 10 tis\u00edc m2 a ve\u0161ker\u00e9 n\u00e1klady nese \u010cEZ ESCO. \u0160koda Auto plat\u00ed jen za spot\u0159ebovanou elekt\u0159inu. Fotovoltaika na st\u0159e\u0161e \u0160koda Parts (U51) o v\u00fdkonu tak\u0159ka 1,2 MW byla ve sv\u00e9<br \/>\ndob\u011b jedna z nejv\u011bt\u0161\u00edch st\u0159e\u0161n\u00edch elektr\u00e1ren v \u010cR.<\/p>\n<p><img loading=\"lazy\" decoding=\"async\" class=\"alignnone size-medium wp-image-7309\" src=\"http:\/\/www.automakers.cz\/wp-content\/uploads\/2024\/09\/SKO-ENERGO-infografika-900x633.png\" alt=\"\" width=\"900\" height=\"633\" srcset=\"https:\/\/www.automakers.cz\/wp-content\/uploads\/2024\/09\/SKO-ENERGO-infografika-900x633.png 900w, https:\/\/www.automakers.cz\/wp-content\/uploads\/2024\/09\/SKO-ENERGO-infografika-768x540.png 768w, https:\/\/www.automakers.cz\/wp-content\/uploads\/2024\/09\/SKO-ENERGO-infografika.png 953w\" sizes=\"auto, (max-width: 900px) 100vw, 900px\" \/>Spole\u010dnost \u0160KO-ENERGO, kter\u00e1 zaji\u0161\u0165uje energie pro automobilku \u0160koda Auto i m\u011bsto Mlad\u00e1 Boleslav a jej\u00edmi\u017e pod\u00edln\u00edky jsou krom\u011b \u0160koda Auto i spole\u010dnosti \u010cEZ, E.ON a VW Kraftwerk, v\u00fdznamn\u011b p\u0159isp\u00edv\u00e1 k dosa\u017een\u00ed uhl\u00edkov\u00e9 neutrality \u010desk\u00e9 automobilky.<\/p>\n<p><img loading=\"lazy\" decoding=\"async\" class=\"alignnone size-medium wp-image-7311\" src=\"http:\/\/www.automakers.cz\/wp-content\/uploads\/2024\/09\/Skoda-Energo-kotel-exkurze-900x506.jpg\" alt=\"\" width=\"900\" height=\"506\" srcset=\"https:\/\/www.automakers.cz\/wp-content\/uploads\/2024\/09\/Skoda-Energo-kotel-exkurze-900x506.jpg 900w, https:\/\/www.automakers.cz\/wp-content\/uploads\/2024\/09\/Skoda-Energo-kotel-exkurze-1024x576.jpg 1024w, https:\/\/www.automakers.cz\/wp-content\/uploads\/2024\/09\/Skoda-Energo-kotel-exkurze-768x432.jpg 768w, https:\/\/www.automakers.cz\/wp-content\/uploads\/2024\/09\/Skoda-Energo-kotel-exkurze-1536x864.jpg 1536w, https:\/\/www.automakers.cz\/wp-content\/uploads\/2024\/09\/Skoda-Energo-kotel-exkurze-1280x720.jpg 1280w, https:\/\/www.automakers.cz\/wp-content\/uploads\/2024\/09\/Skoda-Energo-kotel-exkurze.jpg 2040w\" sizes=\"auto, (max-width: 900px) 100vw, 900px\" \/>Z\u00e1sadn\u00ed je v tomto sm\u011bru prob\u00edhaj\u00edc\u00ed modernizace tepl\u00e1rny v Mlad\u00e9 Boleslavi na 100% vyu\u017eit\u00ed biomasy, kter\u00e1 by m\u011bla b\u00fdt dokon\u010dena do konce roku 2027, n\u00e1hrada zemn\u00edho plynu biometanem a zapojen\u00ed obnoviteln\u00fdch zdroj\u016f energie v\u010detn\u011b v\u011btrn\u00e9ho parku v Mel\u010di, kter\u00fd ro\u010dn\u011b vyrob\u00ed p\u0159es 26 GWh energie a funguje od za\u010d\u00e1tku roku 2024.<\/p>\n<p><img loading=\"lazy\" decoding=\"async\" class=\"alignnone size-medium wp-image-7303\" src=\"http:\/\/www.automakers.cz\/wp-content\/uploads\/2024\/09\/Skoda-baterie-Dusil-novinari-900x506.jpg\" alt=\"\" width=\"900\" height=\"506\" srcset=\"https:\/\/www.automakers.cz\/wp-content\/uploads\/2024\/09\/Skoda-baterie-Dusil-novinari-900x506.jpg 900w, https:\/\/www.automakers.cz\/wp-content\/uploads\/2024\/09\/Skoda-baterie-Dusil-novinari-1024x576.jpg 1024w, https:\/\/www.automakers.cz\/wp-content\/uploads\/2024\/09\/Skoda-baterie-Dusil-novinari-768x432.jpg 768w, https:\/\/www.automakers.cz\/wp-content\/uploads\/2024\/09\/Skoda-baterie-Dusil-novinari-1536x864.jpg 1536w, https:\/\/www.automakers.cz\/wp-content\/uploads\/2024\/09\/Skoda-baterie-Dusil-novinari-1280x720.jpg 1280w, https:\/\/www.automakers.cz\/wp-content\/uploads\/2024\/09\/Skoda-baterie-Dusil-novinari.jpg 2040w\" sizes=\"auto, (max-width: 900px) 100vw, 900px\" \/><strong>V\u00fdroba bateri\u00ed do elektromobil\u016f pro cel\u00fd koncern<\/strong><\/p>\n<p>V roce 2023 automobilka roz\u0161\u00ed\u0159ila v\u00fdrobu bateri\u00ed pro pln\u011b elektrick\u00e9 vozy na platform\u011b MEB a sou\u010dasn\u00e1 kapacita \u010din\u00ed 1500 trak\u010dn\u00edch akumul\u00e1tor\u016f pro \u010dist\u011b elektrick\u00e9 vozy. T\u00edm se z\u00e1vod v Mlad\u00e9 Boleslavi stal jedn\u00edm z nejv\u011bt\u0161\u00edch v\u00fdrobc\u016f t\u011bchto komponent v cel\u00e9m koncernu Volkswagen. Dod\u00e1v\u00e1 baterie nejen pro model Enyaq, ale tak\u00e9 pro vozy ostatn\u00edch koncernov\u00fdch zna\u010dek.<\/p>\n<p><img loading=\"lazy\" decoding=\"async\" class=\"alignnone size-medium wp-image-7314\" src=\"http:\/\/www.automakers.cz\/wp-content\/uploads\/2024\/09\/Bateriovy-skener-tomograf-Skoda-900x600.jpg\" alt=\"\" width=\"900\" height=\"600\" \/>V \u010dervnu tohoto roku \u0160koda Auto spustila provoz unik\u00e1tn\u00edho tomografick\u00e9ho centra pro anal\u00fdzu vysokonap\u011b\u0165ov\u00fdch bateri\u00ed, kter\u00e9 posouv\u00e1 celkovou kvalitu a spolehlivost bateri\u00ed pro elektromobily na novou \u00farove\u0148. Pracovi\u0161t\u011b je schopn\u00e9 pomoc\u00ed tomografu bez nutnosti mechanick\u00e9ho proniknut\u00ed dovnit\u0159 baterie zobrazit jej\u00ed vnit\u0159n\u00ed strukturu ve velmi vysok\u00e9m rozli\u0161en\u00ed.<br \/>\nNov\u00e9 materi\u00e1ly v\u010detn\u011b p\u0159\u00edrodn\u00edch surovin.<\/p>\n<p>V oblasti v\u00fdroby, pou\u017e\u00edv\u00e1n\u00ed voz\u016f, jejich oprav a recyklace budou st\u00e1le v\u011bt\u0161\u00ed roli hr\u00e1t udr\u017eiteln\u00e9 materi\u00e1ly: takov\u00e9, jejich\u017e v\u00fdroba nestoj\u00ed mnoho energie, kter\u00e9 se snadno recykluj\u00ed, ale i obnoviteln\u00e9, p\u0159\u00edrodn\u00ed a recyklovan\u00e9 suroviny.<\/p>\n<p>Ji\u017e dnes je 85 % hmotnosti automobil\u016f \u0160koda recyklovateln\u00fdch a nap\u0159\u00edklad nov\u00e1 \u0160koda Octavia pou\u017e\u00edv\u00e1 recyklovan\u00e9 l\u00e1tky v interi\u00e9rech Lodge a Sportline nebo ekologicky zpracovanou k\u016f\u017ei v interi\u00e9ru Suite, k jej\u00edmu\u017e vy\u010din\u011bn\u00ed se pou\u017e\u00edvaj\u00ed udr\u017eiteln\u00e9 materi\u00e1ly, v\u010detn\u011b slupek z k\u00e1vov\u00fdch zrn.<\/p>\n<p><strong>K\u00e1vov\u00e9 slupky do autopotah\u016f<\/strong><\/p>\n<p>Netradi\u010dn\u00ed vyu\u017eit\u00ed k\u00e1vy je p\u0159\u00edkladem inovativn\u00edho projektu, kter\u00fd spojuje \u0159adu \u010dinnost\u00ed do uzav\u0159en\u00e9 smy\u010dky v souladu s principy ob\u011bhov\u00e9ho hospod\u00e1\u0159stv\u00ed. \u0160koda Auto dod\u00e1v\u00e1 do sv\u00fdch provoz\u016f vlastn\u00ed k\u00e1vu z\u00edskanou podle z\u00e1sad Rainforest Alliance. Slupky z k\u00e1vov\u00fdch plod\u016f, kter\u00e9 by se jinak zlikvidovaly jako odpad, se n\u00e1sledn\u011b pou\u017eij\u00ed k udr\u017eiteln\u00e9mu<br \/>\nzpracov\u00e1n\u00ed ko\u017een\u00fdch potah\u016f.<\/p>\n<p><strong>Mal\u00e1\u010dek hodnotil rozvoj nab\u00edjec\u00ed s\u00edt\u011b<\/strong><\/p>\n<p>Nab\u00edjec\u00ed infrastruktura roste, dealer\u016fm pom\u00e1haj\u00ed stacion\u00e1rn\u00ed \u00falo\u017ei\u0161t\u011b Odbyt pln\u011b elektrick\u00fdch a plug-in hybridn\u00edch voz\u016f v \u010cesk\u00e9 republice zvolna nar\u016fst\u00e1 i d\u00edky podpo\u0159e Vl\u00e1dy \u010cR, narozd\u00edl od z\u00e1padn\u00ed Evropy, kde je popt\u00e1vka na sestupn\u00e9 k\u0159ivce.<\/p>\n<p><img loading=\"lazy\" decoding=\"async\" class=\"alignnone size-medium wp-image-7304\" src=\"http:\/\/www.automakers.cz\/wp-content\/uploads\/2024\/09\/Skoda-Green-Energy-Malacek-900x506.jpg\" alt=\"\" width=\"900\" height=\"506\" srcset=\"https:\/\/www.automakers.cz\/wp-content\/uploads\/2024\/09\/Skoda-Green-Energy-Malacek-900x506.jpg 900w, https:\/\/www.automakers.cz\/wp-content\/uploads\/2024\/09\/Skoda-Green-Energy-Malacek-1024x576.jpg 1024w, https:\/\/www.automakers.cz\/wp-content\/uploads\/2024\/09\/Skoda-Green-Energy-Malacek-768x432.jpg 768w, https:\/\/www.automakers.cz\/wp-content\/uploads\/2024\/09\/Skoda-Green-Energy-Malacek-1536x864.jpg 1536w, https:\/\/www.automakers.cz\/wp-content\/uploads\/2024\/09\/Skoda-Green-Energy-Malacek-1280x720.jpg 1280w, https:\/\/www.automakers.cz\/wp-content\/uploads\/2024\/09\/Skoda-Green-Energy-Malacek.jpg 2040w\" sizes=\"auto, (max-width: 900px) 100vw, 900px\" \/>Rychlej\u0161\u00edm rozvojem ov\u0161em proch\u00e1z\u00ed s\u00ed\u0165 dob\u00edjec\u00edch stanic, co\u017e p\u0159isp\u00edv\u00e1 k dostate\u010dn\u00e9 hustot\u011b ve vztahu k po\u010dtu elektromobil\u016f. C\u00edlem ned\u00e1vno schv\u00e1len\u00e9 aktualizace N\u00e1rodn\u00edho ak\u010dn\u00edho pl\u00e1nu \u010dist\u00e9 mobility, na kter\u00e9m se \u0160koda Auto aktivn\u011b pod\u00edlela a spolupracovala s ve\u0159ejn\u00fdm, soukrom\u00fdm i akademick\u00fdm sektorem, je do roku 2030 zajistit 20 800 dob\u00edjec\u00edch bod\u016f (z toho 2 250 nad 50 kW).<\/p>\n<p>\u0160koda Auto ve spolupr\u00e1ci s dodavateli, jako je \u010cEZ ESCO, vybavila tak\u00e9 n\u011bkolik des\u00edtek dealerstv\u00ed po cel\u00e9 \u010cR dob\u00edjec\u00edmi wallboxy pro dob\u00edjen\u00ed elektrick\u00fdch voz\u016f z\u00e1kazn\u00edk\u016f a partner\u016f. Ob\u011b firmy se spole\u010dn\u011b zab\u00fdvaj\u00ed rovn\u011b\u017e t\u00e9matem dal\u0161\u00edho vyu\u017eit\u00ed bateri\u00ed z elektroaut ve velk\u00fdch stacion\u00e1rn\u00edch \u00falo\u017ei\u0161t\u00edch.<\/p>\n<p><strong>Erich Handl, Laurina a Klement Campus, Mlad\u00e1 Boleslav, VIDEO: Lud\u011bk Kortus<br \/>\n<\/strong><\/p>\n<p><iframe loading=\"lazy\"  id=\"_ytid_79223\"  width=\"640\" height=\"360\"  data-origwidth=\"640\" data-origheight=\"360\" src=\"https:\/\/www.youtube.com\/embed\/caNoImwEeYE?enablejsapi=1&#038;autoplay=0&#038;cc_load_policy=0&#038;cc_lang_pref=&#038;iv_load_policy=1&#038;loop=0&#038;modestbranding=0&#038;rel=1&#038;fs=1&#038;playsinline=0&#038;autohide=2&#038;theme=dark&#038;color=red&#038;controls=1&#038;\" class=\"__youtube_prefs__  epyt-is-override  no-lazyload\" title=\"YouTube player\"  allow=\"accelerometer; autoplay; clipboard-write; encrypted-media; gyroscope; picture-in-picture\" allowfullscreen data-no-lazy=\"1\" data-skipgform_ajax_framebjll=\"\"><\/iframe><\/p>\n","protected":false},"excerpt":{"rendered":"<p>\u0160koda Auto uspo\u0159\u00e1dala 17. z\u00e1\u0159\u00ed medi\u00e1ln\u00ed konferenci Green Energy, na n\u00ed\u017e p\u0159edstavila \u0159adu projekt\u016f zam\u011b\u0159en\u00fdch&#8230;<\/p>\n","protected":false},"author":1,"featured_media":7300,"comment_status":"closed","ping_status":"closed","sticky":false,"template":"","format":"standard","meta":{"footnotes":""},"categories":[41,22,66],"tags":[],"class_list":["post-7295","post","type-post","status-publish","format-standard","has-post-thumbnail","hentry","category-ekologie","category-konference","category-video"],"_links":{"self":[{"href":"https:\/\/www.automakers.cz\/index.php?rest_route=\/wp\/v2\/posts\/7295","targetHints":{"allow":["GET"]}}],"collection":[{"href":"https:\/\/www.automakers.cz\/index.php?rest_route=\/wp\/v2\/posts"}],"about":[{"href":"https:\/\/www.automakers.cz\/index.php?rest_route=\/wp\/v2\/types\/post"}],"author":[{"embeddable":true,"href":"https:\/\/www.automakers.cz\/index.php?rest_route=\/wp\/v2\/users\/1"}],"replies":[{"embeddable":true,"href":"https:\/\/www.automakers.cz\/index.php?rest_route=%2Fwp%2Fv2%2Fcomments&post=7295"}],"version-history":[{"count":13,"href":"https:\/\/www.automakers.cz\/index.php?rest_route=\/wp\/v2\/posts\/7295\/revisions"}],"predecessor-version":[{"id":7359,"href":"https:\/\/www.automakers.cz\/index.php?rest_route=\/wp\/v2\/posts\/7295\/revisions\/7359"}],"wp:featuredmedia":[{"embeddable":true,"href":"https:\/\/www.automakers.cz\/index.php?rest_route=\/wp\/v2\/media\/7300"}],"wp:attachment":[{"href":"https:\/\/www.automakers.cz\/index.php?rest_route=%2Fwp%2Fv2%2Fmedia&parent=7295"}],"wp:term":[{"taxonomy":"category","embeddable":true,"href":"https:\/\/www.automakers.cz\/index.php?rest_route=%2Fwp%2Fv2%2Fcategories&post=7295"},{"taxonomy":"post_tag","embeddable":true,"href":"https:\/\/www.automakers.cz\/index.php?rest_route=%2Fwp%2Fv2%2Ftags&post=7295"}],"curies":[{"name":"wp","href":"https:\/\/api.w.org\/{rel}","templated":true}]}}