{"id":7297,"date":"2024-09-17T18:49:39","date_gmt":"2024-09-17T18:49:39","guid":{"rendered":"https:\/\/www.automakers.cz\/?p=7297"},"modified":"2024-09-17T19:34:33","modified_gmt":"2024-09-17T19:34:33","slug":"dalsi-stanice-mereni-emisi-dostala-stopku","status":"publish","type":"post","link":"https:\/\/www.automakers.cz\/?p=7297","title":{"rendered":"Dal\u0161\u00ed stanice m\u011b\u0159en\u00ed emis\u00ed dostala stopku"},"content":{"rendered":"<p class=\"xmprfx_MsoNormal\"><strong>St\u00e1tn\u00ed odborn\u00fd dozor odhalil dal\u0161\u00ed emisn\u00ed stanici, kter\u00e1 m\u011bla podle anal\u00fdzy dat z informa\u010dn\u00edho syst\u00e9mu technick\u00fdch prohl\u00eddek podez\u0159el\u00e9 nam\u011b\u0159en\u00e9 hodnoty. Kontrola na m\u00edst\u011b obavy potvrdila, stanice m\u011b\u0159en\u00ed emis\u00ed proto dostala okam\u017eit\u00fd z\u00e1kaz \u010dinnosti. Provozovateli i technik\u016fm nyn\u00ed hroz\u00ed pokuty.<\/strong><!--more--><\/p>\n<p class=\"xmprfx_MsoNormal\">Po zah\u00e1jen\u00ed kontroly na jedn\u00e9 ze stanic v Olomouci inspekto\u0159i zjistili, \u017ee jsou na pracovi\u0161ti nedovolen\u00e9 p\u0159\u00edstroje pro nasimulov\u00e1n\u00ed teploty motoru a ot\u00e1\u010dek. P\u0159\u00edstroje ale nebyly v dob\u011b kontroly napojeny k p\u0159\u00edstroj\u016fm pro m\u011b\u0159en\u00ed emis\u00ed a ani se nenach\u00e1zely v jejich bezprost\u0159edn\u00ed bl\u00edzkosti.<\/p>\n<p class=\"xmprfx_MsoNormal\">V provozovn\u011b byly dva m\u011b\u0159i\u010de kou\u0159ivosti v\u00fdfukov\u00fdch zplodin, tzv. opacimetry, z nich\u017e jeden m\u011bl poru\u0161en\u00e9 plomby, druh\u00fd byl v po\u0159\u00e1dku. Na p\u0159\u00edstroji s poru\u0161en\u00fdmi plombami zak\u00e1zal st\u00e1tn\u00ed odborn\u00fd dozor neprodlen\u011b m\u011b\u0159it, a\u017e do doby proveden\u00ed nov\u00e9 kalibrace p\u0159\u00edstroje.<\/p>\n<p class=\"xmprfx_MsoNormal\">Na p\u0159\u00edstroji, kter\u00fd byl opat\u0159en neporu\u0161en\u00fdmi plombami provedli kontroln\u00ed technici m\u011b\u0159en\u00ed u t\u0159ech vozidel. P\u0159i t\u011bchto m\u011b\u0159en\u00edch byl kontroluj\u00edc\u00edmi kontrolov\u00e1n pracovn\u00ed postup p\u0159i m\u011b\u0159en\u00ed emis\u00ed vozidel. Z t\u011bchto t\u0159\u00ed vozidel jedno nevyhov\u011blo a dv\u011b vyhov\u011bla.<\/p>\n<p class=\"xmprfx_MsoNormal\">Kontroluj\u00edc\u00ed konstatovali, \u017ee postup kontroln\u00edch technik\u016f byl v souladu s metodick\u00fdm postupem. N\u00e1sledn\u011b se ov\u0161em oba kontroln\u00ed technici doznali k pou\u017e\u00edv\u00e1n\u00ed nedovolen\u00fdch, neschv\u00e1len\u00fdch p\u0159\u00edstroj\u016f. Z tohoto d\u016fvodu bylo na\u0159\u00edzeno okam\u017eit\u00e9 zastaven\u00ed m\u011b\u0159en\u00ed emis\u00ed na t\u00e9to stanici.<\/p>\n<p class=\"xmprfx_MsoNormal\">P\u0159i kontrole kontroluj\u00edc\u00ed zjistili dal\u0161\u00ed pochyben\u00ed administrativn\u00edho charakteru, jejich\u017e zji\u0161t\u011bn\u00ed by v\u0161ak sama o sob\u011b nevedla k okam\u017eit\u00e9mu zastaven\u00ed \u010dinnosti. Na z\u00e1klad\u011b uveden\u00fdch zji\u0161t\u011bn\u00ed po\u0161le st\u00e1tn\u00ed odborn\u00fd dozor podn\u011bty na p\u0159\u00edslu\u0161n\u00fd krajsk\u00fd \u00fa\u0159ad a obec s roz\u0161\u00ed\u0159enou p\u016fsobnost\u00ed podn\u011bt k zah\u00e1jen\u00ed p\u0159estupkov\u00e9ho \u0159\u00edzen\u00ed. Provozovateli jedn\u00e9 z olomouck\u00fdch stanic m\u011b\u0159en\u00ed emis\u00ed a samotn\u00fdm kontroln\u00edm technik\u016fm tak hroz\u00ed tis\u00edcov\u00e9 pokuty.<\/p>\n<p><strong>Zdroj: MD<\/strong><\/p>\n<figure id=\"attachment_6981\" aria-describedby=\"caption-attachment-6981\" style=\"width: 900px\" class=\"wp-caption alignnone\"><img loading=\"lazy\" decoding=\"async\" class=\"size-medium wp-image-6981\" src=\"http:\/\/www.automakers.cz\/wp-content\/uploads\/2024\/09\/TK_MD_Kupka-policie-STK-900x663.jpg\" alt=\"\" width=\"900\" height=\"663\" \/><figcaption id=\"caption-attachment-6981\" class=\"wp-caption-text\">Problematiku STK ned\u00e1vno probrali na tiskovce (zleva): Pavel Bergman za Centrum slu\u017eeb pro silni\u010dn\u00ed dopravu MD, Radek L\u00e1vic, \u0161\u00e9f odd\u011blen\u00ed technick\u00fdch prohl\u00eddek MD, ministr Martin Kupka a Tom\u00e1\u0161 Lerch (Policie \u010cR)<\/figcaption><\/figure>\n","protected":false},"excerpt":{"rendered":"<p>St\u00e1tn\u00ed odborn\u00fd dozor odhalil dal\u0161\u00ed emisn\u00ed stanici, kter\u00e1 m\u011bla podle anal\u00fdzy dat z informa\u010dn\u00edho syst\u00e9mu&#8230;<\/p>\n","protected":false},"author":1,"featured_media":4103,"comment_status":"closed","ping_status":"closed","sticky":false,"template":"","format":"standard","meta":{"footnotes":""},"categories":[57,51,31],"tags":[],"class_list":["post-7297","post","type-post","status-publish","format-standard","has-post-thumbnail","hentry","category-emise","category-kauza","category-news"],"_links":{"self":[{"href":"https:\/\/www.automakers.cz\/index.php?rest_route=\/wp\/v2\/posts\/7297","targetHints":{"allow":["GET"]}}],"collection":[{"href":"https:\/\/www.automakers.cz\/index.php?rest_route=\/wp\/v2\/posts"}],"about":[{"href":"https:\/\/www.automakers.cz\/index.php?rest_route=\/wp\/v2\/types\/post"}],"author":[{"embeddable":true,"href":"https:\/\/www.automakers.cz\/index.php?rest_route=\/wp\/v2\/users\/1"}],"replies":[{"embeddable":true,"href":"https:\/\/www.automakers.cz\/index.php?rest_route=%2Fwp%2Fv2%2Fcomments&post=7297"}],"version-history":[{"count":1,"href":"https:\/\/www.automakers.cz\/index.php?rest_route=\/wp\/v2\/posts\/7297\/revisions"}],"predecessor-version":[{"id":7298,"href":"https:\/\/www.automakers.cz\/index.php?rest_route=\/wp\/v2\/posts\/7297\/revisions\/7298"}],"wp:featuredmedia":[{"embeddable":true,"href":"https:\/\/www.automakers.cz\/index.php?rest_route=\/wp\/v2\/media\/4103"}],"wp:attachment":[{"href":"https:\/\/www.automakers.cz\/index.php?rest_route=%2Fwp%2Fv2%2Fmedia&parent=7297"}],"wp:term":[{"taxonomy":"category","embeddable":true,"href":"https:\/\/www.automakers.cz\/index.php?rest_route=%2Fwp%2Fv2%2Fcategories&post=7297"},{"taxonomy":"post_tag","embeddable":true,"href":"https:\/\/www.automakers.cz\/index.php?rest_route=%2Fwp%2Fv2%2Ftags&post=7297"}],"curies":[{"name":"wp","href":"https:\/\/api.w.org\/{rel}","templated":true}]}}