{"id":731,"date":"2023-12-05T10:02:42","date_gmt":"2023-12-05T10:02:42","guid":{"rendered":"https:\/\/www.automakers.cz\/?p=731"},"modified":"2023-12-05T10:36:29","modified_gmt":"2023-12-05T10:36:29","slug":"praha-ukonci-bezplatne-stani-elektromobilu","status":"publish","type":"post","link":"https:\/\/www.automakers.cz\/?p=731","title":{"rendered":"Praha: skon\u010d\u00ed bezplatn\u00e9 st\u00e1n\u00ed elektroaut?"},"content":{"rendered":"<p><strong>Majitel\u00e9 elektromobil\u016f, kte\u0159\u00ed dosud mohli parkovat v pra\u017esk\u00fdch modr\u00fdch z\u00f3n\u00e1ch zdarma po neomezenou dobu, o svoji v\u00fdsadu v p\u0159\u00ed\u0161t\u00edm roce s velkou pravd\u011bpodobnost\u00ed p\u0159ijdou. &#8222;Vypl\u00fdv\u00e1 to z pr\u016fb\u011bhu dosavadn\u00edho vyjedn\u00e1v\u00e1n\u00ed o nov\u00e9 podob\u011b parkovac\u00edho sch\u00e9matu v hlavn\u00edm m\u011bst\u011b,&#8220; p\u00ed\u0161e T\u00fdden\u00edk Euro. <\/strong><!--more--><\/p>\n<p>Pra\u017esk\u00fd magistr\u00e1t se jej\u00edmi n\u00e1vrhy zab\u00fdv\u00e1 u\u017e od leto\u0161n\u00edho jara. N\u00e1m\u011bstek prim\u00e1tora pro dopravu Zden\u011bk H\u0159ib uvedl: \u201eM\u00e1me v koali\u010dn\u00ed smlouv\u011b, \u017ee budeme reformovat cel\u00fd syst\u00e9m s c\u00edlem zklidnit dopravu v centru. Budeme muset ukon\u010dit podporu elektromobil\u016f, kter\u00e9 parkuj\u00ed zadarmo. Proto\u017ee to je v\u011bc, kter\u00e1 m\u011bla smysl v minulosti, ale te\u010f u\u017e smysl ned\u00e1v\u00e1. Elektromobil zab\u00edr\u00e1 m\u00edsto jako kter\u00e9koliv jin\u00e9 auto.\u201c<\/p>\n<p>Asociace reprezentuj\u00edc\u00ed automobilov\u00fd a elektromobiln\u00ed pr\u016fmysl jsou ale p\u0159esv\u011bd\u010deny, \u017ee p\u0159\u00edpadn\u00e9 p\u0159ijet\u00ed takov\u00e9ho rozhodnut\u00ed by zv\u00fd\u0161ilo emise a hluk z dopravy v Praze a vyslalo nespr\u00e1vn\u00fd sign\u00e1l sm\u011brem k ve\u0159ejnosti. Praha a jej\u00ed okol\u00ed jsou ekonomicky nejsiln\u011bj\u0161\u00ed oblast \u010cesk\u00e9 republiky, a mo\u017enost zdarma zaparkovat v Praze p\u0159i doj\u00ed\u017ed\u011bn\u00ed do pr\u00e1ce je jeden z m\u00e1la benefit\u016f, kter\u00e9ho se majitel\u016fm elektromobil\u016f v \u010cesku dost\u00e1v\u00e1.<\/p>\n<p>Co na to magistr\u00e1t? \u201eKomplexn\u00ed parkovac\u00ed reforma je v tuto chv\u00edli \u0159e\u0161ena a proch\u00e1z\u00ed diskus\u00ed jednotliv\u00fdch politick\u00fdch klub\u016f. Definitivn\u00ed podoba v\u0161ak v t\u00e9to chv\u00edli nen\u00ed zn\u00e1ma a jak\u00e9koli konkr\u00e9tn\u00ed vyj\u00e1d\u0159en\u00ed by v tuto chv\u00edli bylo p\u0159ed\u010dasn\u00e9,\u201c uvedl p\u0159ed \u010dasem na dotaz T\u00fdden\u00edku Euro Tade\u00e1\u0161 Provazn\u00edk z tiskov\u00e9ho odboru magistr\u00e1tu.<\/p>\n<figure id=\"attachment_740\" aria-describedby=\"caption-attachment-740\" style=\"width: 900px\" class=\"wp-caption alignnone\"><img loading=\"lazy\" decoding=\"async\" class=\"size-medium wp-image-740\" src=\"http:\/\/www.automakers.cz\/wp-content\/uploads\/2023\/12\/Hrib-parkovani-CR-24-900x675.jpg\" alt=\"\" width=\"900\" height=\"675\" srcset=\"https:\/\/www.automakers.cz\/wp-content\/uploads\/2023\/12\/Hrib-parkovani-CR-24-900x675.jpg 900w, https:\/\/www.automakers.cz\/wp-content\/uploads\/2023\/12\/Hrib-parkovani-CR-24-1024x768.jpg 1024w, https:\/\/www.automakers.cz\/wp-content\/uploads\/2023\/12\/Hrib-parkovani-CR-24-768x576.jpg 768w, https:\/\/www.automakers.cz\/wp-content\/uploads\/2023\/12\/Hrib-parkovani-CR-24-1536x1152.jpg 1536w, https:\/\/www.automakers.cz\/wp-content\/uploads\/2023\/12\/Hrib-parkovani-CR-24.jpg 2040w\" sizes=\"auto, (max-width: 900px) 100vw, 900px\" \/><figcaption id=\"caption-attachment-740\" class=\"wp-caption-text\">Zm\u011bny v pra\u017esk\u00e9m parkovac\u00edm sch\u00e9matu vysv\u011btloval na \u010cT 24 Zden\u011bk H\u0159ib<\/figcaption><\/figure>\n<p><strong>Tiskov\u00e1 konference na magistr\u00e1tu<\/strong><\/p>\n<p>Fin\u00e1ln\u00ed n\u00e1vrh v listopadu projedn\u00e1vala magistr\u00e1tn\u00ed rada. P\u00e1t\u00e9ho prosince se na magistr\u00e1tu konala tiskov\u00e1 konference, kde byly p\u0159edstaveny n\u00e1vrhy, kter\u00e9 jsou nyn\u00ed pos\u00edl\u00e1ny k p\u0159ipom\u00ednkov\u00e1n\u00ed v\u0161em 57 m\u011bstsk\u00fdm \u010d\u00e1stem. Podle nich by \u010dist\u00e9 elektromobily mohly parkovat v pra\u017esk\u00fdch placen\u00fdch z\u00f3n\u00e1ch jen jednu hodinu zdarma.<\/p>\n<p>\u201eByl by to velk\u00fd \u00fastup od sou\u010dasn\u00e9 situace, kdy \u010dasov\u011b neomezen\u00e1 mo\u017enost parkov\u00e1n\u00ed motivovala \u0159adu Pra\u017ean\u016f ke koupi elektrifikovan\u00e9ho vozu. Ale z\u016fstala by tu alespo\u0148 podpora takzvan\u00e9 dynamick\u00e9 mobility, kdy by elektromobily nepost\u00e1valy v ulic\u00edch, ale mohly by se pod\u00edlet na dopravn\u00ed obslu\u017enosti metropole,\u201c komentoval pro T\u00fdden\u00edk Euro situaci tajemn\u00edk Svazu dovozc\u016f automobil\u016f Josef Pokorn\u00fd.<\/p>\n<p>\u0160patnou zpr\u00e1vu p\u0159in\u00e1\u0161\u00ed posledn\u00ed v\u00fdvoj jedn\u00e1n\u00ed pro provozovatele vozidel s hybridn\u00edm pohonem. S \u00falevou pro hybridy u\u017e Praha v p\u0159\u00ed\u0161t\u00edm roce nepo\u010d\u00edt\u00e1.<\/p>\n<p><strong>Zdroj: T\u00fdden\u00edk Euro, FOTO: Erich Handl<\/strong><\/p>\n<p><img loading=\"lazy\" decoding=\"async\" class=\"alignnone size-medium wp-image-736\" src=\"http:\/\/www.automakers.cz\/wp-content\/uploads\/2023\/12\/Praha-znacka-parking-zona-ERich-Handl-900x675.jpg\" alt=\"\" width=\"900\" height=\"675\" \/><\/p>\n","protected":false},"excerpt":{"rendered":"<p>Majitel\u00e9 elektromobil\u016f, kte\u0159\u00ed dosud mohli parkovat v pra\u017esk\u00fdch modr\u00fdch z\u00f3n\u00e1ch zdarma po neomezenou dobu, o&#8230;<\/p>\n","protected":false},"author":1,"featured_media":732,"comment_status":"open","ping_status":"open","sticky":false,"template":"","format":"standard","meta":{"footnotes":""},"categories":[47,25],"tags":[],"class_list":["post-731","post","type-post","status-publish","format-standard","has-post-thumbnail","hentry","category-doprava","category-legislativa"],"_links":{"self":[{"href":"https:\/\/www.automakers.cz\/index.php?rest_route=\/wp\/v2\/posts\/731","targetHints":{"allow":["GET"]}}],"collection":[{"href":"https:\/\/www.automakers.cz\/index.php?rest_route=\/wp\/v2\/posts"}],"about":[{"href":"https:\/\/www.automakers.cz\/index.php?rest_route=\/wp\/v2\/types\/post"}],"author":[{"embeddable":true,"href":"https:\/\/www.automakers.cz\/index.php?rest_route=\/wp\/v2\/users\/1"}],"replies":[{"embeddable":true,"href":"https:\/\/www.automakers.cz\/index.php?rest_route=%2Fwp%2Fv2%2Fcomments&post=731"}],"version-history":[{"count":7,"href":"https:\/\/www.automakers.cz\/index.php?rest_route=\/wp\/v2\/posts\/731\/revisions"}],"predecessor-version":[{"id":741,"href":"https:\/\/www.automakers.cz\/index.php?rest_route=\/wp\/v2\/posts\/731\/revisions\/741"}],"wp:featuredmedia":[{"embeddable":true,"href":"https:\/\/www.automakers.cz\/index.php?rest_route=\/wp\/v2\/media\/732"}],"wp:attachment":[{"href":"https:\/\/www.automakers.cz\/index.php?rest_route=%2Fwp%2Fv2%2Fmedia&parent=731"}],"wp:term":[{"taxonomy":"category","embeddable":true,"href":"https:\/\/www.automakers.cz\/index.php?rest_route=%2Fwp%2Fv2%2Fcategories&post=731"},{"taxonomy":"post_tag","embeddable":true,"href":"https:\/\/www.automakers.cz\/index.php?rest_route=%2Fwp%2Fv2%2Ftags&post=731"}],"curies":[{"name":"wp","href":"https:\/\/api.w.org\/{rel}","templated":true}]}}