{"id":7330,"date":"2024-09-18T09:59:28","date_gmt":"2024-09-18T09:59:28","guid":{"rendered":"https:\/\/www.automakers.cz\/?p=7330"},"modified":"2024-09-18T10:03:25","modified_gmt":"2024-09-18T10:03:25","slug":"srovnavac-usetreno-cz-pretahl-manazera-z-csob","status":"publish","type":"post","link":"https:\/\/www.automakers.cz\/?p=7330","title":{"rendered":"U\u0161et\u0159eno.cz p\u0159et\u00e1hlo mana\u017eera z \u010cSOB"},"content":{"rendered":"<p><strong>T\u00fdm U\u0161et\u0159eno.cz m\u00e1 novou posilu, mana\u017eera a datov\u00e9ho experta Petra Faberu. Na pozici jednatele a CFO jednoho ze srovn\u00e1va\u010d\u016f p\u0159e\u0161el z mate\u0159sk\u00e9 \u010cSOB, odkud si p\u0159in\u00e1\u0161\u00ed bohat\u00e9 zku\u0161enosti s \u0159\u00edzen\u00edm zpracov\u00e1v\u00e1n\u00ed dat i skupinov\u00fdch projekt\u016f.<\/strong><!--more--><\/p>\n<p>Mezi n\u011b pat\u0159ilo veden\u00ed programu Rainbow, neboli budov\u00e1n\u00ed datov\u00e9ho skladu, do kter\u00e9ho se sl\u00e9vaj\u00ed data z cel\u00e9 nadn\u00e1rodn\u00ed skupiny KBC, a transformace regulatorn\u00edho reportingu. Jako \u0159editel odd\u011blen\u00ed Rainbow a DQM v \u010cSOB se Petr Fabera prim\u00e1rn\u011b v\u011bnoval managementu a rozvoji pr\u00e1ce s daty. D\u00edky sv\u00e9mu studiu a kontakt\u016fm na V\u0160E Data &amp; Business se mu poda\u0159ilo \u00fasp\u011b\u0161n\u011b rozv\u00edjet intern\u00ed program datov\u00e9ho vzd\u011bl\u00e1v\u00e1n\u00ed zam\u011bstnanc\u016f \u010cSOB.<\/p>\n<p>\u201eM\u00fdm c\u00edlem je p\u0159edev\u0161\u00edm rozvoj spole\u010dnosti U\u0161et\u0159eno.cz a digitalizace na\u0161ich slu\u017eeb pomoc\u00ed dat a AI. Pevn\u011b v\u011b\u0159\u00edm, \u017ee p\u0159in\u00e1\u0161\u00edme skv\u011blou slu\u017ebu pro na\u0161e z\u00e1kazn\u00edky, kte\u0159\u00ed jsou a budou st\u0159edobodem na\u0161\u00ed ka\u017edodenn\u00ed pr\u00e1ce.\u201c \u0159\u00edk\u00e1 Petr Fabera.<\/p>\n<p><strong>Zdroj: WS Czech<\/strong><\/p>\n","protected":false},"excerpt":{"rendered":"<p>T\u00fdm U\u0161et\u0159eno.cz m\u00e1 novou posilu, mana\u017eera a datov\u00e9ho experta Petra Faberu. Na pozici jednatele a&#8230;<\/p>\n","protected":false},"author":1,"featured_media":7332,"comment_status":"closed","ping_status":"closed","sticky":false,"template":"","format":"standard","meta":{"footnotes":""},"categories":[45,5],"tags":[],"class_list":["post-7330","post","type-post","status-publish","format-standard","has-post-thumbnail","hentry","category-finance","category-personalie"],"_links":{"self":[{"href":"https:\/\/www.automakers.cz\/index.php?rest_route=\/wp\/v2\/posts\/7330","targetHints":{"allow":["GET"]}}],"collection":[{"href":"https:\/\/www.automakers.cz\/index.php?rest_route=\/wp\/v2\/posts"}],"about":[{"href":"https:\/\/www.automakers.cz\/index.php?rest_route=\/wp\/v2\/types\/post"}],"author":[{"embeddable":true,"href":"https:\/\/www.automakers.cz\/index.php?rest_route=\/wp\/v2\/users\/1"}],"replies":[{"embeddable":true,"href":"https:\/\/www.automakers.cz\/index.php?rest_route=%2Fwp%2Fv2%2Fcomments&post=7330"}],"version-history":[{"count":3,"href":"https:\/\/www.automakers.cz\/index.php?rest_route=\/wp\/v2\/posts\/7330\/revisions"}],"predecessor-version":[{"id":7334,"href":"https:\/\/www.automakers.cz\/index.php?rest_route=\/wp\/v2\/posts\/7330\/revisions\/7334"}],"wp:featuredmedia":[{"embeddable":true,"href":"https:\/\/www.automakers.cz\/index.php?rest_route=\/wp\/v2\/media\/7332"}],"wp:attachment":[{"href":"https:\/\/www.automakers.cz\/index.php?rest_route=%2Fwp%2Fv2%2Fmedia&parent=7330"}],"wp:term":[{"taxonomy":"category","embeddable":true,"href":"https:\/\/www.automakers.cz\/index.php?rest_route=%2Fwp%2Fv2%2Fcategories&post=7330"},{"taxonomy":"post_tag","embeddable":true,"href":"https:\/\/www.automakers.cz\/index.php?rest_route=%2Fwp%2Fv2%2Ftags&post=7330"}],"curies":[{"name":"wp","href":"https:\/\/api.w.org\/{rel}","templated":true}]}}