{"id":7355,"date":"2024-09-19T08:53:03","date_gmt":"2024-09-19T08:53:03","guid":{"rendered":"https:\/\/www.automakers.cz\/?p=7355"},"modified":"2024-09-19T08:53:59","modified_gmt":"2024-09-19T08:53:59","slug":"volkswagen-mozna-zavre-tovarnu-v-cine","status":"publish","type":"post","link":"https:\/\/www.automakers.cz\/?p=7355","title":{"rendered":"Volkswagen mo\u017en\u00e1 zav\u0159e tov\u00e1rnu v \u010c\u00edn\u011b"},"content":{"rendered":"<p><strong>Koncern Volkswagen a jeho nejstar\u0161\u00ed \u010d\u00ednsk\u00fd partner SAIC Motor pl\u00e1nuj\u00ed v reakci na sl\u00e1bnouc\u00ed popt\u00e1vku po automobilech se spalovac\u00edmi motory uzav\u0159\u00edt nejm\u00e9n\u011b jeden z\u00e1vod v \u010c\u00edn\u011b. Hroz\u00ed tak\u00e9 konec tamn\u00ed produkce \u0160kodovek.<\/strong><!--more--><\/p>\n<p>Spole\u010dn\u00fd podnik obou automobilek SAIC Volkswagen Automobile se p\u0159ipravuje na to, \u017ee p\u0159\u00ed\u0161t\u00ed rok uzav\u0159e tov\u00e1rnu ve m\u011bst\u011b Nan-\u0165ing, kde se vyr\u00e1b\u011bj\u00ed vozy Volkswagen Passat a \u0160koda a jeho\u017e ro\u010dn\u00ed kapacita je 360 tis\u00edc voz\u016f. S odvol\u00e1n\u00edm na informovan\u00e9 zdroje to dnes uvedla agentura Bloomberg.<\/p>\n<p>Uveden\u00fd spole\u010dn\u00fd podnik funguje u\u017e asi 40 let. P\u0159ed dv\u011bma lety ukon\u010dil v\u00fdrobu v jedn\u00e9 tov\u00e1rn\u011b, dal\u0161\u00ed tov\u00e1rna pak omezila v\u00fdrobu a mohla by b\u00fdt tak\u00e9 uzav\u0159ena, p\u0159\u00edpadn\u011b zrekonstruov\u00e1na, uvedly zdroje.<\/p>\n<aside><\/aside>\n<p>&#8222;V\u0161echny z\u00e1vody SAIC Volkswagen funguj\u00ed norm\u00e1ln\u011b, v souladu s po\u017eadavky trhu a na\u0161\u00ed progn\u00f3zou,&#8220; reagoval na dotaz Bloombergu podnik VW China. Dodal, \u017ee vzhledem k tomu, \u017ee se firma zam\u011b\u0159uje na chytr\u00e9 elektromobily, transformuje tak\u00e9 postupn\u011b v\u00fdrobu voz\u016f a z\u00e1vody na sou\u010d\u00e1stky.<\/p>\n<p><strong>Z\u00e1vod Ning-po v ne\u010dinnosti<\/strong><\/p>\n<p>Partne\u0159i podle zdroj\u016f tak\u00e9 prov\u00e1d\u011bj\u00ed revizi strategie u zna\u010dky \u0160koda kv\u016fli prudk\u00e9mu poklesu prodeje. Z\u00e1vod v Ning-po, kde se vyr\u00e1b\u00ed n\u011bkolik model\u016f zna\u010dky \u0160koda, je u\u017e n\u011bkolik m\u011bs\u00edc\u016f v ne\u010dinnosti, a tak\u00e9 se uva\u017euje o jeho zav\u0159en\u00ed, dodaly zdroje.<\/p>\n<p>V\u00fdroba \u0160kody v \u010c\u00edn\u011b loni klesla o v\u00edce ne\u017e polovinu na necel\u00fdch 20 tis\u00edc\u00a0voz\u016f. VW China uvedl, \u017ee partne\u0159i v r\u00e1mci revize upravuj\u00ed marketing zna\u010dky \u0160koda a restrukturalizuj\u00ed dealerskou s\u00ed\u0165 s c\u00edlem zv\u00fd\u0161it zam\u011b\u0159en\u00ed na prodej ojet\u00fdch voz\u016f.<\/p>\n<p><strong>Zdroj: HROT<\/strong><\/p>\n<p>&nbsp;<\/p>\n","protected":false},"excerpt":{"rendered":"<p>Koncern Volkswagen a jeho nejstar\u0161\u00ed \u010d\u00ednsk\u00fd partner SAIC Motor pl\u00e1nuj\u00ed v reakci na sl\u00e1bnouc\u00ed popt\u00e1vku&#8230;<\/p>\n","protected":false},"author":1,"featured_media":303,"comment_status":"closed","ping_status":"closed","sticky":false,"template":"","format":"standard","meta":{"footnotes":""},"categories":[31,18],"tags":[],"class_list":["post-7355","post","type-post","status-publish","format-standard","has-post-thumbnail","hentry","category-news","category-vyroba"],"_links":{"self":[{"href":"https:\/\/www.automakers.cz\/index.php?rest_route=\/wp\/v2\/posts\/7355","targetHints":{"allow":["GET"]}}],"collection":[{"href":"https:\/\/www.automakers.cz\/index.php?rest_route=\/wp\/v2\/posts"}],"about":[{"href":"https:\/\/www.automakers.cz\/index.php?rest_route=\/wp\/v2\/types\/post"}],"author":[{"embeddable":true,"href":"https:\/\/www.automakers.cz\/index.php?rest_route=\/wp\/v2\/users\/1"}],"replies":[{"embeddable":true,"href":"https:\/\/www.automakers.cz\/index.php?rest_route=%2Fwp%2Fv2%2Fcomments&post=7355"}],"version-history":[{"count":1,"href":"https:\/\/www.automakers.cz\/index.php?rest_route=\/wp\/v2\/posts\/7355\/revisions"}],"predecessor-version":[{"id":7356,"href":"https:\/\/www.automakers.cz\/index.php?rest_route=\/wp\/v2\/posts\/7355\/revisions\/7356"}],"wp:featuredmedia":[{"embeddable":true,"href":"https:\/\/www.automakers.cz\/index.php?rest_route=\/wp\/v2\/media\/303"}],"wp:attachment":[{"href":"https:\/\/www.automakers.cz\/index.php?rest_route=%2Fwp%2Fv2%2Fmedia&parent=7355"}],"wp:term":[{"taxonomy":"category","embeddable":true,"href":"https:\/\/www.automakers.cz\/index.php?rest_route=%2Fwp%2Fv2%2Fcategories&post=7355"},{"taxonomy":"post_tag","embeddable":true,"href":"https:\/\/www.automakers.cz\/index.php?rest_route=%2Fwp%2Fv2%2Ftags&post=7355"}],"curies":[{"name":"wp","href":"https:\/\/api.w.org\/{rel}","templated":true}]}}