{"id":7366,"date":"2024-09-19T10:57:16","date_gmt":"2024-09-19T10:57:16","guid":{"rendered":"https:\/\/www.automakers.cz\/?p=7366"},"modified":"2024-09-22T10:01:47","modified_gmt":"2024-09-22T10:01:47","slug":"renault-symbioz-mel-premieru-na-plovarne","status":"publish","type":"post","link":"https:\/\/www.automakers.cz\/?p=7366","title":{"rendered":"Renault Symbioz m\u011bl premi\u00e9ru na Ob\u010dansk\u00e9 plov\u00e1rn\u011b"},"content":{"rendered":"<p><strong>U \u010desk\u00fdch dealer\u016f Renaultu se objevily prvn\u00ed kusy modelu Symbioz, n\u00e1rodn\u00ed medi\u00e1ln\u00ed premi\u00e9ru si v\u016fz odbyl v z\u00e1\u0159\u00ed v prostor\u00e1ch pra\u017esk\u00e9 Ob\u010dansk\u00e9 Plov\u00e1rny. Prezentaci doplnily testovac\u00ed j\u00edzdy.<br \/>\n<\/strong><!--more--><\/p>\n<p>V\u016fz st\u0159edn\u00ed t\u0159\u00eddy se vyr\u00e1b\u00ed na platform\u011b Arkany ve Valladolidu,\u00a0 p\u0159ich\u00e1z\u00ed na evropsk\u00fd trh t\u00e9m\u011b\u0159 60 let od p\u0159edstaven\u00ed modern\u00edho a praktick\u00e9ho vozu Renault 16.<\/p>\n<p>Na plov\u00e1rn\u011b se uk\u00e1zal v jedn\u00e9\u00a0 motorizaci E-Tech fulgybrid se dv\u011bma elektromotory a multim\u00f3dovou p\u0159evodovkou. Cena startuje na 729 000 korun\u00e1ch.<\/p>\n<p><img loading=\"lazy\" decoding=\"async\" class=\"alignnone size-medium wp-image-7378\" src=\"http:\/\/www.automakers.cz\/wp-content\/uploads\/2024\/09\/Renault-Symbioz-Grunt-Skalickova-900x506.jpg\" alt=\"\" width=\"900\" height=\"506\" srcset=\"https:\/\/www.automakers.cz\/wp-content\/uploads\/2024\/09\/Renault-Symbioz-Grunt-Skalickova-900x506.jpg 900w, https:\/\/www.automakers.cz\/wp-content\/uploads\/2024\/09\/Renault-Symbioz-Grunt-Skalickova-1024x576.jpg 1024w, https:\/\/www.automakers.cz\/wp-content\/uploads\/2024\/09\/Renault-Symbioz-Grunt-Skalickova-768x432.jpg 768w, https:\/\/www.automakers.cz\/wp-content\/uploads\/2024\/09\/Renault-Symbioz-Grunt-Skalickova-1536x864.jpg 1536w, https:\/\/www.automakers.cz\/wp-content\/uploads\/2024\/09\/Renault-Symbioz-Grunt-Skalickova-1280x720.jpg 1280w, https:\/\/www.automakers.cz\/wp-content\/uploads\/2024\/09\/Renault-Symbioz-Grunt-Skalickova.jpg 2040w\" sizes=\"auto, (max-width: 900px) 100vw, 900px\" \/>Motonovin\u00e1\u0159e p\u0159iv\u00edtali na plov\u00e1rn\u011b gener\u00e1ln\u00ed \u0159editel Renaultu \u010cR Zden\u011bk Grunt a mluv\u010d\u00ed zna\u010dky Jitka Skali\u010dkov\u00e1.<\/p>\n<p>&#8222;Po modelech Arkana, M\u00e9gane E-Tech elektrick\u00fd, Austral a Sc\u00e9nic E-Tech elektrick\u00fd, dopl\u0148uje <strong>Symbioz<\/strong> nab\u00eddku kompaktn\u00edch voz\u016f Renault jako posledn\u00ed v\u016fz v r\u00e1mci ofenz\u00edvy Renaulution v segmentu C,&#8220; uvedla tiskovku Skali\u010dkov\u00e1.<\/p>\n<p>Symbioz vstupuje do segmentu C SUV s rodinn\u00fdm zam\u011b\u0159en\u00edm, s velk\u00fdm kufrem o objemu a\u017e 624 l. P\u0159itom si zachov\u00e1v\u00e1 kompaktn\u00ed rozm\u011bry pro pou\u017eit\u00ed \u00ed v m\u011bstsk\u00e9m provozu (4,41 m), kter\u00e9 ho \u0159ad\u00ed mezi modely Captur a Austral.<\/p>\n<p>V nab\u00eddce m\u00e1 oslovit klienty model\u016f Megane \/ Megane Grandtour, nebo kr\u00e1tk\u00fdch verz\u00ed modelu Scenic.<\/p>\n<p><iframe loading=\"lazy\"  id=\"_ytid_58392\"  width=\"640\" height=\"360\"  data-origwidth=\"640\" data-origheight=\"360\" src=\"https:\/\/www.youtube.com\/embed\/WxbN_gYLI6M?enablejsapi=1&#038;autoplay=0&#038;cc_load_policy=0&#038;cc_lang_pref=&#038;iv_load_policy=1&#038;loop=0&#038;modestbranding=0&#038;rel=1&#038;fs=1&#038;playsinline=0&#038;autohide=2&#038;theme=dark&#038;color=red&#038;controls=1&#038;\" class=\"__youtube_prefs__  epyt-is-override  no-lazyload\" title=\"YouTube player\"  allow=\"accelerometer; autoplay; clipboard-write; encrypted-media; gyroscope; picture-in-picture\" allowfullscreen data-no-lazy=\"1\" data-skipgform_ajax_framebjll=\"\"><\/iframe><\/p>\n<p>Symbioz posiluje pozici zna\u010dky Renault v segmentu C a zauj\u00edm\u00e1 pozici mezi modely Captur a Austral. S d\u00e9lkou 4,41 m tento nov\u00fd model dopl\u0148uje &#8222;hybridn\u00ed&#8220; \u0159adu E-Tech, do kter\u00e9 ji\u017e pat\u0159\u00ed Arkana (4,57 m) a Austral (4,51 m), a tak\u00e9 &#8222;elektrickou&#8220; \u0159adu E-Tech s modely Megane a Scenic E-Tech electric.<\/p>\n<p><img loading=\"lazy\" decoding=\"async\" class=\"alignnone size-medium wp-image-7379\" src=\"http:\/\/www.automakers.cz\/wp-content\/uploads\/2024\/09\/Renault-Symbioz-plovarna-parking-900x506.jpg\" alt=\"\" width=\"900\" height=\"506\" srcset=\"https:\/\/www.automakers.cz\/wp-content\/uploads\/2024\/09\/Renault-Symbioz-plovarna-parking-900x506.jpg 900w, https:\/\/www.automakers.cz\/wp-content\/uploads\/2024\/09\/Renault-Symbioz-plovarna-parking-1024x576.jpg 1024w, https:\/\/www.automakers.cz\/wp-content\/uploads\/2024\/09\/Renault-Symbioz-plovarna-parking-768x432.jpg 768w, https:\/\/www.automakers.cz\/wp-content\/uploads\/2024\/09\/Renault-Symbioz-plovarna-parking-1536x864.jpg 1536w, https:\/\/www.automakers.cz\/wp-content\/uploads\/2024\/09\/Renault-Symbioz-plovarna-parking-1280x720.jpg 1280w, https:\/\/www.automakers.cz\/wp-content\/uploads\/2024\/09\/Renault-Symbioz-plovarna-parking.jpg 2040w\" sizes=\"auto, (max-width: 900px) 100vw, 900px\" \/>Mezi technologiemi nechyb\u00ed multimedi\u00e1ln\u00ed syst\u00e9m OpenR Link s integrovan\u00fdmi slu\u017ebami Google a panoramatick\u00e1 st\u0159echa Solarbay s nastavitelnou pr\u016fhlednost\u00ed. Ve verzi Iconic je vybaven 29 j\u00edzdn\u00edmi asistenty nejnov\u011bj\u0161\u00ed generace.<\/p>\n<p><img loading=\"lazy\" decoding=\"async\" class=\"alignnone size-medium wp-image-7373\" src=\"http:\/\/www.automakers.cz\/wp-content\/uploads\/2024\/09\/Renault-Symbioz-E-Tech-full-hybrid-Iconic-900x506.jpg\" alt=\"\" width=\"900\" height=\"506\" \/>Symbioz v\u00e1\u017e\u00ed necel\u00fdch 1 500 kg a je vybaven hybridn\u00edm pohonn\u00fdm \u00fastroj\u00edm E-Tech full hybrid 145.<\/p>\n<p><strong>Erich Handl, Ob\u010dansk\u00e1 plov\u00e1rna, VIDEO: Lud\u011bk Kortus<\/strong><\/p>\n","protected":false},"excerpt":{"rendered":"<p>U \u010desk\u00fdch dealer\u016f Renaultu se objevily prvn\u00ed kusy modelu Symbioz, n\u00e1rodn\u00ed medi\u00e1ln\u00ed premi\u00e9ru si v\u016fz&#8230;<\/p>\n","protected":false},"author":1,"featured_media":7372,"comment_status":"closed","ping_status":"closed","sticky":false,"template":"","format":"standard","meta":{"footnotes":""},"categories":[59,12,66],"tags":[],"class_list":["post-7366","post","type-post","status-publish","format-standard","has-post-thumbnail","hentry","category-automakers-tv","category-premiery","category-video"],"_links":{"self":[{"href":"https:\/\/www.automakers.cz\/index.php?rest_route=\/wp\/v2\/posts\/7366","targetHints":{"allow":["GET"]}}],"collection":[{"href":"https:\/\/www.automakers.cz\/index.php?rest_route=\/wp\/v2\/posts"}],"about":[{"href":"https:\/\/www.automakers.cz\/index.php?rest_route=\/wp\/v2\/types\/post"}],"author":[{"embeddable":true,"href":"https:\/\/www.automakers.cz\/index.php?rest_route=\/wp\/v2\/users\/1"}],"replies":[{"embeddable":true,"href":"https:\/\/www.automakers.cz\/index.php?rest_route=%2Fwp%2Fv2%2Fcomments&post=7366"}],"version-history":[{"count":14,"href":"https:\/\/www.automakers.cz\/index.php?rest_route=\/wp\/v2\/posts\/7366\/revisions"}],"predecessor-version":[{"id":7384,"href":"https:\/\/www.automakers.cz\/index.php?rest_route=\/wp\/v2\/posts\/7366\/revisions\/7384"}],"wp:featuredmedia":[{"embeddable":true,"href":"https:\/\/www.automakers.cz\/index.php?rest_route=\/wp\/v2\/media\/7372"}],"wp:attachment":[{"href":"https:\/\/www.automakers.cz\/index.php?rest_route=%2Fwp%2Fv2%2Fmedia&parent=7366"}],"wp:term":[{"taxonomy":"category","embeddable":true,"href":"https:\/\/www.automakers.cz\/index.php?rest_route=%2Fwp%2Fv2%2Fcategories&post=7366"},{"taxonomy":"post_tag","embeddable":true,"href":"https:\/\/www.automakers.cz\/index.php?rest_route=%2Fwp%2Fv2%2Ftags&post=7366"}],"curies":[{"name":"wp","href":"https:\/\/api.w.org\/{rel}","templated":true}]}}