{"id":7389,"date":"2024-09-20T06:45:17","date_gmt":"2024-09-20T06:45:17","guid":{"rendered":"https:\/\/www.automakers.cz\/?p=7389"},"modified":"2024-09-20T06:45:17","modified_gmt":"2024-09-20T06:45:17","slug":"nokian-tyres-otevira-tovarnu-v-oradee","status":"publish","type":"post","link":"https:\/\/www.automakers.cz\/?p=7389","title":{"rendered":"Nokian Tyres otev\u00edr\u00e1 tov\u00e1rnu v Oradee"},"content":{"rendered":"<p><strong>Nokian Tyres slavnostn\u011b otev\u0159ela tov\u00e1rnu na pneumatiky pro osobn\u00ed vozy v rumunsk\u00e9 Oradee. Z\u00e1vod podle sv\u00fdch mana\u017eer\u016f funguje, ani\u017e by vyu\u017e\u00edval jakoukoliv fosiln\u00ed energii, \u010d\u00edm\u017e se stala celosv\u011btov\u011b prvn\u00edm z\u00e1vodem na v\u00fdrobu pneumatik s nulov\u00fdmi emisemi CO2. <\/strong><!--more--><\/p>\n<p>Slavnostn\u00ed otev\u0159en\u00ed tov\u00e1rny Oradea se konalo za p\u0159\u00edtomnosti vysok\u00fdch \u010dinitel\u016f rumunsk\u00e9 vl\u00e1dy a m\u00edstn\u00edch org\u00e1n\u016f; velvyslanc\u016f Finska a Rumunska; spole\u010dn\u011b s p\u0159edstavenstvem spole\u010dnosti Nokian Tyres, mana\u017eersk\u00fdm t\u00fdmem a p\u0159ibli\u017en\u011b 200 hosty.<\/p>\n<p><img loading=\"lazy\" decoding=\"async\" class=\"alignnone size-medium wp-image-7392\" src=\"http:\/\/www.automakers.cz\/wp-content\/uploads\/2024\/09\/NokianTyresRomaniafactory02-900x600.jpg\" alt=\"\" width=\"900\" height=\"600\" srcset=\"https:\/\/www.automakers.cz\/wp-content\/uploads\/2024\/09\/NokianTyresRomaniafactory02-900x600.jpg 900w, https:\/\/www.automakers.cz\/wp-content\/uploads\/2024\/09\/NokianTyresRomaniafactory02-1024x683.jpg 1024w, https:\/\/www.automakers.cz\/wp-content\/uploads\/2024\/09\/NokianTyresRomaniafactory02-768x512.jpg 768w, https:\/\/www.automakers.cz\/wp-content\/uploads\/2024\/09\/NokianTyresRomaniafactory02-1536x1024.jpg 1536w, https:\/\/www.automakers.cz\/wp-content\/uploads\/2024\/09\/NokianTyresRomaniafactory02.jpg 1620w\" sizes=\"auto, (max-width: 900px) 100vw, 900px\" \/><em>\u201eS\u00a0velk\u00fdm pot\u011b\u0161en\u00edm dnes slavnostn\u011b otev\u00edr\u00e1me n\u00e1\u0161 v\u00fdrobn\u00ed z\u00e1vod v Oradee. D\u00edky n\u011bmu dok\u00e1\u017eeme l\u00e9pe obslou\u017eit na\u0161e z\u00e1kazn\u00edky ve st\u0159edn\u00ed Evrop\u011b i jinde a podpo\u0159\u00ed n\u00e1\u0161 r\u016fst na pl\u00e1novan\u00fd \u010dist\u00fd odbyt 2\u00a0miliard EUR. S\u00a0na\u0161\u00ed tov\u00e1rnou na pneumatiky zcela bez emis\u00ed CO2 jsme p\u0159ipraveni st\u00e1t se \u0161pi\u010dkou v\u00a0na\u0161em odv\u011btv\u00ed a stanovit nov\u00e9 standardy pro udr\u017eitelnou v\u00fdrobu pneumatik,\u201c<\/em>\u00a0uv\u00e1d\u00ed\u00a0<strong>Jukka Moisio<\/strong>, prezident a gener\u00e1ln\u00ed \u0159editel Nokian Tyres.<\/p>\n<p><em>\u201eCel\u00e1 stavba prob\u00edhala vysoce efektivn\u011b a cht\u011bl bych pod\u011bkovat v\u0161em, kdo se na tomto \u00fasp\u011b\u0161n\u00e9m projektu pod\u00edleli,\u201c<\/em>\u00a0dod\u00e1v\u00e1.<\/p>\n<p><strong>Zdroj: McCann<\/strong><\/p>\n","protected":false},"excerpt":{"rendered":"<p>Nokian Tyres slavnostn\u011b otev\u0159ela tov\u00e1rnu na pneumatiky pro osobn\u00ed vozy v rumunsk\u00e9 Oradee. Z\u00e1vod podle&#8230;<\/p>\n","protected":false},"author":1,"featured_media":7391,"comment_status":"closed","ping_status":"closed","sticky":false,"template":"","format":"standard","meta":{"footnotes":""},"categories":[23,3,61],"tags":[],"class_list":["post-7389","post","type-post","status-publish","format-standard","has-post-thumbnail","hentry","category-dodavatele","category-investice","category-pneu"],"_links":{"self":[{"href":"https:\/\/www.automakers.cz\/index.php?rest_route=\/wp\/v2\/posts\/7389","targetHints":{"allow":["GET"]}}],"collection":[{"href":"https:\/\/www.automakers.cz\/index.php?rest_route=\/wp\/v2\/posts"}],"about":[{"href":"https:\/\/www.automakers.cz\/index.php?rest_route=\/wp\/v2\/types\/post"}],"author":[{"embeddable":true,"href":"https:\/\/www.automakers.cz\/index.php?rest_route=\/wp\/v2\/users\/1"}],"replies":[{"embeddable":true,"href":"https:\/\/www.automakers.cz\/index.php?rest_route=%2Fwp%2Fv2%2Fcomments&post=7389"}],"version-history":[{"count":3,"href":"https:\/\/www.automakers.cz\/index.php?rest_route=\/wp\/v2\/posts\/7389\/revisions"}],"predecessor-version":[{"id":7394,"href":"https:\/\/www.automakers.cz\/index.php?rest_route=\/wp\/v2\/posts\/7389\/revisions\/7394"}],"wp:featuredmedia":[{"embeddable":true,"href":"https:\/\/www.automakers.cz\/index.php?rest_route=\/wp\/v2\/media\/7391"}],"wp:attachment":[{"href":"https:\/\/www.automakers.cz\/index.php?rest_route=%2Fwp%2Fv2%2Fmedia&parent=7389"}],"wp:term":[{"taxonomy":"category","embeddable":true,"href":"https:\/\/www.automakers.cz\/index.php?rest_route=%2Fwp%2Fv2%2Fcategories&post=7389"},{"taxonomy":"post_tag","embeddable":true,"href":"https:\/\/www.automakers.cz\/index.php?rest_route=%2Fwp%2Fv2%2Ftags&post=7389"}],"curies":[{"name":"wp","href":"https:\/\/api.w.org\/{rel}","templated":true}]}}