{"id":7395,"date":"2024-09-22T08:32:17","date_gmt":"2024-09-22T08:32:17","guid":{"rendered":"https:\/\/www.automakers.cz\/?p=7395"},"modified":"2024-09-22T10:03:11","modified_gmt":"2024-09-22T10:03:11","slug":"hyundai-a-skoda-group-se-dohodly-na-vodiku","status":"publish","type":"post","link":"https:\/\/www.automakers.cz\/?p=7395","title":{"rendered":"Hyundai a \u0160koda Group se dohodly na vod\u00edku"},"content":{"rendered":"<p><strong><b>Na \u010cesko &#8211; Korejsk\u00e9m obchodn\u00edm f\u00f3ru, kter\u00e9 se konalo v Praze, podepsaly Hyundai Motor Company a \u0160koda Group memorandum o shod\u011b, t\u00fdkaj\u00edc\u00ed se zah\u00e1jen\u00ed spolupr\u00e1ce na budov\u00e1n\u00ed ekosyst\u00e9mu vod\u00edkov\u00e9 mobility.<\/b><\/strong><!--more--><\/p>\n<p>Ken Ram\u00edrez, v\u00fdkonn\u00fd viceprezident a vedouc\u00ed glob\u00e1ln\u00ed divize u\u017eitkov\u00fdch vozidel spole\u010dnosti Hyundai Motor Company, kter\u00fd nese odpov\u011bdnost tak\u00e9 za aktivity v oblasti vod\u00edku, a Petr Novotn\u00fd, gener\u00e1ln\u00ed \u0159editel spole\u010dnosti \u0160koda Group, memorandum podepsali v pr\u016fb\u011bhu korejsko-\u010desk\u00e9ho obchodn\u00edho summitu v\u00a0Praze.<\/p>\n<p>\u201eC\u00edlem na\u0161eho partnerstv\u00ed se zna\u010dkou \u0160koda Group je urychlit p\u0159ijet\u00ed vod\u00edku, kter\u00e9 by p\u0159isp\u011blo k rozvoji vod\u00edkov\u00fdch technologi\u00ed a uhl\u00edkov\u00e9 neutrality nap\u0159\u00ed\u010d\u00a0glob\u00e1ln\u00edmi trhy v\u010detn\u011b\u00a0\u010cesk\u00e9 republiky,\u201c \u0159ekl Ken Ram\u00edrez. \u201eSpole\u010dn\u011b\u00a0chceme st\u00e1t v \u010dele rychle rostouc\u00edho vod\u00edkov\u00e9ho odv\u011btv\u00ed na z\u00e1klad\u011b\u00a0pozitivn\u00edch synergi\u00ed vypl\u00fdvaj\u00edc\u00edch z pou\u017eit\u00ed na\u0161\u00ed techniky palivov\u00fdch \u010dl\u00e1nk\u016f\u00a0v produktech a projektech zna\u010dky \u0160koda v oblasti mobility.\u201c<\/p>\n<p>\u201eJsme p\u0159esv\u011bd\u010deni o tom, \u017ee vod\u00edk, spolu s energeticky hospod\u00e1rn\u00fdmi \u0159e\u0161en\u00edmi, sehraje z\u00e1sadn\u00ed roli v transformaci mobility pro udr\u017eiteln\u011bj\u0161\u00ed budoucnost. Spolupr\u00e1ce se zna\u010dkou Hyundai n\u00e1m umo\u017en\u00ed p\u0159ekro\u010dit lok\u00e1ln\u00ed hranice a prozkoumat \u0161ir\u0161\u00ed trhy, kde ji\u017e tyto technologie maj\u00ed v\u011bt\u0161\u00ed vliv. Budeme schopni p\u0159in\u00e1\u0161et do glob\u00e1ln\u00edho ekosyst\u00e9mu mobility inovativn\u00ed, ekologick\u00e1 \u0159e\u0161en\u00ed a prosazovat \u010dist\u011bj\u0161\u00ed energie v oblastech, kde jsou nejv\u00edce zapot\u0159eb\u00ed,\u201c \u0159ekl Petr Novotn\u00fd, gener\u00e1ln\u00ed \u0159editel spole\u010dnosti \u0160koda Group.<\/p>\n<p>Memorandum o shod\u011b\u00a0po\u010d\u00edt\u00e1 s vypracov\u00e1n\u00edm \u0159ady studi\u00ed, mimo jin\u00e9 o mo\u017enostech p\u0159evzet\u00ed syst\u00e9m\u016f\u00a0a technologi\u00ed palivov\u00fdch \u010dl\u00e1nk\u016f\u00a0na vod\u00edk \u010di adaptace hospod\u00e1rn\u00fdch \u0159e\u0161en\u00ed pro projekty v oblasti mobility, a tak\u00e9 s posouzen\u00edm \u0161ir\u0161\u00edch p\u0159\u00edle\u017eitost\u00ed v oblastech vod\u00edkov\u00e9ho ekosyst\u00e9mu.<\/p>\n<p>Ob\u011b\u00a0strany sd\u00edlej\u00ed stanovisko, \u017ee vod\u00edk bude kl\u00ed\u010dov\u00fdm pil\u00ed\u0159em udr\u017eiteln\u00e9 spole\u010dnosti, a na z\u00e1klad\u011b\u00a0memoranda o shod\u011b\u00a0se budou zab\u00fdvat mo\u017enost\u00ed, \u017ee by Hyundai poskytl sv\u016fj syst\u00e9m a technologii palivov\u00fdch \u010dl\u00e1nk\u016f, a p\u0159isp\u011bl tak k urychlen\u00e9mu rozvoji ekologick\u00e9 mobility nap\u0159\u00ed\u010d\u00a0glob\u00e1ln\u00edmi trhy, na nich\u017e je zna\u010dka \u0160koda Group p\u0159\u00edtomna, v\u010detn\u011b\u00a0\u010cesk\u00e9 republiky.<\/p>\n<p>Zna\u010dky Hyundai a \u0160koda Group t\u00e9\u017e vypracuj\u00ed studie uskute\u010dnitelnosti rozli\u010dn\u00fdch vyu\u017eit\u00ed palivov\u00fdch \u010dl\u00e1nk\u016f\u00a0mimo oblast mobility. Hyundai je p\u0159ipraven sehr\u00e1t kl\u00ed\u010dovou roli v energetick\u00e9 transformaci, p\u0159i\u010dem\u017e m\u016f\u017ee t\u011b\u017eit ze sv\u00e9ho odborn\u00e9ho know-how v glob\u00e1ln\u00edm vyu\u017eit\u00ed vod\u00edku pro mobilitu i energetiku.<\/p>\n<p>Spole\u010dnost Hyundai Motor Group usiluje o vytvo\u0159en\u00ed vod\u00edkov\u00e9 spole\u010dnosti prost\u0159ednictv\u00edm sv\u00e9 zna\u010dky HTWO, kter\u00e1 se zam\u011b\u0159uje na vod\u00edkov\u00fd hodnotov\u00fd \u0159et\u011bzec. HTWO zast\u0159e\u0161uje obchodn\u00ed divize a dce\u0159in\u00e9 spole\u010dnosti pokr\u00fdvaj\u00edc\u00ed v\u0161echny \u010d\u00e1sti kompletn\u00edho vod\u00edkov\u00e9ho \u0159et\u011bzce.<\/p>\n<p><strong>Zdroj: Newsroom Hyundai, David Pavl\u00ed\u010dek<br \/>\n<\/strong><\/p>\n","protected":false},"excerpt":{"rendered":"<p>Na \u010cesko &#8211; Korejsk\u00e9m obchodn\u00edm f\u00f3ru, kter\u00e9 se konalo v Praze, podepsaly Hyundai Motor Company&#8230;<\/p>\n","protected":false},"author":1,"featured_media":7398,"comment_status":"closed","ping_status":"closed","sticky":false,"template":"","format":"standard","meta":{"footnotes":""},"categories":[22,31,39],"tags":[],"class_list":["post-7395","post","type-post","status-publish","format-standard","has-post-thumbnail","hentry","category-konference","category-news","category-vodik"],"_links":{"self":[{"href":"https:\/\/www.automakers.cz\/index.php?rest_route=\/wp\/v2\/posts\/7395","targetHints":{"allow":["GET"]}}],"collection":[{"href":"https:\/\/www.automakers.cz\/index.php?rest_route=\/wp\/v2\/posts"}],"about":[{"href":"https:\/\/www.automakers.cz\/index.php?rest_route=\/wp\/v2\/types\/post"}],"author":[{"embeddable":true,"href":"https:\/\/www.automakers.cz\/index.php?rest_route=\/wp\/v2\/users\/1"}],"replies":[{"embeddable":true,"href":"https:\/\/www.automakers.cz\/index.php?rest_route=%2Fwp%2Fv2%2Fcomments&post=7395"}],"version-history":[{"count":4,"href":"https:\/\/www.automakers.cz\/index.php?rest_route=\/wp\/v2\/posts\/7395\/revisions"}],"predecessor-version":[{"id":7403,"href":"https:\/\/www.automakers.cz\/index.php?rest_route=\/wp\/v2\/posts\/7395\/revisions\/7403"}],"wp:featuredmedia":[{"embeddable":true,"href":"https:\/\/www.automakers.cz\/index.php?rest_route=\/wp\/v2\/media\/7398"}],"wp:attachment":[{"href":"https:\/\/www.automakers.cz\/index.php?rest_route=%2Fwp%2Fv2%2Fmedia&parent=7395"}],"wp:term":[{"taxonomy":"category","embeddable":true,"href":"https:\/\/www.automakers.cz\/index.php?rest_route=%2Fwp%2Fv2%2Fcategories&post=7395"},{"taxonomy":"post_tag","embeddable":true,"href":"https:\/\/www.automakers.cz\/index.php?rest_route=%2Fwp%2Fv2%2Ftags&post=7395"}],"curies":[{"name":"wp","href":"https:\/\/api.w.org\/{rel}","templated":true}]}}