{"id":743,"date":"2023-12-06T09:20:49","date_gmt":"2023-12-06T09:20:49","guid":{"rendered":"https:\/\/www.automakers.cz\/?p=743"},"modified":"2023-12-06T09:20:49","modified_gmt":"2023-12-06T09:20:49","slug":"kolinska-toyota-predala-vanocni-sbirku","status":"publish","type":"post","link":"https:\/\/www.automakers.cz\/?p=743","title":{"rendered":"Kol\u00ednsk\u00e1 Toyota p\u0159edala v\u00e1no\u010dn\u00ed sb\u00edrku."},"content":{"rendered":"<p><strong>Zam\u011bstnanci kol\u00ednsk\u00e9 Toyoty vybrali pro m\u00edstn\u00ed nemocnici t\u00e9m\u011b\u0159 p\u0159es 1000 ply\u0161\u00e1k\u016f a her pro d\u011btsk\u00e9 odd\u011blen\u00ed a hasi\u010di si odvezli 365 ply\u0161\u00e1k\u016f \u201esopt\u00edk\u016f\u201c. T\u0159i \u0161eky, ka\u017ed\u00fd v hodnot\u011b 72 811 K\u010d, si odvezly rodiny t\u0159ech d\u011bt\u00ed, Lucinky, Maty\u00e1\u0161ka a Tamarky, kter\u00e9 si z darovan\u00fdch prost\u0159edk\u016f uhrad\u00ed n\u00e1klady na pot\u0159ebn\u00e9 zdravotn\u00ed pom\u016fcky nehrazen\u00e9 zdravotn\u00ed poji\u0161\u0165ovnou.<\/strong><!--more--><\/p>\n<p>\u201eObdarovan\u00e9 rodiny vze\u0161ly z\u00a0doporu\u010den\u00fdch p\u0159\u00edb\u011bh\u016f p\u0159\u00edmo od na\u0161ich zam\u011bstnanc\u016f, kte\u0159\u00ed tak mohou p\u0159\u00edmo ovlivnit sv\u016fj nebo \u017eivot zn\u00e1m\u00fdch a\u00a0pomoci v\u00a0nelehk\u00e9 \u017eivotn\u00ed situaci. Velmi si cen\u00edme jejich aktivn\u00edho p\u0159\u00edstupu\u201c, doplnil Koreatsu Aoki, prezident automobilky.<\/p>\n<p>Historie zam\u011bstnaneck\u00fdch sb\u00edrek v\u00a0kol\u00ednsk\u00e9m z\u00e1vod\u011b za\u010d\u00edn\u00e1 v\u00a0roce 2007, kdy firma vyhl\u00e1sila prvn\u00ed ro\u010dn\u00edk v\u00e1no\u010dn\u00ed sb\u00edrky. Zam\u011bstnanci a\u00a0firma dlouhodob\u011b spole\u010dn\u011b pom\u00e1haj\u00ed v\u00a0region a\u00a0aktivn\u011b se pod\u00edlej\u00ed na r\u016fzn\u00fdch charitativn\u00edch, dobrovolnick\u00fdch a\u00a0kulturn\u00edch projektech.<\/p>\n","protected":false},"excerpt":{"rendered":"<p>Zam\u011bstnanci kol\u00ednsk\u00e9 Toyoty vybrali pro m\u00edstn\u00ed nemocnici t\u00e9m\u011b\u0159 p\u0159es 1000 ply\u0161\u00e1k\u016f a her pro d\u011btsk\u00e9&#8230;<\/p>\n","protected":false},"author":2,"featured_media":744,"comment_status":"open","ping_status":"open","sticky":false,"template":"","format":"standard","meta":{"footnotes":""},"categories":[1],"tags":[],"class_list":["post-743","post","type-post","status-publish","format-standard","has-post-thumbnail","hentry","category-uncategorized"],"_links":{"self":[{"href":"https:\/\/www.automakers.cz\/index.php?rest_route=\/wp\/v2\/posts\/743","targetHints":{"allow":["GET"]}}],"collection":[{"href":"https:\/\/www.automakers.cz\/index.php?rest_route=\/wp\/v2\/posts"}],"about":[{"href":"https:\/\/www.automakers.cz\/index.php?rest_route=\/wp\/v2\/types\/post"}],"author":[{"embeddable":true,"href":"https:\/\/www.automakers.cz\/index.php?rest_route=\/wp\/v2\/users\/2"}],"replies":[{"embeddable":true,"href":"https:\/\/www.automakers.cz\/index.php?rest_route=%2Fwp%2Fv2%2Fcomments&post=743"}],"version-history":[{"count":3,"href":"https:\/\/www.automakers.cz\/index.php?rest_route=\/wp\/v2\/posts\/743\/revisions"}],"predecessor-version":[{"id":749,"href":"https:\/\/www.automakers.cz\/index.php?rest_route=\/wp\/v2\/posts\/743\/revisions\/749"}],"wp:featuredmedia":[{"embeddable":true,"href":"https:\/\/www.automakers.cz\/index.php?rest_route=\/wp\/v2\/media\/744"}],"wp:attachment":[{"href":"https:\/\/www.automakers.cz\/index.php?rest_route=%2Fwp%2Fv2%2Fmedia&parent=743"}],"wp:term":[{"taxonomy":"category","embeddable":true,"href":"https:\/\/www.automakers.cz\/index.php?rest_route=%2Fwp%2Fv2%2Fcategories&post=743"},{"taxonomy":"post_tag","embeddable":true,"href":"https:\/\/www.automakers.cz\/index.php?rest_route=%2Fwp%2Fv2%2Ftags&post=743"}],"curies":[{"name":"wp","href":"https:\/\/api.w.org\/{rel}","templated":true}]}}