{"id":7431,"date":"2024-09-24T09:08:26","date_gmt":"2024-09-24T09:08:26","guid":{"rendered":"https:\/\/www.automakers.cz\/?p=7431"},"modified":"2024-09-24T09:34:23","modified_gmt":"2024-09-24T09:34:23","slug":"mg-predvedla-model-hs-v-bastionu","status":"publish","type":"post","link":"https:\/\/www.automakers.cz\/?p=7431","title":{"rendered":"MG p\u0159edvedla model HS v Bastionu"},"content":{"rendered":"<p><b>Zna\u010dka MG v z\u00e1\u0159\u00ed uvedla model HS na \u010desk\u00fd trh. Novin\u00e1\u0159skou premi\u00e9ru si v\u016fz odbyl v restauraci BASTION PRAGUE, novinku p\u0159edstavili \u0161\u00e9f importu Martin Kr\u00e1l\u00ed\u010dek a \u0159editel marketingu Marek Vodi\u010dka. S ob\u011bma mana\u017eery chyst\u00e1me rozhovory pro printov\u00e9 vyd\u00e1n\u00ed!<br \/>\n<\/b><!--more--><\/p>\n<p>Nov\u00e9 MG HS bylo poprv\u00e9 p\u0159edstaven\u00e9 na Festivalu rychlosti v Goodwoodu 2024, kde zna\u010dka MG oslavila 100 let sv\u00e9 existence. Nab\u00edz\u00ed benz\u00ednov\u00e9, a do budoucna tak\u00e9 plug-in hybridn\u00ed (PHEV) proveden\u00ed. Na v\u016fz se vztahuje tov\u00e1rn\u00ed z\u00e1ruka po dobu 7 let \/ 150 000 km.<\/p>\n<p><img loading=\"lazy\" decoding=\"async\" class=\"alignnone size-medium wp-image-7451\" src=\"http:\/\/www.automakers.cz\/wp-content\/uploads\/2024\/09\/MG-HS-Kralicek-900x506.jpg\" alt=\"\" width=\"900\" height=\"506\" srcset=\"https:\/\/www.automakers.cz\/wp-content\/uploads\/2024\/09\/MG-HS-Kralicek-900x506.jpg 900w, https:\/\/www.automakers.cz\/wp-content\/uploads\/2024\/09\/MG-HS-Kralicek-1024x576.jpg 1024w, https:\/\/www.automakers.cz\/wp-content\/uploads\/2024\/09\/MG-HS-Kralicek-768x432.jpg 768w, https:\/\/www.automakers.cz\/wp-content\/uploads\/2024\/09\/MG-HS-Kralicek-1536x864.jpg 1536w, https:\/\/www.automakers.cz\/wp-content\/uploads\/2024\/09\/MG-HS-Kralicek-1280x720.jpg 1280w, https:\/\/www.automakers.cz\/wp-content\/uploads\/2024\/09\/MG-HS-Kralicek.jpg 2040w\" sizes=\"auto, (max-width: 900px) 100vw, 900px\" \/>\u201eP\u0159edchoz\u00ed proveden\u00ed HS bylo velmi obl\u00edben\u00e9. Ale toto nov\u00e9 zved\u00e1 la\u0165ku je\u0161t\u011b lep\u0161\u00ed v\u00fdbavou a atraktivn\u00edm designem MG, kter\u00fdm se HS odli\u0161uje od ostatn\u00edch SUV na trhu, jako\u017e i nab\u00eddkou modern\u00edch pohon\u016f \u2013 benz\u00ednov\u00e9ho, a do budoucna tak\u00e9 plug-in hybridn\u00edho pohonu. Tento skv\u011bl\u00fd model bude nyn\u00ed je\u0161t\u011b siln\u011bj\u0161\u00edm hr\u00e1\u010dem na trhu,\u201c \u0159ekl Martin Kr\u00e1l\u00ed\u010dek, gener\u00e1ln\u00ed \u0159editel MG Motor Czech.<\/p>\n<p><iframe loading=\"lazy\"  id=\"_ytid_57698\"  width=\"640\" height=\"360\"  data-origwidth=\"640\" data-origheight=\"360\" src=\"https:\/\/www.youtube.com\/embed\/pSiRX659ga4?enablejsapi=1&#038;autoplay=0&#038;cc_load_policy=0&#038;cc_lang_pref=&#038;iv_load_policy=1&#038;loop=0&#038;modestbranding=0&#038;rel=1&#038;fs=1&#038;playsinline=0&#038;autohide=2&#038;theme=dark&#038;color=red&#038;controls=1&#038;\" class=\"__youtube_prefs__  epyt-is-override  no-lazyload\" title=\"YouTube player\"  allow=\"accelerometer; autoplay; clipboard-write; encrypted-media; gyroscope; picture-in-picture\" allowfullscreen data-no-lazy=\"1\" data-skipgform_ajax_framebjll=\"\"><\/iframe><\/p>\n<p>Pro nov\u00e9 MG HS je d\u00e1le k dispozici nov\u00e1 generace benz\u00ednov\u00e9ho motoru 1,5T s maxim\u00e1ln\u00edm v\u00fdkonem 125 kW (169 k), to\u010div\u00fdm momentem 275 Nm a zrychlen\u00edm z\u00a00 na 100 km\/h za 9,4 sekundy. Nov\u00e9 HS je standardn\u011b vybaveno \u0161estistup\u0148ovou manu\u00e1ln\u00ed p\u0159evodovkou, ale na p\u0159\u00e1n\u00ed je k dispozici tak\u00e9 sedmistup\u0148ov\u00fd automat DCT.<\/p>\n<p><img loading=\"lazy\" decoding=\"async\" class=\"alignnone size-medium wp-image-7447\" src=\"http:\/\/www.automakers.cz\/wp-content\/uploads\/2024\/09\/MG-HS-Vodicka-900x600.jpg\" alt=\"\" width=\"900\" height=\"600\" \/><strong><b>Marketingov\u00e9 c\u00edle zna\u010dky i nov\u00e9ho modelu p\u0159ibl\u00ed\u017eil novin\u00e1\u0159\u016fm Marek Vodi\u010dka<\/b><\/strong><\/p>\n<p>Nov\u00e9 MG HS p\u0159in\u00e1\u0161\u00ed je\u0161t\u011b rafinovan\u011bj\u0161\u00ed tvary karoserie s del\u0161\u00edm rozvorem, co\u017e znamen\u00e1 v\u011bt\u0161\u00ed prostornost kabiny pro pos\u00e1dku a kultivovan\u00e9 proporce exteri\u00e9ru s krat\u0161\u00edmi p\u0159evisy, zvedaj\u00edc\u00ed se bo\u010dn\u00ed lini\u00ed a n\u00edzk\u00fdm prosklen\u00edm.<\/p>\n<p>V porovn\u00e1n\u00ed s p\u0159edchoz\u00edm proveden\u00edm je nov\u00e9 MG HS o 14 mm \u0161ir\u0161\u00ed (1 890 mm) a 26 mm del\u0161\u00ed (4 636 mm), ale d\u00edky nov\u00e9mu elegantn\u00edmu profilu se v\u016fz celkov\u011b sn\u00ed\u017eil p\u0159ibli\u017en\u011b o 30 mm. Rozvor se prodlou\u017eil o 30 mm na 2 750 mm, co\u017e se prom\u00edtlo do sportovn\u011bj\u0161\u00ed siluety a velkorysej\u0161\u00edho prostoru v interi\u00e9ru.<\/p>\n<p>V\u00fdrazn\u00e1 m\u0159\u00ed\u017eka chladi\u010de navazuje na nejnov\u011bj\u0161\u00ed generaci designov\u00e9ho jazyka MG poprv\u00e9 pou\u017eit\u00e9ho u nov\u00e9ho modelu MG3, zat\u00edmco nov\u00e9 \u0161t\u00edhlej\u0161\u00ed sv\u011btlomety ozvl\u00e1\u0161t\u0148uj\u00ed toto SUV technicistn\u00edm motivem, jeho\u017e sou\u010d\u00e1st\u00ed je i \u010dern\u00fd panel propojuj\u00edc\u00ed sv\u011btlomety s d\u016frazem na \u0161\u00ed\u0159ku nov\u00e9ho vozu.<\/p>\n<p>Design sv\u011btlomet\u016f je na z\u00e1di nov\u00e9ho HS umocn\u011bn proveden\u00edm LED zadn\u00edch sv\u011btel propojen\u00fdch centr\u00e1ln\u00edm motivem; tvar p\u00edsmene \u201eX\u201c prop\u016fj\u010duje vozu rozpoznateln\u00fd sv\u011bteln\u00fd podpis po setm\u011bn\u00ed.<\/p>\n<p><img loading=\"lazy\" decoding=\"async\" class=\"alignnone size-medium wp-image-7446\" src=\"http:\/\/www.automakers.cz\/wp-content\/uploads\/2024\/09\/MG-HS-Bastion-Kostolnik-900x506.jpg\" alt=\"\" width=\"900\" height=\"506\" srcset=\"https:\/\/www.automakers.cz\/wp-content\/uploads\/2024\/09\/MG-HS-Bastion-Kostolnik-900x506.jpg 900w, https:\/\/www.automakers.cz\/wp-content\/uploads\/2024\/09\/MG-HS-Bastion-Kostolnik-1024x576.jpg 1024w, https:\/\/www.automakers.cz\/wp-content\/uploads\/2024\/09\/MG-HS-Bastion-Kostolnik-768x432.jpg 768w, https:\/\/www.automakers.cz\/wp-content\/uploads\/2024\/09\/MG-HS-Bastion-Kostolnik-1536x864.jpg 1536w, https:\/\/www.automakers.cz\/wp-content\/uploads\/2024\/09\/MG-HS-Bastion-Kostolnik-1280x720.jpg 1280w, https:\/\/www.automakers.cz\/wp-content\/uploads\/2024\/09\/MG-HS-Bastion-Kostolnik.jpg 2040w\" sizes=\"auto, (max-width: 900px) 100vw, 900px\" \/><strong><b>Interi\u00e9r: konektivita, prostornost a pohodl\u00ed<\/b><\/strong><\/p>\n<p>Nov\u00e9 HS ukazuje z\u00e1m\u011br zna\u010dky MG p\u0159in\u00e1\u0161et standardn\u011b z\u00e1kazn\u00edk\u016fm je\u0161t\u011b v\u00edce v\u00fdbavy, prostoru a pohodl\u00ed v\u010detn\u011b stylov\u00e9 a modern\u00ed kabiny.<\/p>\n<p>Nab\u00eddku technologi\u00ed na palub\u011b HS nyn\u00ed umoc\u0148uj\u00ed dva velk\u00e9 12,3&#8243; displeje s\u00a0velmi jemnou grafikou. St\u0159edov\u00fd displej slou\u017e\u00ed pro infotainment s on-line slu\u017ebami navigace v\u010detn\u011b po\u010das\u00ed, nep\u0159etr\u017eit\u00fdch dopravn\u00edch aktualizac\u00ed, p\u0159\u00edstupu ke slu\u017eb\u011b Amazon Music a podpory p\u0159ipojen\u00ed chytr\u00fdch telefon\u016f p\u0159es Android Auto\u2122 a Apple CarPlay\u00ae. Standardem vy\u0161\u0161\u00edch v\u00fdbav je d\u00e1le nov\u00e1 360\u00b0 kamera pro monitorov\u00e1n\u00ed okol\u00ed a bezdr\u00e1tov\u00e9 dob\u00edjen\u00ed telefon\u016f.<\/p>\n<p>Druh\u00fd 12,3&#8243; virtu\u00e1ln\u00ed displej p\u0159ed \u0159idi\u010dem podporuje dva motivy \u2013 sv\u011btl\u00fd a tmav\u00fd \u2013 a t\u0159i r\u016fzn\u00e9 provozn\u00ed re\u017eimy \u2013 Map, Digital a ADAS. Pro ka\u017ed\u00fd z t\u011bchto re\u017eim\u016f je p\u0159ipraveno jedine\u010dn\u00e9 uspo\u0159\u00e1d\u00e1n\u00ed se zam\u011b\u0159en\u00edm na roluj\u00edc\u00ed zobrazov\u00e1n\u00ed navigace, zjednodu\u0161en\u00fd souhrn nejd\u016fle\u017eit\u011bj\u0161\u00edch j\u00edzdn\u00edch \u00fadaj\u016f, nebo vizualizaci vozidla a nejbli\u017e\u0161\u00edho okol\u00ed v re\u00e1ln\u00e9m \u010dase (s\u00a0vyu\u017eit\u00edm asisten\u010dn\u00edch syst\u00e9mu \u0159idi\u010de).<\/p>\n<p>K p\u0159\u00edv\u011btiv\u00e9 atmosf\u00e9\u0159e v interi\u00e9ru p\u0159isp\u00edvaj\u00ed nov\u00e9 kvalitn\u00ed materi\u00e1ly v\u010detn\u011b luxusn\u00edch detail\u016f, zavr\u0161en\u00e9 hlavn\u00edmi prvky kontaktu \u0159idi\u010de s vozem \u2013 t\u011bmi jsou t\u0159eba nov\u00fd t\u0159\u00edramenn\u00fd volant s\u00a0vylep\u0161en\u00fdmi ovl\u00e1dac\u00edmi prvky, resp. modern\u00ed voli\u010d p\u0159evodovky s\u00a0mo\u017enost\u00ed sekven\u010dn\u00edho \u0159azen\u00ed.<\/p>\n<p>Zavazadlov\u00fd prostor se zv\u011bt\u0161il o 44 litr\u016f na nyn\u011bj\u0161\u00edch 507 litr\u016f; \u0161ir\u0161\u00ed kabina p\u0159isp\u00edv\u00e1 k pocitu pohodl\u00ed cel\u00e9 pos\u00e1dky. D\u00edky dal\u0161\u00edm \u00falo\u017en\u00fdm prostor\u016fm po cel\u00e9 kabin\u011b je zde dostatek m\u00edsta pro osobn\u00ed v\u011bci ka\u017ed\u00e9ho z\u00a0cestuj\u00edc\u00edch.<\/p>\n<p><strong><b>Zcela nov\u00e9 MG HS \u2013 kl\u00ed\u010dov\u00e9 vlastnosti<\/b><\/strong><\/p>\n<p>Zna\u010dka MG i nad\u00e1le z\u00e1kazn\u00edk\u016fm nab\u00edz\u00ed mimo\u0159\u00e1dn\u011b vysokou hodnotu sv\u00fdch voz\u016f, p\u0159i\u010dem\u017e nov\u00e9 HS se v porovn\u00e1n\u00ed s kon\u010d\u00edc\u00edm modelem py\u0161n\u00ed celou \u0159adou d\u016fle\u017eit\u00fdch vylep\u0161en\u00ed v\u00fdbavy.<\/p>\n<p>To plat\u00ed tak\u00e9 pro nejvy\u0161\u0161\u00ed v\u00fdbavu nov\u00e9ho HS, kter\u00e1 ji\u017e ve standardu p\u0159in\u00e1\u0161\u00ed kr\u00e1sn\u00e1 19&#8243; kola z\u00a0lehk\u00e9 slitiny s brou\u0161en\u00fdmi povrchy, p\u0159edn\u00ed mlhov\u00e1 sv\u011btla, elektricky nastaviteln\u00e1, vyh\u0159\u00edvan\u00e1 a sklopn\u00e1 zp\u011btn\u00e1 zrc\u00e1tka s pam\u011b\u0165ovou funkc\u00ed, elektrick\u00e9 nastavov\u00e1n\u00ed sedadla \u0159idi\u010de v 6 sm\u011brech s\u00a0nastavitelnou bedern\u00ed op\u011brkou, elektrick\u00e9 ovl\u00e1d\u00e1n\u00ed p\u00e1t\u00fdch dve\u0159\u00ed, 360\u00b0 kameru pro monitorov\u00e1n\u00ed okol\u00ed, audiosyst\u00e9m s 8 reproduktory, syst\u00e9m iSmart v\u010detn\u011b on-line slu\u017eeb, bezdr\u00e1tov\u00e9 nab\u00edjen\u00ed chytr\u00fdch telefon\u016f a v\u00a0budoucnu technologii V2L (Vehicle-to-Load) u proveden\u00ed PHEV.<\/p>\n<p>Samoz\u0159ejmost\u00ed\u00a0jsou vylep\u0161en\u00e9 bezpe\u010dnostn\u00ed syst\u00e9my MG Pilot v\u010detn\u011b aktivn\u00edho nouzov\u00e9ho brzd\u011bn\u00ed s rozpozn\u00e1v\u00e1n\u00edm chodc\u016f a j\u00edzdn\u00edch kol, syst\u00e9mu pro udr\u017eov\u00e1n\u00ed vozidla v j\u00edzdn\u00edm pruhu se syst\u00e9mem varov\u00e1n\u00ed p\u0159i opu\u0161t\u011bn\u00ed j\u00edzdn\u00edho pruhu, rozpozn\u00e1v\u00e1n\u00ed slep\u00e9ho \u00fahlu s\u00a0asistentem zm\u011bny j\u00edzdn\u00edho pruhu, syst\u00e9mu sledov\u00e1n\u00ed \u00fanavy \u0159idi\u010de, prediktivn\u00edho varov\u00e1n\u00ed p\u0159ed \u010deln\u00ed sr\u00e1\u017ekou, syst\u00e9mu sledov\u00e1n\u00ed provozu v p\u0159\u00ed\u010dn\u00e9m sm\u011bru za vozidlem a v\u00fdstrahy p\u0159i otev\u00edr\u00e1n\u00ed dve\u0159\u00ed.<\/p>\n<p>V\u00a0kombinaci s\u00a0automatickou p\u0159evodovkou DCT je zcela nov\u00e9 HS vybaveno tak\u00e9 adaptivn\u00edm tempomatem (ACC), asistentem pro j\u00edzdu v\u00a0kolon\u011b a inteligentn\u00edm ukazatelem rychlostn\u00edch limit\u016f.<\/p>\n<p>Uveden\u00e9 prvky stoj\u00ed nad r\u00e1mec ji\u017e tak velkorys\u00e9 standardn\u00ed v\u00fdbavy nov\u00e9ho HS, kter\u00e1 zahrnuje automatick\u00e9 pln\u011b diodov\u00e9 LED sv\u011btlomety s funkc\u00ed \u201eFollow-me-home\u201c, zadn\u00ed parkovac\u00ed senzory, zadn\u00ed parkovac\u00ed kameru, elektrick\u00e9 nastavov\u00e1n\u00ed a vyh\u0159\u00edv\u00e1n\u00ed zp\u011btn\u00fdch zrc\u00e1tek, elektrick\u00e9 nastavov\u00e1n\u00ed sedadla \u0159idi\u010de v 6 sm\u011brech (resp. ru\u010dn\u00ed nastavov\u00e1n\u00ed sedadla spolujezdce ve 4 sm\u011brech), klimatizaci, bezkl\u00ed\u010dov\u00fd vstup, senzor de\u0161t\u011b, tempomat, elektrickou parkovac\u00ed brzdu s\u00a0funkc\u00ed auto-hold a dvojici 12,3&#8243; displej\u016f s navigac\u00ed a zrcadlen\u00edm chytr\u00e9ho telefonu.<\/p>\n<p>V dob\u011b uveden\u00ed na trh bude k dispozici p\u011bt pr\u00e9miov\u00fdch odst\u00edn\u016f karoserie: perle\u0165ov\u00e1 b\u00edl\u00e1, perle\u0165ov\u00e1 \u010dern\u00e1, st\u0159\u00edbrn\u00e1 Sterling (metalick\u00e1), \u0161ed\u00e1 Hampstead (metalick\u00e1), modr\u00e1 Arctic a t\u0159\u00edvrstv\u00fd lak \u010derven\u00e1 Dynamic.<\/p>\n<p>Krom\u011b \u010daloun\u011bn\u00ed syntetickou \u010dernou k\u016f\u017e\u00ed je mo\u017en\u00e9 na p\u0159\u00e1n\u00ed zvolit tak\u00e9 kontrastn\u00ed \u017elutohn\u011bd\u00e9 proveden\u00ed interi\u00e9ru.<\/p>\n<p><strong>Zdroj: Erich Handl, Bastion, Video: Lud\u011bk Kortus<\/strong><\/p>\n<p><img loading=\"lazy\" decoding=\"async\" class=\"alignnone size-medium wp-image-7448\" src=\"http:\/\/www.automakers.cz\/wp-content\/uploads\/2024\/09\/MG-HS-Bastion-100-let-900x506.jpg\" alt=\"\" width=\"900\" height=\"506\" \/><\/p>\n<p>&nbsp;<\/p>\n","protected":false},"excerpt":{"rendered":"<p>Zna\u010dka MG v z\u00e1\u0159\u00ed uvedla model HS na \u010desk\u00fd trh. Novin\u00e1\u0159skou premi\u00e9ru si v\u016fz odbyl&#8230;<\/p>\n","protected":false},"author":1,"featured_media":7445,"comment_status":"closed","ping_status":"closed","sticky":false,"template":"","format":"standard","meta":{"footnotes":""},"categories":[12,20,66],"tags":[],"class_list":["post-7431","post","type-post","status-publish","format-standard","has-post-thumbnail","hentry","category-premiery","category-tiskovky","category-video"],"_links":{"self":[{"href":"https:\/\/www.automakers.cz\/index.php?rest_route=\/wp\/v2\/posts\/7431","targetHints":{"allow":["GET"]}}],"collection":[{"href":"https:\/\/www.automakers.cz\/index.php?rest_route=\/wp\/v2\/posts"}],"about":[{"href":"https:\/\/www.automakers.cz\/index.php?rest_route=\/wp\/v2\/types\/post"}],"author":[{"embeddable":true,"href":"https:\/\/www.automakers.cz\/index.php?rest_route=\/wp\/v2\/users\/1"}],"replies":[{"embeddable":true,"href":"https:\/\/www.automakers.cz\/index.php?rest_route=%2Fwp%2Fv2%2Fcomments&post=7431"}],"version-history":[{"count":6,"href":"https:\/\/www.automakers.cz\/index.php?rest_route=\/wp\/v2\/posts\/7431\/revisions"}],"predecessor-version":[{"id":7454,"href":"https:\/\/www.automakers.cz\/index.php?rest_route=\/wp\/v2\/posts\/7431\/revisions\/7454"}],"wp:featuredmedia":[{"embeddable":true,"href":"https:\/\/www.automakers.cz\/index.php?rest_route=\/wp\/v2\/media\/7445"}],"wp:attachment":[{"href":"https:\/\/www.automakers.cz\/index.php?rest_route=%2Fwp%2Fv2%2Fmedia&parent=7431"}],"wp:term":[{"taxonomy":"category","embeddable":true,"href":"https:\/\/www.automakers.cz\/index.php?rest_route=%2Fwp%2Fv2%2Fcategories&post=7431"},{"taxonomy":"post_tag","embeddable":true,"href":"https:\/\/www.automakers.cz\/index.php?rest_route=%2Fwp%2Fv2%2Ftags&post=7431"}],"curies":[{"name":"wp","href":"https:\/\/api.w.org\/{rel}","templated":true}]}}