{"id":7437,"date":"2024-09-24T07:45:12","date_gmt":"2024-09-24T07:45:12","guid":{"rendered":"https:\/\/www.automakers.cz\/?p=7437"},"modified":"2024-09-24T07:45:12","modified_gmt":"2024-09-24T07:45:12","slug":"adient-uzavre-zavody-na-ceskolipsku","status":"publish","type":"post","link":"https:\/\/www.automakers.cz\/?p=7437","title":{"rendered":"Adient uzav\u0159e z\u00e1vody na \u010ceskolipsku"},"content":{"rendered":"<p><strong><span class=\"highlight-E5id2 highlight-E5M\">\u010cesk\u00e1 m\u00e9dia tento t\u00fdden rozeb\u00edraj\u00ed kauzu Adientu. Dodavatel <\/span>sedadel pro automobily uzav\u0159e v souvislosti s restrukturalizac\u00ed z\u00e1vody Trim v <span class=\"highlight-E0id10 highlight-E0M\">\u010cesk\u00e9<\/span> <span class=\"highlight-E0id10 highlight-E0M\">L\u00edp\u011b<\/span> a <span class=\"highlight-E0id4 highlight-E0M\">Str\u00e1\u017ei<\/span> <span class=\"highlight-E0id4 highlight-E0M\">pod<\/span> <span class=\"highlight-E0id4 highlight-E0M\">Ralskem<\/span>, o pr\u00e1ci p\u0159ijde v nejbli\u017e\u0161\u00edch dvou letech postupn\u011b 1100 <span class=\"highlight-E5id1 highlight-E5M\">lid\u00ed<\/span>.<\/strong><!--more--><\/p>\n<p>Kone\u010dn\u00e9 uzav\u0159en\u00ed z\u00e1vodu v <span class=\"highlight-E0id10 highlight-E0M\">\u010cesk\u00e9<\/span> <span class=\"highlight-E0id10 highlight-E0M\">L\u00edp\u011b<\/span> je pl\u00e1novan\u00e9 ve druh\u00e9 polovin\u011b p\u0159\u00ed\u0161t\u00edho roku, z\u00e1vod ve <span class=\"highlight-E0id4 highlight-E0M\">Str\u00e1\u017ei<\/span> <span class=\"highlight-E0id4 highlight-E0M\">pod<\/span> <span class=\"highlight-E0id4 highlight-E0M\">Ralskem<\/span> by m\u011bl v\u00fdrobu ukon\u010dit po\u010d\u00e1tkem roku 2026.<\/p>\n<p>\u201eAutomobilov\u00fd pr\u016fmysl se v\u00fdrazn\u011b prom\u011b\u0148uje, a <span class=\"highlight-E5id3 highlight-E5M\">dodavatel\u00e9<\/span> se tak pot\u00fdkaj\u00ed se z\u00e1sadn\u00edmi v\u00fdzvami, jako je p\u0159echod na <span class=\"highlight-E4id1 highlight-E4M\">e-mobilitu<\/span>, naru\u0161en\u00ed dodavatelsk\u00e9ho \u0159et\u011bzce, ekonomick\u00e1 nestabilita a sn\u00ed\u017een\u00e1 popt\u00e1vka <span class=\"highlight-E5id4 highlight-E5M\">spot\u0159ebitel\u016f<\/span>,&#8216; uvedla k d\u016fvod\u016fm restrukturalizace v\u00fdroby za <span class=\"highlight-query highlight-E1id1 highlight-E1M\">Adient<\/span> Petra Miterov\u00e1.<\/p>\n<p><span class=\"highlight-query highlight-E1id1 highlight-E1M\">Adient<\/span> \u010del\u00ed podle n\u00ed v <span class=\"highlight-E0id6 highlight-E0M\">Evrop\u011b<\/span>, na <span class=\"highlight-E0id9 highlight-E0M\">Bl\u00edzk\u00e9m<\/span> <span class=\"highlight-E0id9 highlight-E0M\">v\u00fdchod\u011b<\/span> a v <span class=\"highlight-E0id3 highlight-E0M\">Africe<\/span> v\u00fdznamn\u00e9mu dlouhodob\u00e9mu poklesu objemu trhu. \u201eCo\u017e vede k nutnosti d\u00e1le zlep\u0161it a zefektivnit celkovou strukturu n\u00e1klad\u016f,&#8216; dodala. K poklesu popt\u00e1vky se podle Miterov\u00e9 p\u0159id\u00e1vaj\u00ed tak\u00e9 rostouc\u00ed n\u00e1klady na pracovn\u00ed s\u00edlu. Vzhledem k nadbyte\u010dn\u00fdm kapacit\u00e1m v cel\u00e9m odv\u011btv\u00ed mus\u00ed podle n\u00ed <span class=\"highlight-query highlight-E1id1 highlight-E1M\">Adient<\/span> obnovit rovnov\u00e1hu sv\u00fdch v\u00fdrobn\u00edch operac\u00ed v t\u00e9to oblasti, aby zajistil konkurenceschopnost a celkov\u00e9 zdrav\u00ed podniku. Spole\u010dnost podle Miterov\u00e9 v minulosti vyvinula zna\u010dn\u00e9 \u00fasil\u00ed, aby udr\u017eela konkurenceschopnost \u010desk\u00fdch z\u00e1vod\u016f Trim, situaci ale v\u00fdrazn\u011b ovlivnily slo\u017eit\u00e9 tr\u017en\u00ed podm\u00ednky a rostouc\u00ed n\u00e1klady. V souvislosti s ukon\u010den\u00edm v\u00fdroby p\u0159ijde o pr\u00e1ci 410 <span class=\"highlight-E5id6 highlight-E5M\">pracovn\u00edk\u016f<\/span> v <span class=\"highlight-E0id10 highlight-E0M\">\u010cesk\u00e9<\/span> <span class=\"highlight-E0id10 highlight-E0M\">L\u00edp\u011b<\/span> a dal\u0161\u00edch 690 v nedalek\u00e9 <span class=\"highlight-E0id4 highlight-E0M\">Str\u00e1\u017ei<\/span> <span class=\"highlight-E0id4 highlight-E0M\">pod<\/span> <span class=\"highlight-E0id4 highlight-E0M\">Ralskem<\/span>.<\/p>\n<p>\u201e<span class=\"highlight-E5id7 highlight-E5M\">Zam\u011bstnanci<\/span> a p\u0159edstavitel\u00e9 odborov\u00fdch organizac\u00ed obou pobo\u010dek byli dnes informov\u00e1ni. Spole\u010dnost poskytne podporu v\u0161em <span class=\"highlight-E5id7 highlight-E5M\">zam\u011bstnanc\u016fm<\/span>, jejich\u017e smlouva bude ukon\u010dena,&#8216; dodala za firmu Miterov\u00e1. <span class=\"highlight-E5id2 highlight-E5M\">V\u00fdrobce<\/span> autosedadel nen\u00ed na <span class=\"highlight-E0id7 highlight-E0M\">\u010ceskolipsku<\/span> jedin\u00fd, v r\u00e1mci restrukturalizace propustil v l\u00e9t\u011b ve <span class=\"highlight-E0id4 highlight-E0M\">Str\u00e1\u017ei<\/span> <span class=\"highlight-E0id4 highlight-E0M\">pod<\/span> <span class=\"highlight-E0id4 highlight-E0M\">Ralskem<\/span> zhruba 380 <span class=\"highlight-E5id1 highlight-E5M\">lid\u00ed<\/span> st\u00e1tn\u00ed podnik <span class=\"highlight-E1id0 highlight-E4id0 highlight-E1M highlight-E4M\">DIAMO<\/span>, kter\u00fd se specializuje na zahlazov\u00e1n\u00ed n\u00e1sledk\u016f hornick\u00e9 \u010dinnosti po t\u011b\u017eb\u011b uranu, rud a \u010d\u00e1sti uheln\u00e9ho hornictv\u00ed.<\/p>\n<p>Z\u00e1sadn\u00ed vliv na trh pr\u00e1ce to zat\u00edm nem\u011blo, na konci srpna evidovaly \u00fa\u0159ady na <span class=\"highlight-E0id7 highlight-E0M\">\u010ceskolipsku<\/span> 2761 <span class=\"highlight-E5id1 highlight-E5M\">lid\u00ed<\/span> bez pr\u00e1ce, nezam\u011bstnanost byla 3,8 procenta a v <span class=\"highlight-E0id1 highlight-E0M\">Libereck\u00e9m<\/span> <span class=\"highlight-E0id1 highlight-E0M\">kraji<\/span> je na tom region nejl\u00e9pe. <span class=\"highlight-E5id5 highlight-E5M\">Zam\u011bstnavatel\u00e9<\/span> nab\u00edzeli 961 voln\u00fdch m\u00edst.<\/p>\n<p><span class=\"highlight-query highlight-E1id1 highlight-E1M\">Adient<\/span> je glob\u00e1ln\u00edm <span class=\"highlight-E5id0 highlight-E5M\">l\u00eddrem<\/span> v produkci automobilov\u00fdch sedadel. M\u00e1 p\u0159es 200 z\u00e1vod\u016f ve 29 zem\u00edch po cel\u00e9m sv\u011bt\u011b a zam\u011bstn\u00e1v\u00e1 na 70 tis\u00edc <span class=\"highlight-E5id1 highlight-E5M\">lid\u00ed<\/span>. Automobilov\u00e1 sedadla vyr\u00e1b\u00ed a dod\u00e1v\u00e1 pro v\u0161echny velk\u00e9 automobilov\u00e9 <span class=\"highlight-E5id2 highlight-E5M\">v\u00fdrobce<\/span>. V <span class=\"highlight-E0id0 highlight-E0M\">\u010cesk\u00e9<\/span> <span class=\"highlight-E0id0 highlight-E0M\">republice<\/span> m\u00e1 firma z\u00e1vody tak\u00e9 v <span class=\"highlight-E0id2 highlight-E0M\">Mlad\u00e9<\/span> <span class=\"highlight-E0id2 highlight-E0M\">Boleslavi<\/span>, <span class=\"highlight-E0id5 highlight-E0M\">Kvasin\u00e1ch<\/span>, <span class=\"highlight-E0id8 highlight-E0M\">Roudnici<\/span> a <span class=\"highlight-E0id11 highlight-E0M\">Boru<\/span> <span class=\"highlight-E0id11 highlight-E0M\">u<\/span> <span class=\"highlight-E0id11 highlight-E0M\">Tachova<\/span>. Je\u0161t\u011b loni zam\u011bstn\u00e1vala v t\u011bchto z\u00e1vodech zhruba 3030 <span class=\"highlight-E5id6 highlight-E5M\">pracovn\u00edk\u016f<\/span>, ve finan\u010dn\u00edm obdob\u00ed od 1. \u0159\u00edjna 2022 do 30. z\u00e1\u0159\u00ed 2023 uskute\u010dnila podle obchodn\u00edho rejst\u0159\u00edku zak\u00e1zky za 18,188 miliardy korun a jej\u00ed hospoda\u0159en\u00ed skon\u010dilo \u010dist\u00fdm ziskem 242,355 milionu korun.<\/p>\n<p><strong>Zdroj: libereckadrbna.cz<\/strong><\/p>\n","protected":false},"excerpt":{"rendered":"<p>\u010cesk\u00e1 m\u00e9dia tento t\u00fdden rozeb\u00edraj\u00ed kauzu Adientu. Dodavatel sedadel pro automobily uzav\u0159e v souvislosti s&#8230;<\/p>\n","protected":false},"author":1,"featured_media":6511,"comment_status":"closed","ping_status":"closed","sticky":false,"template":"","format":"standard","meta":{"footnotes":""},"categories":[23,51],"tags":[],"class_list":["post-7437","post","type-post","status-publish","format-standard","has-post-thumbnail","hentry","category-dodavatele","category-kauza"],"_links":{"self":[{"href":"https:\/\/www.automakers.cz\/index.php?rest_route=\/wp\/v2\/posts\/7437","targetHints":{"allow":["GET"]}}],"collection":[{"href":"https:\/\/www.automakers.cz\/index.php?rest_route=\/wp\/v2\/posts"}],"about":[{"href":"https:\/\/www.automakers.cz\/index.php?rest_route=\/wp\/v2\/types\/post"}],"author":[{"embeddable":true,"href":"https:\/\/www.automakers.cz\/index.php?rest_route=\/wp\/v2\/users\/1"}],"replies":[{"embeddable":true,"href":"https:\/\/www.automakers.cz\/index.php?rest_route=%2Fwp%2Fv2%2Fcomments&post=7437"}],"version-history":[{"count":2,"href":"https:\/\/www.automakers.cz\/index.php?rest_route=\/wp\/v2\/posts\/7437\/revisions"}],"predecessor-version":[{"id":7439,"href":"https:\/\/www.automakers.cz\/index.php?rest_route=\/wp\/v2\/posts\/7437\/revisions\/7439"}],"wp:featuredmedia":[{"embeddable":true,"href":"https:\/\/www.automakers.cz\/index.php?rest_route=\/wp\/v2\/media\/6511"}],"wp:attachment":[{"href":"https:\/\/www.automakers.cz\/index.php?rest_route=%2Fwp%2Fv2%2Fmedia&parent=7437"}],"wp:term":[{"taxonomy":"category","embeddable":true,"href":"https:\/\/www.automakers.cz\/index.php?rest_route=%2Fwp%2Fv2%2Fcategories&post=7437"},{"taxonomy":"post_tag","embeddable":true,"href":"https:\/\/www.automakers.cz\/index.php?rest_route=%2Fwp%2Fv2%2Ftags&post=7437"}],"curies":[{"name":"wp","href":"https:\/\/api.w.org\/{rel}","templated":true}]}}