{"id":7440,"date":"2024-09-24T08:51:29","date_gmt":"2024-09-24T08:51:29","guid":{"rendered":"https:\/\/www.automakers.cz\/?p=7440"},"modified":"2024-09-24T08:51:29","modified_gmt":"2024-09-24T08:51:29","slug":"northvolt-zrusi-ctvrtinu-pracovnich-mist","status":"publish","type":"post","link":"https:\/\/www.automakers.cz\/?p=7440","title":{"rendered":"Northvolt zru\u0161\u00ed \u010dtvrtinu pracovn\u00edch m\u00edst"},"content":{"rendered":"<p><strong>\u0160v\u00e9dsk\u00fd <span class=\"highlight-E5id3 highlight-E5M\">v\u00fdrobce<\/span> bateri\u00ed pro elektromobily <span class=\"highlight-E1id2 highlight-E1M\">Northvolt<\/span> zru\u0161\u00ed ve <span class=\"highlight-E0id1 highlight-E0M\">\u0160v\u00e9dsku<\/span> 1600 pracovn\u00edch m\u00edst. Reaguje tak na napjatou finan\u010dn\u00ed situaci a na pokles popt\u00e1vky. Firma to ozn\u00e1mila v tiskov\u00e9m sd\u011blen\u00ed.<\/strong> <!--more--><\/p>\n<p>Northvolt m\u00e1 podle sv\u00fdch internetov\u00fdch str\u00e1nek nyn\u00ed v\u00edce ne\u017e 6500 <span class=\"highlight-E5id0 highlight-E5M\">zam\u011bstnanc\u016f<\/span>. Propou\u0161t\u011bn\u00ed se nejv\u00edce dotkne velk\u00e9 tov\u00e1rny ve m\u011bst\u011b Skellefteaa na severu <span class=\"highlight-E0id1 highlight-E0M\">\u0160v\u00e9dska<\/span>, kter\u00e1 se naz\u00fdv\u00e1 <span class=\"highlight-E1id2 highlight-E1M\">Northvolt<\/span> <span class=\"highlight-E1id3 highlight-E1M\">Ett<\/span>. V t\u00e9 <span class=\"highlight-E1id2 highlight-E1M\">Northvolt<\/span> zru\u0161\u00ed a\u017e 1000 pracovn\u00edch m\u00edst. Firma dodala, \u017ee pozastav\u00ed pl\u00e1ny na roz\u0161\u00ed\u0159en\u00ed z\u00e1vodu a sv\u00e9 zdroje zam\u011b\u0159\u00ed na urychlen\u00ed v\u00fdroby bateriov\u00fdch \u010dl\u00e1nk\u016f v z\u00e1vod\u011b a na spln\u011bn\u00ed z\u00e1vazk\u016f v\u016f\u010di st\u00e1vaj\u00edc\u00edm <span class=\"highlight-E5id4 highlight-E5M\">z\u00e1kazn\u00edk\u016fm<\/span>.<\/p>\n<p>Zhruba 400 m\u00edst bude zru\u0161eno ve v\u00fdzkumn\u00e9m z\u00e1vod\u011b ve m\u011bst\u011b V\u00e4steraas a dal\u0161\u00edch 200 v hlavn\u00edm m\u011bst\u011b, kde s\u00eddl\u00ed v\u011bt\u0161ina podpory. <span class=\"highlight-E5id2 highlight-E5M\">Gener\u00e1ln\u00ed<\/span> <span class=\"highlight-E5id2 highlight-E5M\">\u0159editel<\/span> <span class=\"highlight-E2id0 highlight-E2M\">Peter<\/span> <span class=\"highlight-E2id0 highlight-E2M\">Carlsson<\/span> uvedl, \u017ee propou\u0161t\u011bn\u00ed je nutn\u00e9 kv\u016fli zaji\u0161t\u011bn\u00ed budoucnosti firmy.<\/p>\n<p>&#8222;Nyn\u00ed mus\u00edme ve\u0161kerou energii a investice soust\u0159edit do na\u0161\u00ed hlavn\u00ed \u010dinnosti. \u00dasp\u011bch p\u0159i n\u00e1b\u011bhu v\u00fdroby v <span class=\"highlight-E1id2 highlight-E1M\">Northvolt<\/span> <span class=\"highlight-E1id3 highlight-E1M\">Ett<\/span> je rozhoduj\u00edc\u00ed pro dod\u00e1vky na\u0161im <span class=\"highlight-E5id4 highlight-E5M\">z\u00e1kazn\u00edk\u016fm<\/span> a tak\u00e9 proto, abychom umo\u017enili udr\u017eiteln\u00e9 fungov\u00e1n\u00ed podniku,&#8220; uvedl. Spole\u010dnost Northovolt byla zalo\u017eena v roce 2016 a je jednou z velk\u00fdch evropsk\u00fdch firem na v\u00fdrobu bateri\u00ed pro elektrormobily. <span class=\"highlight-E0id0 highlight-E0M\">Evropa<\/span> se nyn\u00ed sna\u017e\u00ed dohnat konkurenci z <span class=\"highlight-E0id2 highlight-E0M\">Asie<\/span> a <span class=\"highlight-E0id3 highlight-E0M\">Severn\u00ed<\/span> <span class=\"highlight-E0id3 highlight-E0M\">Ameriky<\/span>. V posledn\u00edch m\u011bs\u00edc\u00edch ale v\u00fdroba v Northvoltu nab\u00edr\u00e1 zpo\u017ed\u011bn\u00ed.<\/p>\n<p>V kv\u011btnu <span class=\"highlight-E1id1 highlight-E4id0 highlight-E1M highlight-E4M\">automobilka<\/span> <span class=\"highlight-E4id0 highlight-E1id1 highlight-E4M highlight-E1M\">BMW<\/span> kv\u016fli t\u011bmto zpo\u017ed\u011bn\u00edm odstoupila od smlouvy o dod\u00e1vce bateri\u00ed za dv\u011b miliardy eur (50,2 miliardy K\u010d). Nejv\u011bt\u0161\u00edm <span class=\"highlight-E5id1 highlight-E5M\">akcion\u00e1\u0159em<\/span> Northvoltu je n\u011bmeck\u00e1 <span class=\"highlight-E1id0 highlight-E4id0 highlight-E1M highlight-E4M\">automobilka<\/span> <span class=\"highlight-query highlight-E4id0 highlight-E1id0 highlight-E4M highlight-E1M\">Volkswagen<\/span>. Od sv\u00e9ho zalo\u017een\u00ed firma z\u00edskala 15 miliard USD (339 miliard K\u010d) ve form\u011b p\u016fj\u010dek a kapit\u00e1lov\u00fdch vklad\u016f. Podle \u0161v\u00e9dsk\u00fdch m\u00e9di\u00ed se sna\u017e\u00ed zorganizovat novou emisi akci\u00ed za 7,5 miliardy \u0161v\u00e9dsk\u00fdch korun (16,6 miliardy K\u010d).<\/p>\n<p><strong>Zdroj: energy-hub<\/strong><\/p>\n","protected":false},"excerpt":{"rendered":"<p>\u0160v\u00e9dsk\u00fd v\u00fdrobce bateri\u00ed pro elektromobily Northvolt zru\u0161\u00ed ve \u0160v\u00e9dsku 1600 pracovn\u00edch m\u00edst. Reaguje tak na&#8230;<\/p>\n","protected":false},"author":1,"featured_media":19,"comment_status":"closed","ping_status":"closed","sticky":false,"template":"","format":"standard","meta":{"footnotes":""},"categories":[23,31],"tags":[],"class_list":["post-7440","post","type-post","status-publish","format-standard","has-post-thumbnail","hentry","category-dodavatele","category-news"],"_links":{"self":[{"href":"https:\/\/www.automakers.cz\/index.php?rest_route=\/wp\/v2\/posts\/7440","targetHints":{"allow":["GET"]}}],"collection":[{"href":"https:\/\/www.automakers.cz\/index.php?rest_route=\/wp\/v2\/posts"}],"about":[{"href":"https:\/\/www.automakers.cz\/index.php?rest_route=\/wp\/v2\/types\/post"}],"author":[{"embeddable":true,"href":"https:\/\/www.automakers.cz\/index.php?rest_route=\/wp\/v2\/users\/1"}],"replies":[{"embeddable":true,"href":"https:\/\/www.automakers.cz\/index.php?rest_route=%2Fwp%2Fv2%2Fcomments&post=7440"}],"version-history":[{"count":2,"href":"https:\/\/www.automakers.cz\/index.php?rest_route=\/wp\/v2\/posts\/7440\/revisions"}],"predecessor-version":[{"id":7442,"href":"https:\/\/www.automakers.cz\/index.php?rest_route=\/wp\/v2\/posts\/7440\/revisions\/7442"}],"wp:featuredmedia":[{"embeddable":true,"href":"https:\/\/www.automakers.cz\/index.php?rest_route=\/wp\/v2\/media\/19"}],"wp:attachment":[{"href":"https:\/\/www.automakers.cz\/index.php?rest_route=%2Fwp%2Fv2%2Fmedia&parent=7440"}],"wp:term":[{"taxonomy":"category","embeddable":true,"href":"https:\/\/www.automakers.cz\/index.php?rest_route=%2Fwp%2Fv2%2Fcategories&post=7440"},{"taxonomy":"post_tag","embeddable":true,"href":"https:\/\/www.automakers.cz\/index.php?rest_route=%2Fwp%2Fv2%2Ftags&post=7440"}],"curies":[{"name":"wp","href":"https:\/\/api.w.org\/{rel}","templated":true}]}}