{"id":7518,"date":"2024-09-30T09:16:41","date_gmt":"2024-09-30T09:16:41","guid":{"rendered":"https:\/\/www.automakers.cz\/?p=7518"},"modified":"2024-09-30T09:16:41","modified_gmt":"2024-09-30T09:16:41","slug":"nosovicky-hyundai-dotuje-dopravni-bezpecnost","status":"publish","type":"post","link":"https:\/\/www.automakers.cz\/?p=7518","title":{"rendered":"No\u0161ovick\u00fd Hyundai dotuje dopravn\u00ed bezpe\u010dnost"},"content":{"rendered":"<p><strong>N\u00e1kup reflexn\u00edch prvk\u016f pro d\u011bti z m\u00edstn\u00edch \u0161kolek a \u0161kol, instalace nov\u00e9ho dopravn\u00edho zna\u010den\u00ed a zrcadel, ale tak\u00e9 p\u0159\u00edsp\u011bvek na vybudov\u00e1n\u00ed informa\u010dn\u00edch radar\u016f i dopravn\u00ed v\u00fdchovu. Nejen tyto projekty v obc\u00edch ve sv\u00e9m okol\u00ed podpo\u0159\u00ed no\u0161ovick\u00fd Hyundai, a to d\u00edky grantov\u00e9mu programu Spole\u010dn\u011b bezpe\u010dn\u011b.<\/strong><!--more--><\/p>\n<p>\u201eR\u00e1di podpo\u0159\u00edme m\u00edstn\u00ed projekty zam\u011b\u0159en\u00e9 na zv\u00fd\u0161en\u00ed bezpe\u010dnosti dopravy, kter\u00e9 jsou p\u0159izp\u016fsoben\u00e9 pot\u0159eb\u00e1m a podm\u00ednk\u00e1m v dan\u00e9 oblasti. C\u00edlem je tak\u00e9 lep\u0161\u00ed pov\u011bdom\u00ed o dopravn\u00ed bezpe\u010dnosti v\u00a0r\u016fzn\u00fdch v\u011bkov\u00fdch skupin\u00e1ch. V\u00a0obc\u00edch v\u00ed nejl\u00e9pe, kter\u00e9 dopravn\u00ed projekty jsou pot\u0159eba, proto jsme r\u00e1di, \u017ee tamn\u00ed \u00fa\u0159ady p\u0159i\u0161ly s\u00a0\u0159adou zaj\u00edmav\u00fdch n\u00e1pad\u016f, kter\u00e9 od n\u00e1s dostanou finan\u010dn\u00ed podporu,\u201c uvedla vedouc\u00ed Odd\u011blen\u00ed vn\u011bj\u0161\u00edch vztah\u016f HMMC Barbora Hermanov\u00e1.<\/p>\n<p>Obce Dobr\u00e1, Dobratice, Doln\u00ed Domaslavice, Doln\u00ed To\u0161anovice, Horn\u00ed Domaslavice, Horn\u00ed To\u0161anovice, Ni\u017en\u00ed Lhoty, No\u0161ovice, Pazderna, Ra\u0161kovice, T\u0159anovice, Vojkovice a Vy\u0161n\u00ed Lhoty dostanou shodn\u011b 40\u00a0000 K\u010d na realizaci sv\u00fdch projekt\u016f. Se v\u0161emi t\u011bmito obcemi no\u0161ovick\u00fd Hyundai dlouhodob\u011b spolupracuje i d\u00edky programu Dobr\u00fd soused. Ro\u010dn\u011b tak ka\u017ed\u00e1 ze zapojen\u00fdch obc\u00ed z\u00edsk\u00e1 od automobilky souhrnnou \u010d\u00e1stku 100\u00a0000 K\u010d na rozvoj obce.<\/p>\n<p>PROJEKTY:<\/p>\n<table>\n<tbody>\n<tr>\n<td width=\"670\"><strong><b>Projekt chodn\u00edku, jeho\u017e realizace umo\u017en\u00ed bezpe\u010dn\u00fd pohyb chodc\u016f pod nadjezdem nov\u011b vybudovan\u00e9ho obchvatu Fr\u00fddku-M\u00edstku u RD \u010d.p. 146<\/b><\/strong><\/td>\n<td width=\"293\">Obec Dobr\u00e1<\/td>\n<\/tr>\n<tr>\n<td width=\"670\"><strong><b>N\u00e1kup bezpe\u010dnostn\u00edch prvk\u016f pro d\u011bti v M\u0160 b\u011bhem vych\u00e1zek a pohybu v bl\u00edzkosti komunikace. N\u00e1kup plastov\u00fdch dopravn\u00edch zna\u010dek (simulace dopravn\u00edho h\u0159i\u0161t\u011b), odr\u00e1\u017eedla a ochrann\u00fdch prvk\u016f (p\u0159ilby), jako pom\u016fcky pro v\u00fduku d\u011bt\u00ed. \u00a0N\u00e1kup makety policisty, kter\u00fd bude um\u00edst\u011bn v bl\u00edzkosti mate\u0159sk\u00e9 \u0161koly, p\u0159\u00edpadn\u011b p\u0159em\u00edst\u011bn k z\u00e1kladn\u00ed \u0161kole.<\/b><\/strong><\/td>\n<td width=\"293\">Obec Dobratice<\/td>\n<\/tr>\n<tr>\n<td width=\"670\"><strong><b>Finan\u010dn\u00ed p\u0159\u00edsp\u011bvek bude pou\u017eit na zv\u00fd\u0161en\u00ed dopravn\u00ed bezpe\u010dnosti v na\u0161i obci, a to formou zaji\u0161t\u011bn\u00ed p\u0159enosn\u00e9ho dopravn\u00edho zna\u010den\u00ed, nahrazen\u00ed st\u00e1vaj\u00edc\u00edho opot\u0159eben\u00e9ho dopravn\u00edho zna\u010den\u00ed, n\u00e1kupu reflexn\u00edch prvk\u016f pro d\u011bti a teenagery, kter\u00e9 budou d\u011btem vyd\u00e1v\u00e1ny p\u0159i r\u016fzn\u00fdch p\u0159\u00edle\u017eitostech v r\u00e1mci akc\u00ed obce Doln\u00ed Domaslavice. D\u00e1le budou zakoupeny reflexn\u00ed ochrann\u00e9 pom\u016fcky, kter\u00e9 budou vyu\u017eity v r\u00e1mci zaji\u0161t\u011bn\u00ed bezpe\u010dnosti a plynulosti silni\u010dn\u00edho provozu.<\/b><\/strong><\/td>\n<td width=\"293\">Obec Doln\u00ed Domaslavice<\/td>\n<\/tr>\n<tr>\n<td width=\"670\"><strong><b>N\u00e1kup 2 ks informa\u010dn\u00edch radar\u016f. Informa\u010dn\u00ed radary pod\u00e1vaj\u00ed bl\u00ed\u017e\u00edc\u00edmu se \u0159idi\u010di vozidla informaci o jeho rychlosti, a t\u00edm v kone\u010dn\u00e9m d\u016fsledku zp\u016fsob\u00ed sn\u00ed\u017een\u00ed rychlosti. Radary p\u016fsob\u00ed p\u0159edev\u0161\u00edm psychologicky a ovliv\u0148uje dodr\u017eov\u00e1n\u00ed a sni\u017eov\u00e1n\u00ed rychlosti.<\/b><\/strong><\/td>\n<td width=\"293\">Obec Doln\u00ed To\u0161anovice<\/td>\n<\/tr>\n<tr>\n<td width=\"670\"><strong><b>Za \u00fa\u010delem zv\u00fd\u0161en\u00ed bezpe\u010dnosti chodc\u016f a cyklist\u016f m\u00e1 obec Horn\u00ed Domaslavice z\u00e1jem instalovat v probl\u00e9mov\u00e9m \u00faseku m\u00edstn\u00ed komunikace MK 8 silni\u010dn\u00ed radary a z\u00e1rove\u0148 s t\u00edm i sn\u00ed\u017eit rychlost v dan\u00e9 lokalit\u011b na maxim\u00e1ln\u011b 30 km\/h. Jedn\u00e1 se frekventovanou komunikaci se zv\u00fd\u0161en\u00fdm pr\u016fjezdem vozidel v rann\u00edch a odpoledn\u00edch hodin\u00e1ch v m\u00edst\u011b s hust\u00fdm os\u00eddlen\u00edm, kde se pohybuje tak\u00e9 vysok\u00fd po\u010det chodc\u016f, maminek s mal\u00fdmi d\u011btmi a cyklist\u016f.<\/b><\/strong><\/td>\n<td width=\"293\">Obec Horn\u00ed Domaslavice<\/td>\n<\/tr>\n<tr>\n<td width=\"670\"><strong><b>Obec Horn\u00ed To\u0161anovice nechala zpracovat statistiku silni\u010dn\u00edho provozu, z d\u016fvodu, \u017ee doch\u00e1z\u00ed k \u010dast\u00fdm dopravn\u00edm nehod\u00e1m v \u010d\u00e1sti obce u obchodu Je\u010dm\u00ednek. Na z\u00e1klad\u011b m\u011b\u0159en\u00ed dojde k instalaci n\u011bkolika svisl\u00fdch zna\u010dek a opat\u0159en\u00ed ve vodorovn\u00e9m zna\u010den\u00ed vozovky. <\/b><\/strong><\/td>\n<td width=\"293\">Obec Horn\u00ed To\u0161anovice<\/td>\n<\/tr>\n<tr>\n<td width=\"670\"><strong><b>Realizac\u00ed projektu chceme zv\u00fd\u0161it bezpe\u010dnost na silnic\u00edch v obci, zejm\u00e9na chodc\u016f v\u0161ech v\u011bkov\u00fdch kategori\u00ed, p\u0159edev\u0161\u00edm pak nejzraniteln\u011bj\u0161\u00edch skupin, a to d\u011bt\u00ed a senior\u016f. Zv\u00fd\u0161en\u00ed bezpe\u010dnosti chceme dos\u00e1hnout instalac\u00ed vhodn\u00e9ho dopravn\u00edho zna\u010den\u00ed (svisl\u00e9ho i vodorovn\u00e9ho) v\u010detn\u011b pou\u017eit\u00ed optick\u00e9 psychologick\u00e9 brzdy \u010di technick\u00fdch zpomalovac\u00edch prost\u0159edk\u016f. V oblasti nehmotn\u00e9 pak realizac\u00ed osv\u011btov\u00fdch besed v oblasti bezpe\u010dnosti silni\u010dn\u00edho provozu, dodr\u017eov\u00e1n\u00ed spr\u00e1vn\u00fdch z\u00e1sad pohybu po komunikaci v\u010detn\u011b po\u0159\u00edzen\u00ed pasivn\u00edch prvk\u016f bezpe\u010dnosti pro ob\u010dany.<\/b><\/strong><\/td>\n<td width=\"293\">Obec Ni\u017en\u00ed Lhoty<\/td>\n<\/tr>\n<tr>\n<td width=\"670\"><strong><b>Zv\u00fd\u0161en\u00ed bezpe\u010dnosti v obci po\u0159\u00edzen\u00edm makety policisty, n\u00e1kup reflexn\u00edch prvk\u016f pro d\u011bti a dosp\u011bl\u00e9.<\/b><\/strong><\/td>\n<td width=\"293\">Obec No\u0161ovice<\/td>\n<\/tr>\n<tr>\n<td width=\"670\"><strong><b>Projekt &#8222;Zvy\u0161ov\u00e1n\u00ed bezpe\u010dnosti v obci Pazderna&#8220; financovan\u00fd z programu Spole\u010dn\u011b bezpe\u010dn\u011b 2024 se zam\u011b\u0159uje na zv\u00fd\u0161en\u00ed bezpe\u010dnosti na silnici v obci Pazderna prost\u0159ednictv\u00edm po\u0159\u00edzen\u00ed nov\u00fdch bezpe\u010dnostn\u00edch prvk\u016f. Projekt by m\u011bl p\u0159isp\u011bt ke sn\u00ed\u017een\u00ed nehodovosti a zv\u00fd\u0161en\u00ed ochrany obyvatel a n\u00e1v\u0161t\u011bvn\u00edk\u016f obce. C\u00edlem je implementovat opat\u0159en\u00ed, kter\u00e1 povedou k sn\u00ed\u017een\u00ed rizika dopravn\u00edch nehod a p\u0159\u00edpadn\u00fdch zran\u011bn\u00ed obyvatel.<\/b><\/strong><\/td>\n<td width=\"293\">Obec Pazderna<\/td>\n<\/tr>\n<tr>\n<td width=\"670\"><strong><b>Projekt \u0159e\u0161\u00ed zv\u00fd\u0161en\u00ed bezpe\u010dnosti v nejv\u00edce frekventovan\u00fdch a tak\u00e9 nejv\u00edce rizikov\u00fdch lokalit\u00e1ch obce Ra\u0161kovice, kter\u00e9 bude provedeno formou realizace 8 ks vodorovn\u00e9ho dopravn\u00edho zna\u010den\u00ed na silnice III\/4774 a III\/4773. Vodorovn\u00e9 dopravn\u00ed zna\u010den\u00ed bude \u201ePozor d\u011bti\u201c a \u201ePozor chodci\u201c a to v obou j\u00edzdn\u00edch sm\u011brech. Chceme dos\u00e1hnout zpomalen\u00ed dopravy v \u0159e\u0161en\u00fdch lokalit\u00e1ch za \u00fa\u010delem zv\u00fd\u0161en\u00ed bezpe\u010dnosti v\u0161ech \u00fa\u010dastn\u00edk\u016f silni\u010dn\u00edho provozu.<\/b><\/strong><\/td>\n<td width=\"293\">Obec Ra\u0161kovice<\/td>\n<\/tr>\n<tr>\n<td width=\"670\"><strong><b>Nejvhodn\u011bj\u0161\u00edm m\u00edstem, kde je mo\u017en\u00e9 praktikovat dopravn\u00ed v\u00fdchovu, m\u00edstem, kde u\u010dit d\u011bti, jak se bezpe\u010dn\u011b pohybovat v provozu, je dopravn\u00ed h\u0159i\u0161t\u011b. D\u011bti se formou z\u00e1bavy u\u010d\u00ed, jak se spr\u00e1vn\u011b pohybovat v b\u011b\u017en\u00e9m provozu, testuj\u00ed zde sv\u00e9 znalosti. C\u00edlem projektu je vyu\u017e\u00edt st\u00e1vaj\u00edc\u00ed asfaltov\u00e9 plochy pod d\u00e1lni\u010dn\u00edm mostem, a d\u011btem v T\u0159anovic\u00edch zde z\u0159\u00eddit dopravn\u00ed h\u0159i\u0161t\u011b.<\/b><\/strong><\/td>\n<td width=\"293\">Obec T\u0159anovice<\/td>\n<\/tr>\n<tr>\n<td width=\"670\"><strong><b>V r\u00e1mci projektu budou pro d\u011bti z M\u0160 Vojkovice po\u0159\u00edzeny nov\u00e9 reflexn\u00ed vesty, kter\u00e9 podpo\u0159\u00ed bezpe\u010dnost na spole\u010dn\u00fdch vych\u00e1zk\u00e1ch a v\u00fdletech. D\u00e1le bude vypracov\u00e1na studie proveditelnosti zpomalen\u00ed dopravy a bezpe\u010dn\u00e9ho p\u0159ech\u00e1zen\u00ed vozovky v centru obce.<\/b><\/strong><\/td>\n<td width=\"293\">Obec Vojkovice<\/td>\n<\/tr>\n<tr>\n<td width=\"670\"><strong><b>C\u00edlem projektu je zv\u00fd\u0161it bezpe\u010dnost na nep\u0159ehledn\u00fdch a dopravn\u011b frekventovan\u00fdch \u00fasec\u00edch v obci t\u00edm, \u017ee zde bude um\u00edst\u011bno nov\u00e9 dopravn\u00ed zna\u010den\u00ed, kter\u00e9 by m\u011blo v\u00edce upozor\u0148ovat a p\u0159edch\u00e1zet kolizn\u00edm a situac\u00edm a p\u0159\u00edpadn\u00fdm nehod\u00e1m. Jedn\u00e1 se o m\u00edsta, kter\u00e1 jsou u\u017e\u00edv\u00e1na jak motoristy, tak cyklisty a p\u011b\u0161\u00edmi turisty.<\/b><\/strong><\/td>\n<td width=\"293\">Obec Vy\u0161n\u00ed Lhoty<\/td>\n<\/tr>\n<\/tbody>\n<\/table>\n<p>Zdroj:<\/p>\n<p><strong>Jana Oplu\u0161tilov\u00e1<\/strong><\/p>\n<p>Public Relations<br \/>\nHyundai Motor Manufacturing Czech<\/p>\n<p>&nbsp;<\/p>\n","protected":false},"excerpt":{"rendered":"<p>N\u00e1kup reflexn\u00edch prvk\u016f pro d\u011bti z m\u00edstn\u00edch \u0161kolek a \u0161kol, instalace nov\u00e9ho dopravn\u00edho zna\u010den\u00ed a&#8230;<\/p>\n","protected":false},"author":1,"featured_media":7520,"comment_status":"closed","ping_status":"closed","sticky":false,"template":"","format":"standard","meta":{"footnotes":""},"categories":[16,47],"tags":[],"class_list":["post-7518","post","type-post","status-publish","format-standard","has-post-thumbnail","hentry","category-csr","category-doprava"],"_links":{"self":[{"href":"https:\/\/www.automakers.cz\/index.php?rest_route=\/wp\/v2\/posts\/7518","targetHints":{"allow":["GET"]}}],"collection":[{"href":"https:\/\/www.automakers.cz\/index.php?rest_route=\/wp\/v2\/posts"}],"about":[{"href":"https:\/\/www.automakers.cz\/index.php?rest_route=\/wp\/v2\/types\/post"}],"author":[{"embeddable":true,"href":"https:\/\/www.automakers.cz\/index.php?rest_route=\/wp\/v2\/users\/1"}],"replies":[{"embeddable":true,"href":"https:\/\/www.automakers.cz\/index.php?rest_route=%2Fwp%2Fv2%2Fcomments&post=7518"}],"version-history":[{"count":3,"href":"https:\/\/www.automakers.cz\/index.php?rest_route=\/wp\/v2\/posts\/7518\/revisions"}],"predecessor-version":[{"id":7522,"href":"https:\/\/www.automakers.cz\/index.php?rest_route=\/wp\/v2\/posts\/7518\/revisions\/7522"}],"wp:featuredmedia":[{"embeddable":true,"href":"https:\/\/www.automakers.cz\/index.php?rest_route=\/wp\/v2\/media\/7520"}],"wp:attachment":[{"href":"https:\/\/www.automakers.cz\/index.php?rest_route=%2Fwp%2Fv2%2Fmedia&parent=7518"}],"wp:term":[{"taxonomy":"category","embeddable":true,"href":"https:\/\/www.automakers.cz\/index.php?rest_route=%2Fwp%2Fv2%2Fcategories&post=7518"},{"taxonomy":"post_tag","embeddable":true,"href":"https:\/\/www.automakers.cz\/index.php?rest_route=%2Fwp%2Fv2%2Ftags&post=7518"}],"curies":[{"name":"wp","href":"https:\/\/api.w.org\/{rel}","templated":true}]}}