{"id":7536,"date":"2024-09-30T10:21:26","date_gmt":"2024-09-30T10:21:26","guid":{"rendered":"https:\/\/www.automakers.cz\/?p=7536"},"modified":"2024-09-30T10:21:41","modified_gmt":"2024-09-30T10:21:41","slug":"kupka-chce-revizi-limitu-co2-pro-automobilky","status":"publish","type":"post","link":"https:\/\/www.automakers.cz\/?p=7536","title":{"rendered":"Kupka chce revizi limit\u016f CO2 pro v\u00fdrobce"},"content":{"rendered":"<p><strong>P\u0159ezkum dopad\u016f z\u00e1kazu prodeje nov\u00fdch aut se spalovac\u00edmi motory mus\u00ed prob\u011bhnout d\u0159\u00edve, aby byla udr\u017eena konkurenceschopnost evropsk\u00e9ho automobilov\u00e9ho pr\u016fmyslu, zachov\u00e1na pracovn\u00ed m\u00edsta a zaji\u0161t\u011bna dostupnost dopravy. Je o tom p\u0159esv\u011bd\u010den\u00fd <span class=\"highlight-E5id0 highlight-E5M\">ministr<\/span> <span class=\"highlight-E5id0 highlight-E5M\">dopravy<\/span> <span class=\"highlight-E2id0 highlight-E2M\">Martin<\/span> <span class=\"highlight-query highlight-E2id0 highlight-E2M\">Kupka<\/span>.<\/strong><!--more--><\/p>\n<p>\u201e Po\u017eadujeme, aby revize tohoto z\u00e1kazu prob\u011bhla ji\u017e v roce 2025, nam\u00edsto p\u016fvodn\u011b pl\u00e1novan\u00e9ho roku 2026. Chceme o tom jednat s novou <span class=\"highlight-E1id0 highlight-E1M\">Evropskou<\/span> <span class=\"highlight-E1id0 highlight-E1M\">komis\u00ed<\/span> a z\u00e1rove\u0148 p\u0159ipravujeme pozi\u010dn\u00ed dokument, pro kter\u00fd bychom cht\u011bli z\u00edskat koalici podobn\u011b sm\u00fd\u0161lej\u00edc\u00edch st\u00e1t\u016f, tak jak tomu bylo v p\u0159\u00edpad\u011b revize normy <span class=\"highlight-E3id0 highlight-E3M\">Euro<\/span> <span class=\"highlight-E3id0 highlight-E3M\">7<\/span> ,\u201c \u0159\u00edk\u00e1 <span class=\"highlight-E5id3 highlight-E5M\">ministr<\/span> <span class=\"highlight-query highlight-E2id0 highlight-E2M\">Kupka<\/span>.<\/p>\n<p>Navazujeme tak na sv\u00e9 dosavadn\u00ed aktivity v oblasti realistick\u00e9ho a realizovateln\u00e9ho ozelen\u011bn\u00ed dopravy i aktu\u00e1ln\u00ed iniciativu italsk\u00e9 premi\u00e9rky <span class=\"highlight-E0id0 highlight-E0M\">Georgie<\/span> Meloniov\u00e9: \u201e Na\u0161\u00edm c\u00edlem mus\u00ed b\u00fdt udr\u017eet konkurenceschopnost evropsk\u00e9ho automobilov\u00e9ho pr\u016fmyslu a z\u00e1rove\u0148 zabr\u00e1nit tvorb\u011b bari\u00e9r, kter\u00e9 by znemo\u017enily n\u00e1kup nov\u00fdch cenov\u011b dostupn\u00fdch automobil\u016f. M\u00e1me ambici b\u00fdt <span class=\"highlight-E5id2 highlight-E5M\">l\u00eddry<\/span> snah o zm\u011bnu nastaven\u00ed evropsk\u00fdch pl\u00e1n\u016f t\u00fdkaj\u00edc\u00edch se spalovac\u00edch motor\u016f ,\u201c zd\u016fraz\u0148uje <span class=\"highlight-E5id0 highlight-E5M\">ministr<\/span> <span class=\"highlight-E5id0 highlight-E5M\">dopravy<\/span>.<\/p>\n<p>Prvn\u00ed kroky na cest\u011b k re\u00e1ln\u00e9 zelen\u00e9 politice jsme ji\u017e podnikli: <span class=\"highlight-E5id3 highlight-E5M\">Ministr<\/span> <span class=\"highlight-query highlight-E2id0 highlight-E2M\">Kupka<\/span> v tomto t\u00fddnu v <span class=\"highlight-E0id1 highlight-E0M\">Berl\u00edn\u011b<\/span> jednal s <span class=\"highlight-E5id1 highlight-E5M\">n\u011bmeck\u00fdm<\/span> <span class=\"highlight-E5id1 highlight-E5id0 highlight-E5M\">ministrem<\/span> <span class=\"highlight-E5id0 highlight-E5M\">dopravy<\/span> Volkerem Wissingem o kroc\u00edch k p\u0159ehodnocen\u00ed CO limit\u016f u osobn\u00edch vozidel, a to i v n\u00e1vaznosti na dopis <span class=\"highlight-E1id1 highlight-E1M\">Evropsk\u00e9<\/span> <span class=\"highlight-E1id1 highlight-E1M\">asociace<\/span> <span class=\"highlight-E1id1 highlight-E1M\">v\u00fdrobc\u016f<\/span> <span class=\"highlight-E1id1 highlight-E1M\">automobil\u016f<\/span> (<span class=\"highlight-E1id1 highlight-E1M\">ACEA<\/span>) z minul\u00e9ho t\u00fddne, ve kter\u00e9m se zmi\u0148uje nemo\u017enost spln\u011bn\u00ed stanoven\u00fdch limit\u016f CO pro rok 2025.<\/p>\n<p>&#8222;Z\u00e1rove\u0148 jsme v kontaktu se sdru\u017een\u00edm \u010desk\u00e9ho autopr\u016fmyslu ohledn\u011b dal\u0161\u00edch spole\u010dn\u00fdch krok\u016f. \u201e Cesta vede p\u0159es dal\u0161\u00ed intenzivn\u00ed vyjedn\u00e1v\u00e1n\u00ed a z\u00edsk\u00e1n\u00ed dostate\u010dn\u011b \u0161irok\u00e9 podpory podobn\u011b sm\u00fd\u0161lej\u00edc\u00edch st\u00e1t\u016f,&#8220; p\u0159ipom\u00edn\u00e1 <span class=\"highlight-E5id3 highlight-E5M\">ministr<\/span>.<\/p>\n<figure id=\"attachment_221\" aria-describedby=\"caption-attachment-221\" style=\"width: 900px\" class=\"wp-caption alignnone\"><img loading=\"lazy\" decoding=\"async\" class=\"size-medium wp-image-221\" src=\"http:\/\/www.automakers.cz\/wp-content\/uploads\/2023\/11\/eSalon-Malacek-Kupka-900x675.jpg\" alt=\"\" width=\"900\" height=\"675\" srcset=\"https:\/\/www.automakers.cz\/wp-content\/uploads\/2023\/11\/eSalon-Malacek-Kupka-900x675.jpg 900w, https:\/\/www.automakers.cz\/wp-content\/uploads\/2023\/11\/eSalon-Malacek-Kupka-1024x768.jpg 1024w, https:\/\/www.automakers.cz\/wp-content\/uploads\/2023\/11\/eSalon-Malacek-Kupka-768x576.jpg 768w, https:\/\/www.automakers.cz\/wp-content\/uploads\/2023\/11\/eSalon-Malacek-Kupka-1536x1152.jpg 1536w, https:\/\/www.automakers.cz\/wp-content\/uploads\/2023\/11\/eSalon-Malacek-Kupka.jpg 2040w\" sizes=\"auto, (max-width: 900px) 100vw, 900px\" \/><figcaption id=\"caption-attachment-221\" class=\"wp-caption-text\">Martin Kupka se uk\u00e1zal na lo\u0148sk\u00e9m e-Salonu ve spole\u010dnosti mana\u017eer\u016f SDA<\/figcaption><\/figure>\n<p>V roce 2023 byla v n\u00e1vaznosti na ambici\u00f3zn\u011bj\u0161\u00ed klimatick\u00e9 c\u00edle Unie p\u0159ijata revize na\u0159\u00edzen\u00ed, kter\u00e1 stanovuje v\u00fdkonnostn\u00ed limity CO pro nov\u00e9 osobn\u00ed automobily a nov\u00e1 lehk\u00e1 u\u017eitkov\u00e1 vozidla (dod\u00e1vky).<\/p>\n<p>Zdroj: MDCR<\/p>\n","protected":false},"excerpt":{"rendered":"<p>P\u0159ezkum dopad\u016f z\u00e1kazu prodeje nov\u00fdch aut se spalovac\u00edmi motory mus\u00ed prob\u011bhnout d\u0159\u00edve, aby byla udr\u017eena&#8230;<\/p>\n","protected":false},"author":1,"featured_media":945,"comment_status":"closed","ping_status":"closed","sticky":false,"template":"","format":"standard","meta":{"footnotes":""},"categories":[57,25,31],"tags":[],"class_list":["post-7536","post","type-post","status-publish","format-standard","has-post-thumbnail","hentry","category-emise","category-legislativa","category-news"],"_links":{"self":[{"href":"https:\/\/www.automakers.cz\/index.php?rest_route=\/wp\/v2\/posts\/7536","targetHints":{"allow":["GET"]}}],"collection":[{"href":"https:\/\/www.automakers.cz\/index.php?rest_route=\/wp\/v2\/posts"}],"about":[{"href":"https:\/\/www.automakers.cz\/index.php?rest_route=\/wp\/v2\/types\/post"}],"author":[{"embeddable":true,"href":"https:\/\/www.automakers.cz\/index.php?rest_route=\/wp\/v2\/users\/1"}],"replies":[{"embeddable":true,"href":"https:\/\/www.automakers.cz\/index.php?rest_route=%2Fwp%2Fv2%2Fcomments&post=7536"}],"version-history":[{"count":3,"href":"https:\/\/www.automakers.cz\/index.php?rest_route=\/wp\/v2\/posts\/7536\/revisions"}],"predecessor-version":[{"id":7538,"href":"https:\/\/www.automakers.cz\/index.php?rest_route=\/wp\/v2\/posts\/7536\/revisions\/7538"}],"wp:featuredmedia":[{"embeddable":true,"href":"https:\/\/www.automakers.cz\/index.php?rest_route=\/wp\/v2\/media\/945"}],"wp:attachment":[{"href":"https:\/\/www.automakers.cz\/index.php?rest_route=%2Fwp%2Fv2%2Fmedia&parent=7536"}],"wp:term":[{"taxonomy":"category","embeddable":true,"href":"https:\/\/www.automakers.cz\/index.php?rest_route=%2Fwp%2Fv2%2Fcategories&post=7536"},{"taxonomy":"post_tag","embeddable":true,"href":"https:\/\/www.automakers.cz\/index.php?rest_route=%2Fwp%2Fv2%2Ftags&post=7536"}],"curies":[{"name":"wp","href":"https:\/\/api.w.org\/{rel}","templated":true}]}}