{"id":7582,"date":"2024-10-02T08:52:21","date_gmt":"2024-10-02T08:52:21","guid":{"rendered":"https:\/\/www.automakers.cz\/?p=7582"},"modified":"2024-10-02T11:30:56","modified_gmt":"2024-10-02T11:30:56","slug":"uber-oslavil-10-let-v-cesku-cili-na-vodik","status":"publish","type":"post","link":"https:\/\/www.automakers.cz\/?p=7582","title":{"rendered":"Uber oslavil 10 let v \u010cesku, c\u00edl\u00ed na vod\u00edk"},"content":{"rendered":"<p><strong>Uber slav\u00ed 10. v\u00fdro\u010d\u00ed sv\u00e9ho p\u016fsoben\u00ed v \u010cesk\u00e9 republice. Od sv\u00e9ho vstupu na \u010desk\u00fd trh v roce 2014 se stal kl\u00ed\u010dov\u00fdm hr\u00e1\u010dem na poli m\u011bstsk\u00e9 mobility, prom\u011bnil trh taxislu\u017eeb.<\/strong><!--more--><\/p>\n<p>Firma Uber podpo\u0159ila dom\u00e1c\u00ed ekonomiku, poskytla mo\u017enost v\u00fdd\u011blku tis\u00edc\u016fm \u0159idi\u010d\u016f, doprov\u00e1zela \u00fasp\u011bch \u010desk\u00fdch hokejist\u016f a stala se ofici\u00e1ln\u00ed taxislu\u017ebou Leti\u0161t\u011b V\u00e1clava Havla. V dal\u0161\u00edch letech se Uber chce zam\u011b\u0159it na rozvoj zelen\u00e9 mobility, dal\u0161\u00ed zlep\u0161ov\u00e1n\u00ed z\u00e1kaznick\u00fdch slu\u017eeb a poohl\u00ed\u017e\u00ed se tak\u00e9 po dal\u0161\u00ed expanzi.<\/p>\n<p>V\u00edce ne\u017e 23 000 \u0159idi\u010d\u016f, kte\u0159\u00ed platformu za posledn\u00edch deset let vyu\u017eili, a 4,6 milionu p\u0159epraven\u00fdch pasa\u017e\u00e9r\u016f. Za dek\u00e1du sv\u00e9ho p\u016fsoben\u00ed v \u010cR se Uber stal z\u00e1sadn\u00edm hr\u00e1\u010dem na poli m\u011bstsk\u00e9 mobility a synonymem pro jednoduchou, bezpe\u010dnou a cenov\u011b transparentn\u00ed p\u0159epravu. Praha byla p\u0159itom teprve druh\u00fdm m\u011bstem v CEE regionu, kam spole\u010dnost vstoupila. Dnes je Uber obl\u00edbenou volbou pro z\u00e1kazn\u00edky nejen v Praze, ale tak\u00e9 v dal\u0161\u00edch \u010desk\u00fdch m\u011bstech \u2013 v Brn\u011b, Plzni a Ostrav\u011b.<\/p>\n<p><img loading=\"lazy\" decoding=\"async\" class=\"alignnone size-medium wp-image-7586\" src=\"http:\/\/www.automakers.cz\/wp-content\/uploads\/2024\/10\/Uber_10_limo_2-small-2-900x600.jpg\" alt=\"\" width=\"900\" height=\"600\" srcset=\"https:\/\/www.automakers.cz\/wp-content\/uploads\/2024\/10\/Uber_10_limo_2-small-2-900x600.jpg 900w, https:\/\/www.automakers.cz\/wp-content\/uploads\/2024\/10\/Uber_10_limo_2-small-2-1024x683.jpg 1024w, https:\/\/www.automakers.cz\/wp-content\/uploads\/2024\/10\/Uber_10_limo_2-small-2-768x512.jpg 768w, https:\/\/www.automakers.cz\/wp-content\/uploads\/2024\/10\/Uber_10_limo_2-small-2-1536x1024.jpg 1536w, https:\/\/www.automakers.cz\/wp-content\/uploads\/2024\/10\/Uber_10_limo_2-small-2.jpg 1920w\" sizes=\"auto, (max-width: 900px) 100vw, 900px\" \/><strong>P\u0159es 30 tis\u00edc j\u00edzd v jedin\u00fd den a obliba pr\u00e9miov\u011bj\u0161\u00edch slu\u017eeb<\/strong><\/p>\n<p>Od roku 2014 se po\u010det u\u017eivatel\u016f, kte\u0159\u00ed pro sv\u00e9 cesty vyu\u017e\u00edvaj\u00ed Uber, zv\u00fd\u0161il v\u00edc ne\u017e 32kr\u00e1t. Rekordn\u00edm dnem z pohledu po\u010dtu svezen\u00ed se stal 1. leden 2020, kdy \u0159idi\u010di Uberu uskute\u010dnili t\u00e9m\u011b\u0159 35 000 j\u00edzd. Nejobl\u00edben\u011bj\u0161\u00ed dny pro objedn\u00e1n\u00ed j\u00edzdy jsou ji\u017e tradi\u010dn\u011b p\u00e1tky a soboty ve\u010der a pr\u016fm\u011brn\u00e1 j\u00edzda trv\u00e1 p\u0159ibli\u017en\u011b 16 minut.<\/p>\n<p>Nejv\u011bt\u0161\u00ed oblib\u011b se mezi \u010desk\u00fdmi u\u017eivateli t\u011b\u0161\u00ed cenov\u011b nejdostupn\u011bj\u0161\u00ed slu\u017eba UberX. Nej\u010dast\u011bji se pak setk\u00e1vaj\u00ed s vozy Octavia a Superb mladoboleslavsk\u00e9 \u0160kody, ale objevuj\u00ed se i m\u00e9n\u011b typick\u00e9 vozy jako Tesla, nebo pr\u00e9miov\u00e9 zna\u010dky v\u010detn\u011b Mercedes\u016f nebo t\u0159eba Porsche Panamera, kter\u00e9 na platform\u011b jezdilo v letech 2018-2019. Oproti ostatn\u00edm zem\u00edm v regionu \u010cesko z\u00e1rove\u0148 vybo\u010duje vysokou oblibou pr\u00e9miov\u011bj\u0161\u00edch slu\u017eeb jako Uber Comfort a Uber Black, kter\u00e9 pasa\u017e\u00e9r\u016fm nab\u00edzej\u00ed luxusn\u011bj\u0161\u00ed vozy s nejvy\u0161\u0161\u00ed m\u00edrou pohodl\u00ed a bohat\u00fdm prostorem pro nohy.<\/p>\n<p><strong>V\u00edce ne\u017e 25 bezpe\u010dnostn\u00edch funkc\u00ed, produkty pro ka\u017edou p\u0159\u00edle\u017eitost i speci\u00e1ln\u00ed slu\u017eba pro \u017eeny \u0159idi\u010dky<\/strong><\/p>\n<p>B\u011bhem deseti let p\u016fsoben\u00ed na \u010desk\u00e9m trhu p\u0159edstavil Uber v\u00edce ne\u017e 25 bezpe\u010dnostn\u00edch prvk\u016f i celou \u0159adu inovac\u00ed, kter\u00e9 posouvaj\u00ed m\u011bstskou mobilitu v\u00fdrazn\u011b vp\u0159ed. Od roku 2014 roz\u0161\u00ed\u0159il sv\u00e9 portfolio o slu\u017ebu Uber XL pro p\u0159epravu a\u017e \u0161esti pasa\u017e\u00e9r\u016f, Uber Pet pro j\u00edzdu s dom\u00e1c\u00edmi mazl\u00ed\u010dky \u010di Uber Reserve, kter\u00e1 poskytuje mo\u017enost rezervovat si j\u00edzdu na p\u0159esn\u00fd den a \u010das. Firma p\u0159i\u0161la tak\u00e9 s \u0159adou inovac\u00ed pro \u0159idi\u010de a \u0159idi\u010dky jako je ov\u011b\u0159en\u00ed toto\u017enosti v re\u00e1ln\u00e9m \u010dase nebo slu\u017eba pro \u017eeny \u0159idi\u010dky, kter\u00e9 maj\u00ed mo\u017enost si zvolit, \u017ee budou vozit pouze \u017eeny pasa\u017e\u00e9rky.<\/p>\n<p><img loading=\"lazy\" decoding=\"async\" class=\"alignnone size-medium wp-image-7584\" src=\"http:\/\/www.automakers.cz\/wp-content\/uploads\/2024\/10\/Uber_10_limo_1-small-1-900x600.jpg\" alt=\"\" width=\"900\" height=\"600\" srcset=\"https:\/\/www.automakers.cz\/wp-content\/uploads\/2024\/10\/Uber_10_limo_1-small-1-900x600.jpg 900w, https:\/\/www.automakers.cz\/wp-content\/uploads\/2024\/10\/Uber_10_limo_1-small-1-1024x683.jpg 1024w, https:\/\/www.automakers.cz\/wp-content\/uploads\/2024\/10\/Uber_10_limo_1-small-1-768x512.jpg 768w, https:\/\/www.automakers.cz\/wp-content\/uploads\/2024\/10\/Uber_10_limo_1-small-1-1536x1024.jpg 1536w, https:\/\/www.automakers.cz\/wp-content\/uploads\/2024\/10\/Uber_10_limo_1-small-1.jpg 1920w\" sizes=\"auto, (max-width: 900px) 100vw, 900px\" \/><strong>Myslet glob\u00e1ln\u011b, jednat lok\u00e1ln\u011b<\/strong><\/p>\n<p>Podstatn\u00fdm miln\u00edkem v oblasti strategick\u00fdch lok\u00e1ln\u00edch partnerstv\u00ed bylo zah\u00e1jen\u00ed spolupr\u00e1ce s Leti\u0161t\u011bm V\u00e1clava Havla Praha, kde se v z\u00e1\u0159\u00ed roku 2023 stal Uber ofici\u00e1ln\u00ed taxislu\u017ebou, a ji\u017e v prvn\u00edch m\u011bs\u00edc\u00edch odbavil meziro\u010dn\u011b o 98 % j\u00edzd v\u00edce ne\u017e p\u0159edchoz\u00ed provozovatel. V leto\u0161n\u00edm roce pak Uber nav\u00e1zal tak\u00e9 partnerstv\u00ed s \u010cesk\u00fdm hokejem a \u010desk\u00e9mu t\u00fdmu dovezl hv\u011bzdy z\u00e1mo\u0159sk\u00e9 NHL Pastr\u0148\u00e1ka a Zachu.<\/p>\n<p>\u201eByla to neuv\u011b\u0159iteln\u00e1 cesta r\u016fstu a inovac\u00ed v doprav\u011b. Kdy\u017e Uber p\u0159ed deseti lety vstoupil do \u010ceska, zam\u011bstnanci pra\u017esk\u00fdch kancel\u00e1\u0159\u00ed znali v\u0161echny \u0159idi\u010de osobn\u011b, jm\u00e9nem. Nyn\u00ed je nejsiln\u011bj\u0161\u00edm stvrzen\u00edm na\u0161\u00ed byznysov\u00e9 vysp\u011blosti i toho, \u017ee jsme kvalitn\u00edm partnerem, na\u0161e p\u0159\u00edtomnost na Leti\u0161ti V\u00e1clava Havla, nejv\u011bt\u0161\u00edm a nejd\u016fle\u017eit\u011bj\u0161\u00edm leti\u0161ti v zemi. Letos jsme rovn\u011b\u017e oslavili v\u00edt\u011bzstv\u00ed s n\u00e1rodn\u00edm hokejov\u00fdm t\u00fdmem v roli partnera hokejov\u00e9ho mistrovstv\u00ed. Tohle je p\u0159itom to, \u010d\u00edm chceme b\u00fdt \u2013 p\u0159irozen\u00e1 sou\u010d\u00e1st m\u011bsta a lok\u00e1ln\u00ed kultury. Bl\u00edzko lidem, pouh\u00e9 jedno kliknut\u00ed k tomu, abychom naplnili jejich pot\u0159eby \u2013 a\u0165 u\u017e jde o cestu do pr\u00e1ce, n\u00e1v\u0161t\u011bvu p\u0159\u00e1tel nebo vy\u0159izov\u00e1n\u00ed poch\u016fzek. Je toho p\u0159ed n\u00e1mi je\u0161t\u011b spousta,\u201c \u0159\u00edk\u00e1 \u0160t\u011bp\u00e1n \u0160indel\u00e1\u0159, mana\u017eer spole\u010dnosti Uber v \u010cesku.<\/p>\n<p><strong>Prvn\u00ed auta na vod\u00edk a bezplatn\u00e9 j\u00edzdy limuz\u00ednami<\/strong><\/p>\n<p>V dal\u0161\u00edch letech se chce Uber zam\u011b\u0159it mimo jin\u00e9 na podporu zelen\u00e9 mobility. Krom\u011b postupn\u00e9ho n\u00e1stupu elektromobil\u016f se u\u017eivatel\u00e9 Uberu mohou i na prvn\u00ed auta na vod\u00edk, kter\u00e1 budou na platform\u011b dostupn\u00e1 ji\u017e letos. V horizontu n\u00e1sleduj\u00edc\u00edch m\u011bs\u00edc\u016f je pak v pl\u00e1nu i dal\u0161\u00ed expanze po \u010cesk\u00e9 republice.<\/p>\n<p>Svou prvn\u00ed dek\u00e1du p\u016fsoben\u00ed na \u010desk\u00e9m trhu slavil Uber od p\u00e1tku 27. do ned\u011ble 29. z\u00e1\u0159\u00ed speci\u00e1ln\u00ed v\u00edkendovou akc\u00ed, v r\u00e1mci kter\u00e9 v\u0161em z\u00e1jemc\u016fm umo\u017enil bezplatnou proj\u00ed\u017e\u010fku typickou americkou luxusn\u00ed limuz\u00ednou obrandovanou v barv\u00e1ch Uberu. Okru\u017en\u00ed trasa z Hole\u0161ovick\u00e9 tr\u017enice na Pra\u017esk\u00fd hrad nab\u00eddla z\u00e1jemc\u016fm zhruba p\u016flhodinov\u00fd z\u00e1\u017eitek, ke kter\u00e9mu se sta\u010dilo zaregistrovat online, nebo p\u0159\u00edmo na m\u00edst\u011b ve speci\u00e1ln\u00ed Uber z\u00f3n\u011b.<\/p>\n<p><img loading=\"lazy\" decoding=\"async\" class=\"alignnone size-medium wp-image-7585\" src=\"http:\/\/www.automakers.cz\/wp-content\/uploads\/2024\/10\/Uber_10_zona-small-4-900x600.jpg\" alt=\"\" width=\"900\" height=\"600\" srcset=\"https:\/\/www.automakers.cz\/wp-content\/uploads\/2024\/10\/Uber_10_zona-small-4-900x600.jpg 900w, https:\/\/www.automakers.cz\/wp-content\/uploads\/2024\/10\/Uber_10_zona-small-4-1024x683.jpg 1024w, https:\/\/www.automakers.cz\/wp-content\/uploads\/2024\/10\/Uber_10_zona-small-4-768x512.jpg 768w, https:\/\/www.automakers.cz\/wp-content\/uploads\/2024\/10\/Uber_10_zona-small-4-1536x1024.jpg 1536w, https:\/\/www.automakers.cz\/wp-content\/uploads\/2024\/10\/Uber_10_zona-small-4.jpg 1920w\" sizes=\"auto, (max-width: 900px) 100vw, 900px\" \/><\/p>\n","protected":false},"excerpt":{"rendered":"<p>Uber slav\u00ed 10. v\u00fdro\u010d\u00ed sv\u00e9ho p\u016fsoben\u00ed v \u010cesk\u00e9 republice. Od sv\u00e9ho vstupu na \u010desk\u00fd trh&#8230;<\/p>\n","protected":false},"author":2,"featured_media":7583,"comment_status":"closed","ping_status":"closed","sticky":false,"template":"","format":"standard","meta":{"footnotes":""},"categories":[43,39,4],"tags":[],"class_list":["post-7582","post","type-post","status-publish","format-standard","has-post-thumbnail","hentry","category-logistika","category-vodik","category-vyroci"],"_links":{"self":[{"href":"https:\/\/www.automakers.cz\/index.php?rest_route=\/wp\/v2\/posts\/7582","targetHints":{"allow":["GET"]}}],"collection":[{"href":"https:\/\/www.automakers.cz\/index.php?rest_route=\/wp\/v2\/posts"}],"about":[{"href":"https:\/\/www.automakers.cz\/index.php?rest_route=\/wp\/v2\/types\/post"}],"author":[{"embeddable":true,"href":"https:\/\/www.automakers.cz\/index.php?rest_route=\/wp\/v2\/users\/2"}],"replies":[{"embeddable":true,"href":"https:\/\/www.automakers.cz\/index.php?rest_route=%2Fwp%2Fv2%2Fcomments&post=7582"}],"version-history":[{"count":4,"href":"https:\/\/www.automakers.cz\/index.php?rest_route=\/wp\/v2\/posts\/7582\/revisions"}],"predecessor-version":[{"id":7607,"href":"https:\/\/www.automakers.cz\/index.php?rest_route=\/wp\/v2\/posts\/7582\/revisions\/7607"}],"wp:featuredmedia":[{"embeddable":true,"href":"https:\/\/www.automakers.cz\/index.php?rest_route=\/wp\/v2\/media\/7583"}],"wp:attachment":[{"href":"https:\/\/www.automakers.cz\/index.php?rest_route=%2Fwp%2Fv2%2Fmedia&parent=7582"}],"wp:term":[{"taxonomy":"category","embeddable":true,"href":"https:\/\/www.automakers.cz\/index.php?rest_route=%2Fwp%2Fv2%2Fcategories&post=7582"},{"taxonomy":"post_tag","embeddable":true,"href":"https:\/\/www.automakers.cz\/index.php?rest_route=%2Fwp%2Fv2%2Ftags&post=7582"}],"curies":[{"name":"wp","href":"https:\/\/api.w.org\/{rel}","templated":true}]}}