{"id":7642,"date":"2024-10-03T08:49:38","date_gmt":"2024-10-03T08:49:38","guid":{"rendered":"https:\/\/www.automakers.cz\/?p=7642"},"modified":"2024-10-03T08:49:55","modified_gmt":"2024-10-03T08:49:55","slug":"kooperativa-ma-pojisteni-pro-elektromobily","status":"publish","type":"post","link":"https:\/\/www.automakers.cz\/?p=7642","title":{"rendered":"Kooperativa m\u00e1 speci\u00e1ln\u00ed poji\u0161t\u011bn\u00ed pro elektromobily"},"content":{"rendered":"<p><strong>Kooperativa od za\u010d\u00e1tku \u0159\u00edjna nab\u00edz\u00ed nov\u00e9 poji\u0161t\u011bn\u00ed, speci\u00e1ln\u011b p\u0159ipraven\u00e9 pro elektromobily. Je ur\u010deno pro vozidla s\u00a0pohonem \u010dist\u011b na elekt\u0159inu, ne tedy hybridy nebo plug-in hybridn\u00ed vozidla a plat\u00ed po cel\u00e9 Evrop\u011b.<\/strong><!--more--><\/p>\n<p>\u201eNa\u0161e poji\u0161t\u011bn\u00ed je unik\u00e1tn\u00ed zejm\u00e9na u \u0161kod na baterii, vztahuje se toti\u017e i\u00a0na jej\u00ed zni\u010den\u00ed nejen p\u0159i n\u00e1razu, ale tak\u00e9 p\u0159i \u0161kod\u00e1ch zp\u016fsoben\u00fdch p\u0159eh\u0159\u00e1t\u00edm nebo zkratem. D\u00e1le ho klienti ocen\u00ed, pokud zp\u016fsob\u00ed \u0161kody p\u0159i nab\u00edjen\u00ed \u2013 a\u0165 u\u017e na nab\u00edjec\u00ed stanici nebo nab\u00edjec\u00edch kabelech,\u201c p\u0159edstavuje nejv\u011bt\u0161\u00ed v\u00fdhody V\u00e1clav Geleti\u010d, vedouc\u00ed Odboru v\u00fdvoje produkt\u016f v\u00a0poji\u0161\u0165ovn\u011b Kooperativa.<\/p>\n<p>V\u00a0r\u00e1mci havarijn\u00edho poji\u0161t\u011bn\u00ed je poji\u0161t\u011bna i p\u0159enosn\u00e1 nab\u00edje\u010dka, a to v\u010detn\u011b v\u0161ech kabel\u016f a dal\u0161\u00edch dopl\u0148k\u016f ur\u010den\u00fdch k\u00a0nab\u00edjen\u00ed vozidla. V\u00a0r\u00e1mci asisten\u010dn\u00edch slu\u017eeb pak Kooperativa p\u0159idala z\u00e1sah, kdy v\u00a0p\u0159\u00edpad\u011b vybit\u00e9 baterie klienta odt\u00e1hne k\u00a0nejbli\u017e\u0161\u00ed nab\u00edjec\u00ed stanici.<\/p>\n<p>Poji\u0161t\u011bn\u00ed odpov\u011bdnosti\u00a0pak kryje \u0161kody, kter\u00e9 vzniknou p\u0159i manipulaci s\u00a0kabelem<strong><b>\u00a0<\/b><\/strong>p\u0159i p\u0159ipojov\u00e1n\u00ed\/odpojov\u00e1n\u00ed vozidla k\u00a0nab\u00edjec\u00ed stanici<strong><b>.<\/b><\/strong>\u00a0To zahrnuje jak \u0161kody na kabelu, tak na samotn\u00e9 nab\u00edjec\u00ed stanici. P\u0159\u00edklady takov\u00fdch \u0161kod mohou zahrnovat p\u00e1d kabelu, rozbit\u00ed koncovky nebo nespr\u00e1vn\u00e9 zapojen\u00ed do z\u00e1suvky.<\/p>\n<p>V\u0161echny v\u00fdhody nov\u00e9ho poji\u0161t\u011bn\u00ed elektromobil\u016f z\u00edskaj\u00ed klienti, kte\u0159\u00ed si spole\u010dn\u011b sjednaj\u00ed povinn\u00e9 ru\u010den\u00ed i havarijn\u00ed poji\u0161t\u011bn\u00ed.<\/p>\n<p><strong>Zdroj: Milan K\u00e1\u0148a, Kooperativa\u00a0<\/strong><\/p>\n","protected":false},"excerpt":{"rendered":"<p>Kooperativa od za\u010d\u00e1tku \u0159\u00edjna nab\u00edz\u00ed nov\u00e9 poji\u0161t\u011bn\u00ed, speci\u00e1ln\u011b p\u0159ipraven\u00e9 pro elektromobily. Je ur\u010deno pro vozidla&#8230;<\/p>\n","protected":false},"author":1,"featured_media":7644,"comment_status":"closed","ping_status":"closed","sticky":false,"template":"","format":"standard","meta":{"footnotes":""},"categories":[9,35],"tags":[],"class_list":["post-7642","post","type-post","status-publish","format-standard","has-post-thumbnail","hentry","category-elektromobily","category-pojisteni"],"_links":{"self":[{"href":"https:\/\/www.automakers.cz\/index.php?rest_route=\/wp\/v2\/posts\/7642","targetHints":{"allow":["GET"]}}],"collection":[{"href":"https:\/\/www.automakers.cz\/index.php?rest_route=\/wp\/v2\/posts"}],"about":[{"href":"https:\/\/www.automakers.cz\/index.php?rest_route=\/wp\/v2\/types\/post"}],"author":[{"embeddable":true,"href":"https:\/\/www.automakers.cz\/index.php?rest_route=\/wp\/v2\/users\/1"}],"replies":[{"embeddable":true,"href":"https:\/\/www.automakers.cz\/index.php?rest_route=%2Fwp%2Fv2%2Fcomments&post=7642"}],"version-history":[{"count":3,"href":"https:\/\/www.automakers.cz\/index.php?rest_route=\/wp\/v2\/posts\/7642\/revisions"}],"predecessor-version":[{"id":7646,"href":"https:\/\/www.automakers.cz\/index.php?rest_route=\/wp\/v2\/posts\/7642\/revisions\/7646"}],"wp:featuredmedia":[{"embeddable":true,"href":"https:\/\/www.automakers.cz\/index.php?rest_route=\/wp\/v2\/media\/7644"}],"wp:attachment":[{"href":"https:\/\/www.automakers.cz\/index.php?rest_route=%2Fwp%2Fv2%2Fmedia&parent=7642"}],"wp:term":[{"taxonomy":"category","embeddable":true,"href":"https:\/\/www.automakers.cz\/index.php?rest_route=%2Fwp%2Fv2%2Fcategories&post=7642"},{"taxonomy":"post_tag","embeddable":true,"href":"https:\/\/www.automakers.cz\/index.php?rest_route=%2Fwp%2Fv2%2Ftags&post=7642"}],"curies":[{"name":"wp","href":"https:\/\/api.w.org\/{rel}","templated":true}]}}