{"id":7654,"date":"2024-10-03T13:09:34","date_gmt":"2024-10-03T13:09:34","guid":{"rendered":"https:\/\/www.automakers.cz\/?p=7654"},"modified":"2024-10-08T08:18:34","modified_gmt":"2024-10-08T08:18:34","slug":"hihglight-hostil-premieru-audi-a5-a-q5","status":"publish","type":"post","link":"https:\/\/www.automakers.cz\/?p=7654","title":{"rendered":"Highlight hostil premi\u00e9ru Audi A5 a Q5"},"content":{"rendered":"<p><strong>\u0160\u00e9f zna\u010dky Audi Marcel Archleb uspo\u0159\u00e1dal 2. \u0159\u00edjna n\u00e1rodn\u00ed premi\u00e9ru dvou nov\u00fdch model\u016f \u2013 Audi A5 Avant a Audi Q<\/strong>5. <strong>Novin\u00e1\u0159e sezn\u00e1mil s novinkami v hlubo\u010depsk\u00e9m Highlightu, p\u0159edstavil m\u00e9di\u00edm tak\u00e9 nov\u00e9ho produktov\u00e9ho mana\u017eera zna\u010dky. Akci asistovala snowbor\u010fa\u010dka Eva Adamczykov\u00e1.<\/strong><br \/>\n<!--more--><\/p>\n<p>&#8222;Na ja\u0159e jsme sl\u00edbili velkou leto\u0161n\u00ed produktovou ofenz\u00edvu, jako prvn\u00ed novinka bylo v l\u00e9t\u011b p\u0159edstaveno Audi Q6 e-tron, nyn\u00ed m\u016f\u017eete vid\u011bt dal\u0161\u00ed dva modely ve statick\u00e9 prezentaci . Jde o vozy A5 Avant a Q5, kter\u00e9 za\u010d\u00ednaj\u00ed ps\u00e1t novou kapitolu sv\u00e9 \u00fasp\u011b\u0161n\u00e9 historie v segmentu st\u0159edn\u00ed t\u0159\u00eddy,&#8220; vykopl m\u00ed\u010d na za\u010d\u00e1tku tiskovky mluv\u010d\u00ed zna\u010dky Ji\u0159\u00ed Rozko\u0161n\u00fd, kter\u00fd z\u00e1rove\u0148 nab\u00eddl z\u00e1stupc\u016fm m\u00e9di\u00ed mo\u017enost vyzkou\u0161et si posed v p\u0159edproduk\u010dn\u00edch verz\u00edch obou novinek.<\/p>\n<p><img loading=\"lazy\" decoding=\"async\" class=\"alignnone size-medium wp-image-7660\" src=\"http:\/\/www.automakers.cz\/wp-content\/uploads\/2024\/10\/Audi-A5-Hyan-Rozkosny-900x606.jpg\" alt=\"\" width=\"900\" height=\"606\" \/><\/p>\n<p>\u0158editel divize Audi pak uvedl na podium Adama Martyn\u010deka, nov\u00e9ho produktov\u00e9ho specialistu, kter\u00fd p\u0159edt\u00edm pracoval pro Porsche Slovakia. Tam m\u011bl na starosti zna\u010dku VW. V Hlubo\u010dep\u00edch popsal novin\u00e1\u0159\u016fm specifikace vozu i nab\u00eddku motorizac\u00ed.<\/p>\n<p><img loading=\"lazy\" decoding=\"async\" class=\"alignnone size-medium wp-image-7665\" src=\"http:\/\/www.automakers.cz\/wp-content\/uploads\/2024\/10\/Audi-motorizace-Martyncek-900x506.jpg\" alt=\"\" width=\"900\" height=\"506\" srcset=\"https:\/\/www.automakers.cz\/wp-content\/uploads\/2024\/10\/Audi-motorizace-Martyncek-900x506.jpg 900w, https:\/\/www.automakers.cz\/wp-content\/uploads\/2024\/10\/Audi-motorizace-Martyncek-1024x576.jpg 1024w, https:\/\/www.automakers.cz\/wp-content\/uploads\/2024\/10\/Audi-motorizace-Martyncek-768x432.jpg 768w, https:\/\/www.automakers.cz\/wp-content\/uploads\/2024\/10\/Audi-motorizace-Martyncek-1536x864.jpg 1536w, https:\/\/www.automakers.cz\/wp-content\/uploads\/2024\/10\/Audi-motorizace-Martyncek-1280x720.jpg 1280w, https:\/\/www.automakers.cz\/wp-content\/uploads\/2024\/10\/Audi-motorizace-Martyncek.jpg 2040w\" sizes=\"auto, (max-width: 900px) 100vw, 900px\" \/>&#8222;Sou\u010dasn\u00e1 \u0159ada A5 je vlastn\u011b b\u00fdval\u00e1 \u0159ada A4, proto\u017ee lich\u00fdmi \u010d\u00edsly te\u010f Audi ozna\u010duje modely se spalovac\u00edmi motory, sud\u00e1 \u010d\u00edsla jsou ur\u010dena pro elektromobily. Aktu\u00e1ln\u00ed novinky postaven\u00e9 na nov\u00e9 platform\u011b pro spalovac\u00ed motory se vyzna\u010duj\u00ed ost\u0159ej\u0161\u00edm designov\u00fdm stylem s pr\u00e9miov\u00fdmi proporcemi,&#8220; uvedl Martyn\u010dek.<\/p>\n<p><img loading=\"lazy\" decoding=\"async\" class=\"alignnone size-medium wp-image-7661\" src=\"http:\/\/www.automakers.cz\/wp-content\/uploads\/2024\/10\/Audi-A5-Hihlight-podium-900x600.jpg\" alt=\"\" width=\"900\" height=\"600\" \/>Ob\u011b z\u00e1kladn\u00ed karos\u00e1\u0159sk\u00e9 varianty, Sedan a Avant, zt\u011bles\u0148uj\u00ed sportovn\u00ed esenci designov\u00e9 filozofie zna\u010dky Audi. Nov\u00fd designov\u00fd styl v interi\u00e9ru vytv\u00e1\u0159\u00ed pocit velkorys\u00e9ho prostoru a p\u0159itahuje pozornost k zobrazen\u00edm na pomysln\u00e9m digit\u00e1ln\u00edm p\u00f3diu. Nov\u00fd koncept ovl\u00e1d\u00e1n\u00ed p\u0159itom zlep\u0161uje interakci s vozidlem. Nab\u00eddku zavr\u0161uj\u00ed hospod\u00e1rn\u00e9, \u010d\u00e1ste\u010dn\u011b elektrifikovan\u00e9 spalovac\u00ed motory a emocion\u00e1ln\u00ed modely S.<\/p>\n<p><img loading=\"lazy\" decoding=\"async\" class=\"alignnone size-medium wp-image-7669\" src=\"http:\/\/www.automakers.cz\/wp-content\/uploads\/2024\/10\/Audi-A5-900x600.jpg\" alt=\"\" width=\"900\" height=\"600\" \/>Q5 SUV je po nov\u00e9 modelov\u00e9 \u0159ad\u011b Audi A5 druh\u00fdm modelem v portfoliu zkonstruovan\u00fdm na z\u00e1klad\u011b platformy PPC (Premium Platform Combustion), kter\u00e1 zna\u010dce Audi umo\u017e\u0148uje uv\u00e1d\u011bt na trh v r\u016fzn\u00fdch segmentech velkos\u00e9riov\u00e9 modely s vysok\u00fdmi technick\u00fdmi ambicemi.<\/p>\n<p><strong>Erich Handl, Hlubo\u010depy, FOTO Audi a autor<\/strong><\/p>\n<p><img loading=\"lazy\" decoding=\"async\" class=\"alignnone size-medium wp-image-7662\" src=\"http:\/\/www.automakers.cz\/wp-content\/uploads\/2024\/10\/Aud-A5-Hurt-Samkova-Archleb-900x600.jpg\" alt=\"\" width=\"900\" height=\"600\" \/><\/p>\n","protected":false},"excerpt":{"rendered":"<p>\u0160\u00e9f zna\u010dky Audi Marcel Archleb uspo\u0159\u00e1dal 2. \u0159\u00edjna n\u00e1rodn\u00ed premi\u00e9ru dvou nov\u00fdch model\u016f \u2013 Audi&#8230;<\/p>\n","protected":false},"author":1,"featured_media":7659,"comment_status":"closed","ping_status":"closed","sticky":false,"template":"","format":"standard","meta":{"footnotes":""},"categories":[56,12,20],"tags":[],"class_list":["post-7654","post","type-post","status-publish","format-standard","has-post-thumbnail","hentry","category-celebrity","category-premiery","category-tiskovky"],"_links":{"self":[{"href":"https:\/\/www.automakers.cz\/index.php?rest_route=\/wp\/v2\/posts\/7654","targetHints":{"allow":["GET"]}}],"collection":[{"href":"https:\/\/www.automakers.cz\/index.php?rest_route=\/wp\/v2\/posts"}],"about":[{"href":"https:\/\/www.automakers.cz\/index.php?rest_route=\/wp\/v2\/types\/post"}],"author":[{"embeddable":true,"href":"https:\/\/www.automakers.cz\/index.php?rest_route=\/wp\/v2\/users\/1"}],"replies":[{"embeddable":true,"href":"https:\/\/www.automakers.cz\/index.php?rest_route=%2Fwp%2Fv2%2Fcomments&post=7654"}],"version-history":[{"count":12,"href":"https:\/\/www.automakers.cz\/index.php?rest_route=\/wp\/v2\/posts\/7654\/revisions"}],"predecessor-version":[{"id":7789,"href":"https:\/\/www.automakers.cz\/index.php?rest_route=\/wp\/v2\/posts\/7654\/revisions\/7789"}],"wp:featuredmedia":[{"embeddable":true,"href":"https:\/\/www.automakers.cz\/index.php?rest_route=\/wp\/v2\/media\/7659"}],"wp:attachment":[{"href":"https:\/\/www.automakers.cz\/index.php?rest_route=%2Fwp%2Fv2%2Fmedia&parent=7654"}],"wp:term":[{"taxonomy":"category","embeddable":true,"href":"https:\/\/www.automakers.cz\/index.php?rest_route=%2Fwp%2Fv2%2Fcategories&post=7654"},{"taxonomy":"post_tag","embeddable":true,"href":"https:\/\/www.automakers.cz\/index.php?rest_route=%2Fwp%2Fv2%2Ftags&post=7654"}],"curies":[{"name":"wp","href":"https:\/\/api.w.org\/{rel}","templated":true}]}}