{"id":7687,"date":"2024-10-04T13:53:16","date_gmt":"2024-10-04T13:53:16","guid":{"rendered":"https:\/\/www.automakers.cz\/?p=7687"},"modified":"2024-10-04T13:53:16","modified_gmt":"2024-10-04T13:53:16","slug":"piknik-peugeot-propojil-ambasadory-a-fanousky-znacky","status":"publish","type":"post","link":"https:\/\/www.automakers.cz\/?p=7687","title":{"rendered":"\u201ePiknik Peugeot\u201c propojil ambasadory a fanou\u0161ky zna\u010dky"},"content":{"rendered":"<p><strong>V polovin\u011b \u010dervna leto\u0161n\u00edho roku vyhl\u00e1sila zna\u010dka Peugeot v \u010cR na sv\u00fdch soci\u00e1ln\u00edch s\u00edt\u00edch sout\u011b\u017e s origin\u00e1ln\u00ed cenou pro v\u00edt\u011bze. Hr\u00e1lo se o \u201epiknik s ambasadorem\u201c, neboli den pln\u00fd z\u00e1bavy, vzru\u0161uj\u00edc\u00edch z\u00e1\u017eitk\u016f a setk\u00e1n\u00ed se zaj\u00edmav\u00fdmi lidmi. Jak to dopadlo?<\/strong><!--more--><\/p>\n<p>O tuto nepochybn\u011b l\u00e1kavou cenu si zahr\u00e1lo p\u0159es tis\u00edc sout\u011b\u017e\u00edc\u00edch. Na konci pr\u00e1zdnin se dvan\u00e1ct z nich mohlo radovat z v\u00fdhry. V\u00fdzvu p\u0159ipravit pro n\u011b nezapomenuteln\u00fd den p\u0159ijalo \u0161est ambasador\u016f zna\u010dky Peugeot:<\/p>\n<p>&#8211; Opern\u00ed p\u011bvkyn\u011b Andrea Kalivodov\u00e1<\/p>\n<p>&#8211; Herec Radim Fiala<\/p>\n<p>&#8211; Zp\u011bv\u00e1k a herec Adam Mi\u0161\u00edk<\/p>\n<p>&#8211; Moder\u00e1tor Honza D\u011bdek<\/p>\n<p>&#8211; \u0160\u00e9fkucha\u0159 Ond\u0159ej Molina<\/p>\n<p>&#8211; Rallyov\u00fd jezdec David \u0160tefan<\/p>\n<p><img loading=\"lazy\" decoding=\"async\" class=\"alignnone size-medium wp-image-7689\" src=\"http:\/\/www.automakers.cz\/wp-content\/uploads\/2024\/10\/\u201ePiknik-Peugeot-1-900x600.jpg\" alt=\"\" width=\"900\" height=\"600\" srcset=\"https:\/\/www.automakers.cz\/wp-content\/uploads\/2024\/10\/\u201ePiknik-Peugeot-1-900x600.jpg 900w, https:\/\/www.automakers.cz\/wp-content\/uploads\/2024\/10\/\u201ePiknik-Peugeot-1-1024x683.jpg 1024w, https:\/\/www.automakers.cz\/wp-content\/uploads\/2024\/10\/\u201ePiknik-Peugeot-1-768x512.jpg 768w, https:\/\/www.automakers.cz\/wp-content\/uploads\/2024\/10\/\u201ePiknik-Peugeot-1-1536x1024.jpg 1536w, https:\/\/www.automakers.cz\/wp-content\/uploads\/2024\/10\/\u201ePiknik-Peugeot-1-2048x1366.jpg 2048w\" sizes=\"auto, (max-width: 900px) 100vw, 900px\" \/><\/p>\n<p>Tato hv\u011bzdn\u00e1 sestava zaj\u00edmav\u00fdch osobnost\u00ed z r\u016fzn\u00fdch obor\u016f shrom\u00e1\u017ed\u011bn\u00e1 na jednom m\u00edst\u011b je sama o sob\u011b p\u0159\u00edslibem velkolep\u00e9 akce. A tento p\u0159\u00edslib se dokonale naplnil! Dne 12. z\u00e1\u0159\u00ed dorazilo do romantick\u00e9ho prost\u0159ed\u00ed Dvora Hoffmeister u Prahy \u0161est voz\u016f Peugeot. Ka\u017ed\u00fd z nich p\u0159iv\u00e1\u017eel jednoho ambasadora a \u201ejeho\u201c dva v\u00fdherce. Po \u010derven\u00e9m koberci pak v\u0161ichni odkr\u00e1\u010deli str\u00e1vit den ve francouzsk\u00e9m stylu.<\/p>\n<p>Na programu byl piknik s degustac\u00ed francouzsk\u00fdch delikates \u010di turnaj v p\u00e9tanque. Z\u00e1\u017eitek z neoby\u010dejn\u00e9ho setk\u00e1n\u00ed s v\u00fdherci sd\u00edleli i ambasado\u0159i, nap\u0159\u00edklad Andrea Kalivodov\u00e1: \u201eByl to jednozna\u010dn\u011b jedine\u010dn\u00fd a n\u00e1dhern\u00fd \u00fat\u011bk z pracovn\u00edho shonu do o\u00e1zy klidu a \u0161armu.\u201c<\/p>\n<p>Podobn\u011b vn\u00edmal akci i Radim Fiala: \u201eOsobn\u011b m\u00e1m r\u00e1d pikniky. A to nejen s rodinou, p\u0159\u00e1teli, spolupracovn\u00edky a podobn\u011b&#8230; ov\u0161em piknik s Peugeotem, ambasadory a v\u00fdherci sout\u011b\u017ee m\u011b op\u011bt utvrdil v pravd\u011b, \u017ee i s nezn\u00e1m\u00fdmi lidmi, pakli\u017ee je od za\u010d\u00e1tku skv\u011bl\u00e1 atmosf\u00e9ra, lze za\u017e\u00edt kr\u00e1sn\u00e9 chvilky, kter\u00e9 mohou p\u0159etrvat i del\u0161\u00ed obdob\u00ed ne\u017e jen po \u010das pikniku.\u201c<\/p>\n<p>Akce ale byla p\u0159\u00ednosn\u00e1 i pro zna\u010dku Peugeot, jak vysv\u011btluje Ji\u0159ina Nov\u00e1kov\u00e1, marketingov\u00e1 \u0159editelka zna\u010dky Peugeot v \u010cR: \u201eKrom\u011b \u010dil\u00e9ho ruchu na na\u0161ich soci\u00e1ln\u00edch s\u00edt\u00edch jsme pos\u00edlili i na\u0161i image, kter\u00e9 tato akce vtiskla n\u00e1dech francouzsk\u00e9ho ducha a touhy po jedine\u010dn\u00fdch z\u00e1\u017eitc\u00edch. Dal\u0161\u00edm benefitem bylo i to, \u017ee ambasado\u0159i p\u0159edstavili fanou\u0161k\u016fm sv\u00e9 vozy Peugeot. Nap\u0159\u00edklad Adam Mi\u0161\u00edk s elektrick\u00fdm Peugeotem e-2008 p\u0159edal sv\u00fdm p\u0159\u00edznivc\u016fm vzkaz, \u017ee \u017e\u00edt ka\u017edodenn\u00ed \u017eivot s elektrick\u00fdm vozem nen\u00ed nijak omezuj\u00edc\u00ed ani obt\u011b\u017euj\u00edc\u00ed, ale naopak velmi p\u0159\u00edjemn\u00e9 a z\u00e1bavn\u00e9. A jeho dv\u011b fanynky, kter\u00e9 s n\u00edm akci absolvovaly, budou ur\u010dit\u011b tento vzkaz \u0161\u00ed\u0159it d\u00e1l.\u201c<\/p>\n<p><img loading=\"lazy\" decoding=\"async\" class=\"alignnone size-medium wp-image-7690\" src=\"http:\/\/www.automakers.cz\/wp-content\/uploads\/2024\/10\/\u201ePiknik-Peugeot-3-900x600.jpg\" alt=\"\" width=\"900\" height=\"600\" srcset=\"https:\/\/www.automakers.cz\/wp-content\/uploads\/2024\/10\/\u201ePiknik-Peugeot-3-900x600.jpg 900w, https:\/\/www.automakers.cz\/wp-content\/uploads\/2024\/10\/\u201ePiknik-Peugeot-3-1024x683.jpg 1024w, https:\/\/www.automakers.cz\/wp-content\/uploads\/2024\/10\/\u201ePiknik-Peugeot-3-768x512.jpg 768w, https:\/\/www.automakers.cz\/wp-content\/uploads\/2024\/10\/\u201ePiknik-Peugeot-3.jpg 1200w\" sizes=\"auto, (max-width: 900px) 100vw, 900px\" \/><\/p>\n","protected":false},"excerpt":{"rendered":"<p>V polovin\u011b \u010dervna leto\u0161n\u00edho roku vyhl\u00e1sila zna\u010dka Peugeot v \u010cR na sv\u00fdch soci\u00e1ln\u00edch s\u00edt\u00edch sout\u011b\u017e&#8230;<\/p>\n","protected":false},"author":2,"featured_media":7688,"comment_status":"closed","ping_status":"closed","sticky":false,"template":"","format":"standard","meta":{"footnotes":""},"categories":[26,36],"tags":[],"class_list":["post-7687","post","type-post","status-publish","format-standard","has-post-thumbnail","hentry","category-eventy","category-marketing"],"_links":{"self":[{"href":"https:\/\/www.automakers.cz\/index.php?rest_route=\/wp\/v2\/posts\/7687","targetHints":{"allow":["GET"]}}],"collection":[{"href":"https:\/\/www.automakers.cz\/index.php?rest_route=\/wp\/v2\/posts"}],"about":[{"href":"https:\/\/www.automakers.cz\/index.php?rest_route=\/wp\/v2\/types\/post"}],"author":[{"embeddable":true,"href":"https:\/\/www.automakers.cz\/index.php?rest_route=\/wp\/v2\/users\/2"}],"replies":[{"embeddable":true,"href":"https:\/\/www.automakers.cz\/index.php?rest_route=%2Fwp%2Fv2%2Fcomments&post=7687"}],"version-history":[{"count":2,"href":"https:\/\/www.automakers.cz\/index.php?rest_route=\/wp\/v2\/posts\/7687\/revisions"}],"predecessor-version":[{"id":7698,"href":"https:\/\/www.automakers.cz\/index.php?rest_route=\/wp\/v2\/posts\/7687\/revisions\/7698"}],"wp:featuredmedia":[{"embeddable":true,"href":"https:\/\/www.automakers.cz\/index.php?rest_route=\/wp\/v2\/media\/7688"}],"wp:attachment":[{"href":"https:\/\/www.automakers.cz\/index.php?rest_route=%2Fwp%2Fv2%2Fmedia&parent=7687"}],"wp:term":[{"taxonomy":"category","embeddable":true,"href":"https:\/\/www.automakers.cz\/index.php?rest_route=%2Fwp%2Fv2%2Fcategories&post=7687"},{"taxonomy":"post_tag","embeddable":true,"href":"https:\/\/www.automakers.cz\/index.php?rest_route=%2Fwp%2Fv2%2Ftags&post=7687"}],"curies":[{"name":"wp","href":"https:\/\/api.w.org\/{rel}","templated":true}]}}