{"id":7709,"date":"2024-10-08T07:15:48","date_gmt":"2024-10-08T07:15:48","guid":{"rendered":"https:\/\/www.automakers.cz\/?p=7709"},"modified":"2024-10-08T07:17:05","modified_gmt":"2024-10-08T07:17:05","slug":"kia-ev6-ma-ceske-ceny-a-specifikace","status":"publish","type":"post","link":"https:\/\/www.automakers.cz\/?p=7709","title":{"rendered":"Kia EV6 m\u00e1 \u010desk\u00e9 ceny a specifikace"},"content":{"rendered":"<p><strong>Kia zve\u0159ejnila ceny a specifikace p\u0159epracovan\u00e9ho modelu EV6.\u00a0 Zdokonalen\u00e1 verze prvn\u00edho elektromobilu zna\u010dky postaven\u00e9ho na modul\u00e1rn\u00edm podvozku E-GMP (Electric-Global Modular Platform) s 800 V architekturou, p\u0159edstavuje exteri\u00e9r s dynamick\u00fdmi prvky a akumul\u00e1tor s parametry pro del\u0161\u00ed dojezd. <\/strong><!--more--><\/p>\n<p>V\u016fz poh\u00e1n\u011bn\u00fd nov\u00fdm akumul\u00e1torem \u010dtvrt\u00e9 generace o kapacit\u011b 84 kWh se chlub\u00ed dojezdem a\u017e 582 km na jedno dobit\u00ed (podle metodiky WLTP).<\/p>\n<p>EV6 nab\u00edz\u00ed vylep\u0161en\u00fd syst\u00e9m palubn\u00edho infotainmentu, aktualizace softwaru prost\u0159ednictv\u00edm vzd\u00e1len\u00e9ho p\u0159\u00edstupu (OTA) a to i pro \u0159\u00edd\u00edc\u00ed jednotky vozidla, d\u00e1lkov\u011b ovl\u00e1dan\u00fd inteligentn\u00ed parkovac\u00ed asistent verze 2 (RSPA 2) nebo technologie rozpozn\u00e1v\u00e1n\u00ed rukou na volantu (Hands on Detection). Kapacitn\u00ed senzory napom\u00e1haj\u00ed zajistit co nejvy\u0161\u0161\u00ed j\u00edzdn\u00ed pohodl\u00ed, kdy rozpozn\u00e1vaj\u00ed kontakt rukou s volantem s c\u00edlem ur\u010dit, zda \u0159idi\u010d skute\u010dn\u011b dr\u017e\u00ed ruce na volantu.<\/p>\n<p>EV6 si od uveden\u00ed v srpnu 2021 doposud po\u0159\u00eddilo p\u0159es 210 000 z\u00e1kazn\u00edk\u016f z cel\u00e9ho sv\u011bta z\u00a0toho 353 z\u00a0\u010cesk\u00e9 republiky.<\/p>\n<p><img loading=\"lazy\" decoding=\"async\" class=\"alignnone size-medium wp-image-7713\" src=\"http:\/\/www.automakers.cz\/wp-content\/uploads\/2024\/10\/057_Highlander-small-1-900x600.jpg\" alt=\"\" width=\"900\" height=\"600\" srcset=\"https:\/\/www.automakers.cz\/wp-content\/uploads\/2024\/10\/057_Highlander-small-1-900x600.jpg 900w, https:\/\/www.automakers.cz\/wp-content\/uploads\/2024\/10\/057_Highlander-small-1-1024x682.jpg 1024w, https:\/\/www.automakers.cz\/wp-content\/uploads\/2024\/10\/057_Highlander-small-1-768x512.jpg 768w, https:\/\/www.automakers.cz\/wp-content\/uploads\/2024\/10\/057_Highlander-small-1.jpg 1280w\" sizes=\"auto, (max-width: 900px) 100vw, 900px\" \/><strong>Design exteri\u00e9ru<\/strong><\/p>\n<p>Sou\u010d\u00e1st\u00ed p\u0159\u00edd\u011b jsou elegantn\u00ed sv\u011btla denn\u00edho sv\u00edcen\u00ed (DRL), vytv\u00e1\u0159ej\u00edc\u00ed sv\u011bteln\u00fd podpis v podob\u011b hv\u011bzdn\u00e9 mapy.<\/p>\n<p>Profil EV6 odr\u00e1\u017e\u00ed designovou koncepci \u201aModern\u00ed kontrast\u2018, jej\u00edm\u017e p\u0159\u00edkladem je nov\u00fd vzhled kol s\u00a0rafinovan\u00fdm charakterem. Sdru\u017een\u00e1 sv\u011btla na z\u00e1di vozu podtrhuj\u00ed sv\u011bteln\u00fd podpis v podob\u011b hv\u011bzdn\u00e9 mapy; sv\u011btla v\u016fz opticky roz\u0161i\u0159uj\u00ed a p\u0159isp\u00edvaj\u00ed k jeho futuristick\u00e9mu vzhledu. Tvar k\u0159\u00eddla vetknut\u00fd do p\u0159edn\u00edho n\u00e1razn\u00edku se prom\u00edtl i do spodn\u00ed \u010d\u00e1sti zadn\u00edho n\u00e1razn\u00edku k dosa\u017een\u00ed jednotn\u00e9ho charakteru a dynamiky. U EV6 GT-Line je vn\u011bj\u0161\u00ed design vylep\u0161en dynami\u010dt\u011bj\u0161\u00ed formou p\u0159edn\u00edho a zadn\u00edho n\u00e1razn\u00edku, dal\u0161\u00ed centr\u00e1ln\u00ed sv\u011btelnou li\u0161tou z LED diod a exkluzivn\u00edm proveden\u00edm 20&#8243; kol.<\/p>\n<p><strong>Vylep\u0161en\u00e9 prost\u0159ed\u00ed interi\u00e9ru<\/strong><\/p>\n<p>Interi\u00e9r EV6 nab\u00edz\u00ed panoramatick\u00fd zak\u0159iven\u00fd displej. Dekora\u010dn\u00ed osv\u011btlen\u00ed zd\u016fraz\u0148uje horizont\u00e1ln\u00ed design.<\/p>\n<p>Sportovn\u00ed charakter EV6 stvrzuje nov\u011b navr\u017een\u00fd volant s elegantn\u00edm vzorem. Ve st\u0159edov\u00e9m panelu je zabudov\u00e1na funkce rozpozn\u00e1v\u00e1n\u00ed otisk\u016f prst\u016f, umo\u017e\u0148uj\u00edc\u00ed u\u017eivateli spustit vozidlo i bez chytr\u00e9ho kl\u00ed\u010dku nebo digit\u00e1ln\u00edho kl\u00ed\u010de, na\u010d\u00edst profil \u0159idi\u010de a prok\u00e1zat toto\u017enost ke zp\u0159\u00edstupn\u011bn\u00ed dal\u0161\u00edch slu\u017eeb. Bezdr\u00e1tov\u00e9 nab\u00edjen\u00ed chytr\u00fdch telefon\u016f nyn\u00ed disponuje v\u00fdkonem 15 W a m\u00e1 vylep\u0161en\u00e9 tvarov\u00e1n\u00ed.<\/p>\n<p>Z\u00e1kazn\u00edci mohou volit z r\u016fzn\u00fdch barevn\u00fdch proveden\u00ed interi\u00e9ru \u2013 \u0161ed\u00e1, hn\u011bd\u00e1, \u010dern\u00e1 nebo \u010derno-b\u00edl\u00e1.<\/p>\n<p><img loading=\"lazy\" decoding=\"async\" class=\"alignnone size-medium wp-image-7714\" src=\"http:\/\/www.automakers.cz\/wp-content\/uploads\/2024\/10\/Kia-EV6-7-small-900x506.jpg\" alt=\"\" width=\"900\" height=\"506\" srcset=\"https:\/\/www.automakers.cz\/wp-content\/uploads\/2024\/10\/Kia-EV6-7-small-900x506.jpg 900w, https:\/\/www.automakers.cz\/wp-content\/uploads\/2024\/10\/Kia-EV6-7-small-1024x576.jpg 1024w, https:\/\/www.automakers.cz\/wp-content\/uploads\/2024\/10\/Kia-EV6-7-small-768x432.jpg 768w, https:\/\/www.automakers.cz\/wp-content\/uploads\/2024\/10\/Kia-EV6-7-small-1536x864.jpg 1536w, https:\/\/www.automakers.cz\/wp-content\/uploads\/2024\/10\/Kia-EV6-7-small-1280x720.jpg 1280w, https:\/\/www.automakers.cz\/wp-content\/uploads\/2024\/10\/Kia-EV6-7-small.jpg 1920w\" sizes=\"auto, (max-width: 900px) 100vw, 900px\" \/><strong>Prodlou\u017een\u00fd dojezd s akumul\u00e1torem \u010dtvrt\u00e9 generace o kapacit\u011b 84 kWh<\/strong><\/p>\n<p>Nov\u00e9 EV6 pou\u017e\u00edv\u00e1 nov\u00fd akumul\u00e1tor \u010dtvrt\u00e9 generace. D\u00edky vy\u0161\u0161\u00ed energetick\u00e9 hustot\u011b se poda\u0159ilo zv\u00fd\u0161it kapacitu obou nab\u00edzen\u00fdch verz\u00ed: z 58 na 63 kWh v p\u0159\u00edpad\u011b \u201aStandardn\u00edho dojezdu\u2018, resp. ze 77,4 na 84 kWh u verze \u201aProdlou\u017een\u00e9ho dojezdu\u2018. To se prom\u00edtlo i do del\u0161\u00edho dojezdu, kter\u00fd nyn\u00ed \u010din\u00ed a\u017e 582 km (WLTP) na jedno dobit\u00ed.<\/p>\n<p>Akumul\u00e1tor o kapacit\u011b 84 kWh s 800V technologi\u00ed a vylep\u0161en\u00fdm dob\u00edjec\u00edm v\u00fdkonem 258 kW (+19 kW) zajist\u00ed dobit\u00ed z 10 na 80 procent za 18 minut, p\u0159i\u010dem\u017e za pouh\u00fdch 15 minut prodlou\u017e\u00ed dojezd a\u017e o 343 km. K u\u017eivatelsk\u00e9mu pohodl\u00ed p\u0159isp\u00edv\u00e1 fakt, \u017ee p\u0159i stejn\u00e9 dob\u011b str\u00e1ven\u00e9 dob\u00edjen\u00edm v\u011bt\u0161\u00edho akumul\u00e1toru se dojezd prodlou\u017e\u00ed o v\u00edce kilometr\u016f ne\u017e v p\u0159\u00edpad\u011b p\u0159edch\u016fdce. Z\u00e1kazn\u00edci d\u00e1le mohou volit mezi jedn\u00edm elektromotorem pro samotn\u00e1 zadn\u00ed kola (RWD) a proveden\u00edm AWD se dv\u011bma elektromotory; maxim\u00e1ln\u00ed v\u00fdkon 239 kW a to\u010div\u00fd moment 605 Nm je z\u00e1rukou mimo\u0159\u00e1dn\u00e9ho po\u017eitku z j\u00edzdy a vysok\u00e9ho pohodl\u00ed.<\/p>\n<p>K j\u00edzdn\u00edmu pohodl\u00ed na palub\u011b nov\u00e9ho EV6 p\u0159isp\u00edvaj\u00ed i frekven\u010dn\u011b z\u00e1visl\u00e9 tlumi\u010de, zvy\u0161uj\u00edc\u00ed stabilitu na nerovn\u00fdch povr\u0161\u00edch. Kia se rovn\u011b\u017e zam\u011b\u0159ila na sn\u00ed\u017een\u00ed hlu\u010dnosti elektrick\u00e9ho pohonu za pomoci vylep\u0161en\u00e9 akustick\u00e9 izolace zadn\u00edho elektromotoru ve prosp\u011bch celkov\u00e9 kultivovanosti a po\u017eitku z j\u00edzdy.<\/p>\n<p><img loading=\"lazy\" decoding=\"async\" class=\"alignnone size-medium wp-image-7715\" src=\"http:\/\/www.automakers.cz\/wp-content\/uploads\/2024\/10\/Kia-EV6-7-900x506.jpg\" alt=\"\" width=\"900\" height=\"506\" srcset=\"https:\/\/www.automakers.cz\/wp-content\/uploads\/2024\/10\/Kia-EV6-7-900x506.jpg 900w, https:\/\/www.automakers.cz\/wp-content\/uploads\/2024\/10\/Kia-EV6-7-1024x576.jpg 1024w, https:\/\/www.automakers.cz\/wp-content\/uploads\/2024\/10\/Kia-EV6-7-768x432.jpg 768w, https:\/\/www.automakers.cz\/wp-content\/uploads\/2024\/10\/Kia-EV6-7-1536x864.jpg 1536w, https:\/\/www.automakers.cz\/wp-content\/uploads\/2024\/10\/Kia-EV6-7-1280x720.jpg 1280w, https:\/\/www.automakers.cz\/wp-content\/uploads\/2024\/10\/Kia-EV6-7.jpg 1920w\" sizes=\"auto, (max-width: 900px) 100vw, 900px\" \/><strong>Propracovan\u00e9 funkce k zaji\u0161t\u011bn\u00ed nejlep\u0161\u00edch zku\u0161enost\u00ed s mobilitou v t\u00e9to t\u0159\u00edd\u011b<\/strong><\/p>\n<p>Kia ve snaze je\u0161t\u011b pos\u00edlit konkurenceschopnost EV6 vybavila tento model propracovan\u00fdmi funkcemi palubn\u00edho infotainmentu na z\u00e1klad\u011b\u00a0<a href=\"https:\/\/www.kianewscenter.com\/News\/hyundai-motor-group-announces-future-roadmap-for--software-defined-vehicles-at-unlock-the-software-a\/s\/bfccb6ce-bb1f-4a1d-b042-79b621e55460\">architektury \u201asoftwarov\u011b definovan\u00e9ho vozidla\u2018 (SDV)<\/a>. C\u00edlem t\u011bchto funkc\u00ed na podporu u\u017eivatelsk\u00e9ho pohodl\u00ed je zajistit co nejlep\u0161\u00ed propojen\u00ed vozidla s\u00a0p\u0159\u00edslu\u0161n\u00fdm u\u017eivatelem.<\/p>\n<p>Nov\u00e9 EV6 je vybaveno syst\u00e9mem palubn\u00edho infotainmentu Kia p\u0159\u00ed\u0161t\u00ed generace a kokpitem ccNC (connected car Navigation Cockpit) ke zp\u0159\u00edjemn\u011bn\u00ed zku\u0161enost\u00ed s mobilitou. Krom\u011b toho nab\u00edz\u00ed roz\u0161\u00ed\u0159en\u00e9 mo\u017enosti aktualizac\u00ed softwaru prost\u0159ednictv\u00edm vzd\u00e1len\u00e9ho p\u0159\u00edstupu (OTA), aby digit\u00e1ln\u00ed syst\u00e9my a \u0159\u00edd\u00edc\u00ed jednotky vozidla v\u017edy pou\u017e\u00edvaly nejnov\u011bj\u0161\u00ed verzi softwaru. Nov\u00e9 EV6 krom\u011b toho podporuje bezdr\u00e1tovou konektivitu p\u0159es Apple CarPlay a Android Auto, aplikaci Digital Key 2 a syst\u00e9m ov\u011b\u0159ov\u00e1n\u00ed toto\u017enosti pomoc\u00ed otisk\u016f.<\/p>\n<p>Na pomoc s \u0159\u00edzen\u00edm vozidla a ve snaze o maxim\u00e1ln\u00ed bezpe\u010dnost uvedla Kia r\u016fzn\u00e9 pokro\u010dil\u00e9 syst\u00e9my na podporu \u0159\u00edzen\u00ed (ADAS). Jedn\u00e1 se nap\u0159. o technologii rozpozn\u00e1v\u00e1n\u00ed rukou na volantu (HoD), syst\u00e9m n\u00e1sledov\u00e1n\u00ed v j\u00edzdn\u00edm pruhu verze 2 (LFA 2), d\u00e1lkov\u011b ovl\u00e1dan\u00fd inteligentn\u00ed parkovac\u00ed asistent verze 2 (RSPA 2), resp. p\u0159edn\u00ed, bo\u010dn\u00ed a zadn\u00ed asistent pro zamezen\u00ed koliz\u00edm b\u011bhem parkov\u00e1n\u00ed (PCA-F\/S\/R). EV6 se d\u00e1le chlub\u00ed zes\u00edlenou konstrukc\u00ed karoserie, kter\u00e1 zahrnuje pevn\u011bj\u0161\u00ed B-sloupky o v\u011bt\u0161\u00ed tlou\u0161\u0165ce; v\u00a0kabin\u011b najdeme ucelen\u00fd syst\u00e9m 7 airbag\u016f v\u010detn\u011b st\u0159edov\u00e9ho bo\u010dn\u00edho airbagu pro p\u0159edn\u00ed sedadla na podporu bezpe\u010dnosti \u0159idi\u010de a spolujezdce.<\/p>\n<p><img loading=\"lazy\" decoding=\"async\" class=\"alignnone size-medium wp-image-7712\" src=\"http:\/\/www.automakers.cz\/wp-content\/uploads\/2024\/10\/Kia-EV6-4-900x506.jpg\" alt=\"\" width=\"900\" height=\"506\" srcset=\"https:\/\/www.automakers.cz\/wp-content\/uploads\/2024\/10\/Kia-EV6-4-900x506.jpg 900w, https:\/\/www.automakers.cz\/wp-content\/uploads\/2024\/10\/Kia-EV6-4-1024x576.jpg 1024w, https:\/\/www.automakers.cz\/wp-content\/uploads\/2024\/10\/Kia-EV6-4-768x432.jpg 768w, https:\/\/www.automakers.cz\/wp-content\/uploads\/2024\/10\/Kia-EV6-4-1536x864.jpg 1536w, https:\/\/www.automakers.cz\/wp-content\/uploads\/2024\/10\/Kia-EV6-4-1280x720.jpg 1280w, https:\/\/www.automakers.cz\/wp-content\/uploads\/2024\/10\/Kia-EV6-4.jpg 1920w\" sizes=\"auto, (max-width: 900px) 100vw, 900px\" \/><\/p>\n<p>EV6 p\u0159in\u00e1\u0161\u00ed celou \u0159adu dal\u0161\u00edch funkc\u00ed ke zv\u00fd\u0161en\u00ed u\u017eivatelsk\u00e9ho pohodl\u00ed, jako nap\u0159\u00edklad 12&#8243; head-up displej (HUD), p\u0159edn\u00ed relaxa\u010dn\u00ed a ventilovan\u00e1 sedadla nebo Kia upgrades pro stahov\u00e1n\u00ed aplikac\u00ed do palubn\u00edho syst\u00e9mu.<\/p>\n<p>Na \u017eivo uvid\u00ed \u010desk\u00e1 ve\u0159ejnost model EV6 poprv\u00e9 na veletrhu e-SALON ve dnech 7.\u201310. listopadu v\u00a0PVA Let\u0148any.<\/p>\n<p>V\u016fz si mohu z\u00e1kazn\u00edci vybrat z\u00a0osmi barevn\u00fdch proveden\u00ed a ve t\u0159ech v\u00fdbavov\u00fdch stupn\u00edch, konkr\u00e9tn\u011b Air, Earth a GT-Line. Cena Air za\u010d\u00edn\u00e1 ve standardn\u00edm proveden\u00ed a pohonem zadn\u00edch kol na 1 169 980 K\u010d. V\u00fdbavu Earth lze po\u0159\u00eddit s\u00a0prodlou\u017een\u00fdm dojezdem a pohonem zadn\u00edch kol za 1 354 980 K\u010d. Cena nejvy\u0161\u0161\u00edho v\u00fdbavov\u00e9ho proveden\u00ed GT-Line \u010din\u00ed 1\u00a0439\u00a0980 K\u010d v\u010d akumul\u00e1toru s\u00a0prodlou\u017een\u00fdm dojezdem a pohonem zadn\u00edch kol. Prodlou\u017een\u00fd dojezd a pohon v\u0161ech kol je ve verzi GT-Line k\u00a0dost\u00e1n\u00ed za 1 539 980 K\u010d.<\/p>\n<p>Prvn\u00ed objednan\u00e9 vozy se dostanou k z\u00e1kazn\u00edk\u016fm po\u010d\u00e1tkem roku 2025.<\/p>\n<p>Zdroj: KIA<\/p>\n<p><img loading=\"lazy\" decoding=\"async\" class=\"alignnone size-medium wp-image-7711\" src=\"http:\/\/www.automakers.cz\/wp-content\/uploads\/2024\/10\/Kia-EV6-small-4-900x506.jpg\" alt=\"\" width=\"900\" height=\"506\" srcset=\"https:\/\/www.automakers.cz\/wp-content\/uploads\/2024\/10\/Kia-EV6-small-4-900x506.jpg 900w, https:\/\/www.automakers.cz\/wp-content\/uploads\/2024\/10\/Kia-EV6-small-4-1024x576.jpg 1024w, https:\/\/www.automakers.cz\/wp-content\/uploads\/2024\/10\/Kia-EV6-small-4-768x432.jpg 768w, https:\/\/www.automakers.cz\/wp-content\/uploads\/2024\/10\/Kia-EV6-small-4-1536x864.jpg 1536w, https:\/\/www.automakers.cz\/wp-content\/uploads\/2024\/10\/Kia-EV6-small-4-1280x720.jpg 1280w, https:\/\/www.automakers.cz\/wp-content\/uploads\/2024\/10\/Kia-EV6-small-4.jpg 1920w\" sizes=\"auto, (max-width: 900px) 100vw, 900px\" \/><\/p>\n","protected":false},"excerpt":{"rendered":"<p>Kia zve\u0159ejnila ceny a specifikace p\u0159epracovan\u00e9ho modelu EV6.\u00a0 Zdokonalen\u00e1 verze prvn\u00edho elektromobilu zna\u010dky postaven\u00e9ho na&#8230;<\/p>\n","protected":false},"author":2,"featured_media":7710,"comment_status":"closed","ping_status":"closed","sticky":false,"template":"","format":"standard","meta":{"footnotes":""},"categories":[37,9],"tags":[],"class_list":["post-7709","post","type-post","status-publish","format-standard","has-post-thumbnail","hentry","category-ceny-novinek","category-elektromobily"],"_links":{"self":[{"href":"https:\/\/www.automakers.cz\/index.php?rest_route=\/wp\/v2\/posts\/7709","targetHints":{"allow":["GET"]}}],"collection":[{"href":"https:\/\/www.automakers.cz\/index.php?rest_route=\/wp\/v2\/posts"}],"about":[{"href":"https:\/\/www.automakers.cz\/index.php?rest_route=\/wp\/v2\/types\/post"}],"author":[{"embeddable":true,"href":"https:\/\/www.automakers.cz\/index.php?rest_route=\/wp\/v2\/users\/2"}],"replies":[{"embeddable":true,"href":"https:\/\/www.automakers.cz\/index.php?rest_route=%2Fwp%2Fv2%2Fcomments&post=7709"}],"version-history":[{"count":6,"href":"https:\/\/www.automakers.cz\/index.php?rest_route=\/wp\/v2\/posts\/7709\/revisions"}],"predecessor-version":[{"id":7785,"href":"https:\/\/www.automakers.cz\/index.php?rest_route=\/wp\/v2\/posts\/7709\/revisions\/7785"}],"wp:featuredmedia":[{"embeddable":true,"href":"https:\/\/www.automakers.cz\/index.php?rest_route=\/wp\/v2\/media\/7710"}],"wp:attachment":[{"href":"https:\/\/www.automakers.cz\/index.php?rest_route=%2Fwp%2Fv2%2Fmedia&parent=7709"}],"wp:term":[{"taxonomy":"category","embeddable":true,"href":"https:\/\/www.automakers.cz\/index.php?rest_route=%2Fwp%2Fv2%2Fcategories&post=7709"},{"taxonomy":"post_tag","embeddable":true,"href":"https:\/\/www.automakers.cz\/index.php?rest_route=%2Fwp%2Fv2%2Ftags&post=7709"}],"curies":[{"name":"wp","href":"https:\/\/api.w.org\/{rel}","templated":true}]}}