{"id":7749,"date":"2024-10-07T07:54:24","date_gmt":"2024-10-07T07:54:24","guid":{"rendered":"https:\/\/www.automakers.cz\/?p=7749"},"modified":"2024-10-07T09:30:49","modified_gmt":"2024-10-07T09:30:49","slug":"sda-registrace-novych-aut-v-zari-rostly-o-6","status":"publish","type":"post","link":"https:\/\/www.automakers.cz\/?p=7749","title":{"rendered":"Registrace nov\u00fdch aut v z\u00e1\u0159\u00ed rostly o 6 %"},"content":{"rendered":"<p><strong>Tajemn\u00edk Svazu dovozc\u016f automobil\u016f Josef Pokorn\u00fd ohl\u00e1sil na kvart\u00e1ln\u00ed tiskovce statistiky z\u00e1\u0159ijov\u00fdch registrac\u00ed. Z<\/strong><strong>a prvn\u00edch 9 m\u011bs\u00edc\u016f se \u010d\u00edsla dr\u017e\u00ed meziro\u010dn\u011b lehce v plusu (+2,65 %, za z\u00e1\u0159\u00ed +6,01 %). V\u00fdzva MPO na podporu prodeje elektrick\u00fdch voz\u016f pro <span class=\"highlight-E5id0 highlight-E5M\">podnikatele<\/span> katapultovala Teslu na celkov\u00e9 6. m\u00edsto.<\/strong><!--more--><\/p>\n<p>Krom\u011b Josefa Pokorn\u00e9ho komentovali statistiky \u00fa\u0159aduj\u00edc\u00ed p\u0159edseda v\u00fdkonn\u00e9ho v\u00fdboru SDA Martin Saitz a z\u00e1stupce analytick\u00e9 spole\u010dnosti PWC.<\/p>\n<p>Registrace osobn\u00edch voz\u016f se za prvn\u00edch dev\u011bt m\u011bs\u00edc\u016f dr\u017e\u00ed lehce nad \u010d\u00edsly za stejn\u00e9 obdob\u00ed lo\u0148sk\u00e9ho roku (+2,65 %, za z\u00e1\u0159\u00ed +6,01 %). V\u00fdzva MPO na podporu prodeje elektrick\u00fdch voz\u016f pro <span class=\"highlight-E5id0 highlight-E5M\">podnikatele<\/span> katapultovala na 6. m\u00edsto celkov\u00fdch z\u00e1\u0159ijov\u00fdch registrac\u00ed zna\u010dku <span class=\"highlight-E1id7 highlight-E4id0 highlight-E1M highlight-E4M\">Tesla<\/span> (za obdob\u00ed 1-9\/2024 je na 14. m\u00edst\u011b).<\/p>\n<p>Pod\u00edl pln\u011b elektrick\u00fdch osobn\u00edch voz\u016f na leto\u0161n\u00edch registrac\u00edch \u010din\u00ed 4,2 % (za z\u00e1\u0159\u00ed rekordn\u00edch 8 %). Pod\u00edl hybridn\u00edch automobil\u016f bez vn\u011bj\u0161\u00edho dob\u00edjen\u00ed meziro\u010dn\u011b vzrostl z 15,11 % na 19,45 %. Dovoz ojet\u00fdch osobn\u00edch vozidel klesl t\u00e9m\u011b\u0159 o 10 %. U ostatn\u00edch kategori\u00ed vozidel prodej meziro\u010dn\u011b vzrostl (lehk\u00e9 u\u017eitkov\u00e9 +5 %, BUS +67,7 %, motocykly + 8,1 %), pouze u t\u011b\u017ek\u00fdch n\u00e1kladn\u00edch automobil\u016f klesl o 13,5 %.<\/p>\n<p>V obdob\u00ed 1-9\/2024 bylo v <span class=\"highlight-E0id0 highlight-E0M\">\u010cR<\/span> registrov\u00e1no celkem 171 999 nov\u00fdch osobn\u00edch automobil\u016f, 16 803 lehk\u00fdch u\u017eitkov\u00fdch automobil\u016f, 919 autobus\u016f, 6 833 n\u00e1kladn\u00edch vozidel, 25 157 motocykl\u016f. Za stejn\u00e9 obdob\u00ed minul\u00e9ho roku to bylo 167 564 osobn\u00edch automobil\u016f, 16 001 lehk\u00fdch u\u017eitkov\u00fdch automobil\u016f, 548 autobus\u016f, 7 899 n\u00e1kladn\u00edch vozidel a 23 269 motocykl\u016f. Celkov\u011b registrace nov\u00fdch osobn\u00edch voz\u016f v obdob\u00ed 1- 9\/2024 vzrostly oproti 1- 9\/2023 o 2,65 % (z 167 564 ks na 171 999 ks, tj. o 4435 ks).<\/p>\n<p>V z\u00e1\u0159\u00ed vzrostly meziro\u010dn\u011b o 6,01 %. Celkov\u00fd p\u0159\u00edr\u016fstek registrac\u00ed osobn\u00edch voz\u016f v\u010detn\u011b jednotliv\u011b dovezen\u00fdch ojet\u00fdch je letos 279 208 ks (ojet\u00e9 tvo\u0159\u00ed 38,4 %). Prvn\u00ed je zna\u010dka \u0160koda s 58 268 registrovan\u00fdmi osobn\u00edmi vozy (33,88 %), n\u00e1sleduj\u00ed <span class=\"highlight-E4id0 highlight-E1id9 highlight-E4M highlight-E1M\">Hyundai<\/span> \u2013 15 578 ks (9,06 %), <span class=\"highlight-E1id8 highlight-E4id0 highlight-E1M highlight-E4M\">Toyota<\/span> \u2013 14 330 ks (8,33 %), <span class=\"highlight-E4id0 highlight-E1id0 highlight-E4M highlight-E1M\">Volkswagen<\/span> \u2013 11 302 ks (6,57 %), <span class=\"highlight-E1id5 highlight-E4id0 highlight-E1M highlight-E4M\">Kia<\/span> \u2013 7 850 ks (4,56 %), <span class=\"highlight-E4id0 highlight-E1id4 highlight-E4M highlight-E1M\">Dacia<\/span> \u2013 6 493 ks (3,78 %), <span class=\"highlight-E1id2 highlight-E1M\">Mercedes-Benz<\/span> \u2013 5 893 ks (3,43 %), <span class=\"highlight-E1id6 highlight-E4id0 highlight-E1M highlight-E4M\">Ford<\/span> \u2013 4 531 ks (2,63 %), <span class=\"highlight-E4id0 highlight-E1id1 highlight-E4M highlight-E1M\">BMW<\/span> \u2013 4 198 ks (2,44 %), <span class=\"highlight-E1id10 highlight-E1M\">Peugeot<\/span> \u2013 3 953 ks (2,30 %), atd.<\/p>\n<p><strong>Jasn\u00e9 veden\u00ed SUV segmentu<\/strong><\/p>\n<p>Z pohledu obchodn\u00edch t\u0159\u00edd jsou na prvn\u00edm m\u00edst\u011b SUV s 82 747 registrovan\u00fdmi vozy (48,11 %), na druh\u00e9m je ni\u017e\u0161\u00ed st\u0159edn\u00ed t\u0159\u00edda s 27 976 ks (16,27 %), n\u00e1sleduj\u00ed st\u0159edn\u00ed \u2013 20 395 ks (11,86 %), mal\u00e9 \u2013 14 655 ks (8,52 %), MPV \u2013 12 364 ks (7,19 %), vy\u0161\u0161\u00ed st\u0159edn\u00ed \u2013 8 006 ks (4,65 %), mini \u2013 2 535 ks, sportovn\u00ed \u2013 1 448 ks, luxusn\u00ed \u2013 323 ks.<\/p>\n<p>Z hlediska paliva vede benz\u00edn s 65,45 % (112 576 ks), na druh\u00e9m m\u00edst\u011b je nafta s 25,80 % (44 372 ks), n\u00e1sleduje elektro \u2013 4,20 % % (7 231 ks), benzin+elektro \u2013 4 158 ks, benz\u00edn+LPG \u2013 3 191 ks, nafta+el. \u2013 240 ks.<\/p>\n<p>Nejprod\u00e1van\u011bj\u0161\u00edmi zna\u010dkami \u010dist\u011b elektrick\u00fdch OA jsou letos <span class=\"highlight-E1id7 highlight-E4id0 highlight-E1M highlight-E4M\">Tesla<\/span>, \u0160koda, <span class=\"highlight-E4id0 highlight-E1id3 highlight-E4M highlight-E1M\">Volvo<\/span>, <span class=\"highlight-E1id9 highlight-E4id0 highlight-E1M highlight-E4M\">Hyundai<\/span> a <span class=\"highlight-E4id0 highlight-E1id0 highlight-E4M highlight-E1M\">VW<\/span>. Registrace voz\u016f s alternativn\u00edm pohonem stoupla na 48 485 vozidel z lo\u0148sk\u00fdch 36 854 vozidel (+31,6 %). Pod\u00edl voz\u016f s alternativn\u00edm pohonem \u010din\u00ed 28,2 %.<\/p>\n<p><strong>Erich Handl, Vr\u0161ovice<\/strong><\/p>\n<p><img loading=\"lazy\" decoding=\"async\" class=\"alignnone size-medium wp-image-7754\" src=\"http:\/\/www.automakers.cz\/wp-content\/uploads\/2024\/10\/SDA-TK-rijen-2024-Eden-900x506.jpg\" alt=\"\" width=\"900\" height=\"506\" srcset=\"https:\/\/www.automakers.cz\/wp-content\/uploads\/2024\/10\/SDA-TK-rijen-2024-Eden-900x506.jpg 900w, https:\/\/www.automakers.cz\/wp-content\/uploads\/2024\/10\/SDA-TK-rijen-2024-Eden-1024x576.jpg 1024w, https:\/\/www.automakers.cz\/wp-content\/uploads\/2024\/10\/SDA-TK-rijen-2024-Eden-768x432.jpg 768w, https:\/\/www.automakers.cz\/wp-content\/uploads\/2024\/10\/SDA-TK-rijen-2024-Eden-1536x864.jpg 1536w, https:\/\/www.automakers.cz\/wp-content\/uploads\/2024\/10\/SDA-TK-rijen-2024-Eden-1280x720.jpg 1280w, https:\/\/www.automakers.cz\/wp-content\/uploads\/2024\/10\/SDA-TK-rijen-2024-Eden.jpg 2040w\" sizes=\"auto, (max-width: 900px) 100vw, 900px\" \/><\/p>\n","protected":false},"excerpt":{"rendered":"<p>Tajemn\u00edk Svazu dovozc\u016f automobil\u016f Josef Pokorn\u00fd ohl\u00e1sil na kvart\u00e1ln\u00ed tiskovce statistiky z\u00e1\u0159ijov\u00fdch registrac\u00ed. Za prvn\u00edch&#8230;<\/p>\n","protected":false},"author":1,"featured_media":7753,"comment_status":"closed","ping_status":"closed","sticky":false,"template":"","format":"standard","meta":{"footnotes":""},"categories":[48,10,20],"tags":[],"class_list":["post-7749","post","type-post","status-publish","format-standard","has-post-thumbnail","hentry","category-registrace","category-statistika","category-tiskovky"],"_links":{"self":[{"href":"https:\/\/www.automakers.cz\/index.php?rest_route=\/wp\/v2\/posts\/7749","targetHints":{"allow":["GET"]}}],"collection":[{"href":"https:\/\/www.automakers.cz\/index.php?rest_route=\/wp\/v2\/posts"}],"about":[{"href":"https:\/\/www.automakers.cz\/index.php?rest_route=\/wp\/v2\/types\/post"}],"author":[{"embeddable":true,"href":"https:\/\/www.automakers.cz\/index.php?rest_route=\/wp\/v2\/users\/1"}],"replies":[{"embeddable":true,"href":"https:\/\/www.automakers.cz\/index.php?rest_route=%2Fwp%2Fv2%2Fcomments&post=7749"}],"version-history":[{"count":7,"href":"https:\/\/www.automakers.cz\/index.php?rest_route=\/wp\/v2\/posts\/7749\/revisions"}],"predecessor-version":[{"id":7759,"href":"https:\/\/www.automakers.cz\/index.php?rest_route=\/wp\/v2\/posts\/7749\/revisions\/7759"}],"wp:featuredmedia":[{"embeddable":true,"href":"https:\/\/www.automakers.cz\/index.php?rest_route=\/wp\/v2\/media\/7753"}],"wp:attachment":[{"href":"https:\/\/www.automakers.cz\/index.php?rest_route=%2Fwp%2Fv2%2Fmedia&parent=7749"}],"wp:term":[{"taxonomy":"category","embeddable":true,"href":"https:\/\/www.automakers.cz\/index.php?rest_route=%2Fwp%2Fv2%2Fcategories&post=7749"},{"taxonomy":"post_tag","embeddable":true,"href":"https:\/\/www.automakers.cz\/index.php?rest_route=%2Fwp%2Fv2%2Ftags&post=7749"}],"curies":[{"name":"wp","href":"https:\/\/api.w.org\/{rel}","templated":true}]}}