{"id":780,"date":"2023-12-07T14:32:43","date_gmt":"2023-12-07T14:32:43","guid":{"rendered":"https:\/\/www.automakers.cz\/?p=780"},"modified":"2023-12-11T11:58:58","modified_gmt":"2023-12-11T11:58:58","slug":"vyroba-automobilu-opet-tahne-export","status":"publish","type":"post","link":"https:\/\/www.automakers.cz\/?p=780","title":{"rendered":"V\u00fdroba automobil\u016f op\u011bt t\u00e1hne export"},"content":{"rendered":"<p><b>Bilance zahrani\u010dn\u00edho obchodu dos\u00e1hla v \u0159\u00edjnu p\u0159ebytku ve v\u00fd\u0161i 12,8 mld. K\u010d. <\/b><strong>Hlavn\u00ed z\u00e1sluhu za rostouc\u00edm v\u00fdvozem m\u011bl autopr\u016fmysl, kde p\u0159ebytek obchodu \u010dinil v\u00edce ne\u017e 16 mld. K\u010d a v\u00fdvoz se zv\u00fd\u0161il meziro\u010dn\u011b o t\u00e9m\u011b\u0159 26 mld. K\u010d. D\u00edky aut\u016fm rostl cel\u00fd pr\u016fmysl, podle analytik\u016f ale nen\u00ed d\u016fvod k j\u00e1sotu.<\/strong><!--more--><\/p>\n<p>Odezn\u011bly probl\u00e9my v dodavatelsko-odb\u011bratelsk\u00fdch \u0159et\u011bzc\u00edch, kter\u00e9 se projevovaly p\u0159edev\u0161\u00edm v z\u00e1\u0159\u00ed. D\u00e1le tak jako b\u011bhem cel\u00e9ho roku se sn\u00ed\u017eil deficit obchodu s ropou a zemn\u00edm plynem (o 11 mld. K\u010d) a to navzdory tomu, \u017ee hodnota dovozu t\u011bchto fosiln\u00edch paliv dos\u00e1hla nejvy\u0161\u0161\u00ed \u00farovn\u011b v tomto roce. Negativn\u011b se projevoval v\u011bt\u0161\u00ed deficit s po\u010d\u00edta\u010di, elektronick\u00fdmi a optick\u00fdmi p\u0159\u00edstroji \u010di ni\u017e\u0161\u00ed p\u0159ebytek v lesnictv\u00ed a t\u011b\u017eb\u011b d\u0159eva.<\/p>\n<p><b>V meziro\u010dn\u00edm vyj\u00e1d\u0159en\u00ed<\/b>\u00a0v\u00fdvoz vzrostl o 3,8 % na 404,1 mld. K\u010d, zat\u00edmco dovoz se sn\u00ed\u017eil o 5,7 % na 391,3 mld. K\u010d. I v\u00a0<b>mezim\u011bs\u00ed\u010dn\u00edm srovn\u00e1n\u00ed<\/b>\u00a0po sez\u00f3nn\u00edm o\u010di\u0161t\u011bn\u00ed v\u00fdvoz v \u0159\u00edjnu rostl, a to o 0,6 %, kde\u017eto dovoz poklesl o rovn\u00e9 jedno procento.<\/p>\n<p><strong>Pr\u016fmysl roste, ale z n\u00edzk\u00e9 z\u00e1kladny<\/strong><\/p>\n<p><em>\u201ePo t\u0159ech m\u011bs\u00edc\u00edch poklesu se \u010desk\u00e1 pr\u016fmyslov\u00e1 produkce v \u0159\u00edjnu meziro\u010dn\u011b zv\u00fd\u0161ila o 1,9 %. Bylo to v\u0161ak ovlivn\u011bno zejm\u00e9na n\u00edzkou lo\u0148skou srovn\u00e1vac\u00ed z\u00e1kladnou ve v\u00fdrob\u011b automobil\u016f. Nen\u00ed tedy mnoho d\u016fvod\u016f k\u00a0nad\u011bj\u00edm na zotaven\u00ed \u010desk\u00e9ho pr\u016fmyslu. Progn\u00f3zy o leto\u0161n\u00edm propadu \u010desk\u00e9 ekonomiky jsou toti\u017e ji\u017e zpe\u010det\u011bny a o\u010dek\u00e1v\u00e1n\u00fd pokles HDP o 0,5 % nab\u00edr\u00e1 re\u00e1ln\u00e9 obrysy. Mo\u017en\u00e1 d\u016fle\u017eit\u011bj\u0161\u00ed ne\u017e ukazatel samotn\u00e9 listopadov\u00e9 pr\u016fmyslov\u00e9 produkce, je v\u00fdvoj objemu nov\u00fdch zak\u00e1zek, kter\u00fd se d\u00e1le propadal. Hodnota nov\u00fdch zak\u00e1zek v listopadu meziro\u010dn\u011b klesla o 4,0 %. Nov\u00e9 zak\u00e1zky ze zahrani\u010d\u00ed klesly dokonce o 4,8 % a dom\u00e1c\u00ed o 2,3 %. Nov\u00e9 zak\u00e1zky v \u010desk\u00e9m pr\u016fmyslu meziro\u010dn\u011b klesaj\u00ed ji\u017e p\u016fl roku, a to je pro jeho budoucnost v\u00e1\u017en\u00fd probl\u00e9m,\u201c<\/em>\u00a0uv\u00e1d\u00ed Petr Kymli\u010dka, partner poradensk\u00e9 skupiny Moore Czech Republic.<\/p>\n<p><em>\u201eDlouhodob\u011b \u0161patn\u00e1 situace \u010desk\u00e9ho pr\u016fmyslu je vid\u011bt i na v\u00fdvoji Indexu n\u00e1kupn\u00edch mana\u017eer\u016f (PMI).\u00a0V listopadu sice m\u00edrn\u011b vzrostl na 43,2 bod\u016f z\u00a0\u0159\u00edjnov\u00e9 hodnoty 42, nicm\u00e9n\u011b je st\u00e1le hluboko pod hranici 50 bod\u016f, kter\u00e1 indikuje recesi sektoru a kterou n\u00e1\u0161 pr\u016fmysl nep\u0159ekro\u010dil ji\u017e t\u011b\u017eko uv\u011b\u0159iteln\u00fdch osmn\u00e1ct m\u011bs\u00edc\u016f. Mana\u017eer\u016fm pr\u016fmyslov\u00fdch firem p\u0159id\u011bl\u00e1v\u00e1 vr\u00e1sky na \u010dele mimo jin\u00e9 pokles zak\u00e1zek z N\u011bmecka. Probl\u00e9my, v nich\u017e se ut\u00e1p\u00ed n\u011bmeck\u00e9 firmy, se tak p\u0159el\u00e9vaj\u00ed k\u00a0jejich \u010desk\u00fdm dodavatel\u016fm.\u00a0 Zejm\u00e9na n\u011bmeck\u00e9mu automobilov\u00e9mu pr\u016fmyslu se neda\u0159\u00ed vymanit z \u00fatlumu. Nen\u00ed pak divu, \u017ee index podnikatelsk\u00e9 n\u00e1lady v tomto pro n\u011bmeckou ekonomiku kl\u00ed\u010dov\u00e9m sektoru klesl v listopadu pot\u0159et\u00ed za sebou. N\u011bmeck\u00e9 firmy se d\u00edvaj\u00ed do budoucna s v\u011bt\u0161\u00edm pesimismem, a bohu\u017eel to nen\u00ed dobr\u00e9 znamen\u00ed ani pro jejich \u010desk\u00e9 obchodn\u00ed partnery, a tedy ani pro celou \u010deskou ekonomiku,\u201c<\/em>\u00a0komentuje Petr Kymli\u010dka, partner poradensk\u00e9 skupiny Moore Czech Republic.<\/p>\n<p><strong>Moore Czech, Petr Kymli\u010dka<\/strong><\/p>\n<figure id=\"attachment_781\" aria-describedby=\"caption-attachment-781\" style=\"width: 900px\" class=\"wp-caption alignnone\"><img loading=\"lazy\" decoding=\"async\" class=\"size-medium wp-image-781\" src=\"http:\/\/www.automakers.cz\/wp-content\/uploads\/2023\/12\/Foto_Petr-Kymlicka_3-900x838.jpg\" alt=\"\" width=\"900\" height=\"838\" \/><figcaption id=\"caption-attachment-781\" class=\"wp-caption-text\">Petr Kymli\u010dka<\/figcaption><\/figure>\n","protected":false},"excerpt":{"rendered":"<p>Bilance zahrani\u010dn\u00edho obchodu dos\u00e1hla v \u0159\u00edjnu p\u0159ebytku ve v\u00fd\u0161i 12,8 mld. K\u010d. Hlavn\u00ed z\u00e1sluhu za&#8230;<\/p>\n","protected":false},"author":1,"featured_media":91,"comment_status":"open","ping_status":"open","sticky":false,"template":"","format":"standard","meta":{"footnotes":""},"categories":[42,44],"tags":[],"class_list":["post-780","post","type-post","status-publish","format-standard","has-post-thumbnail","hentry","category-analyza","category-export"],"_links":{"self":[{"href":"https:\/\/www.automakers.cz\/index.php?rest_route=\/wp\/v2\/posts\/780","targetHints":{"allow":["GET"]}}],"collection":[{"href":"https:\/\/www.automakers.cz\/index.php?rest_route=\/wp\/v2\/posts"}],"about":[{"href":"https:\/\/www.automakers.cz\/index.php?rest_route=\/wp\/v2\/types\/post"}],"author":[{"embeddable":true,"href":"https:\/\/www.automakers.cz\/index.php?rest_route=\/wp\/v2\/users\/1"}],"replies":[{"embeddable":true,"href":"https:\/\/www.automakers.cz\/index.php?rest_route=%2Fwp%2Fv2%2Fcomments&post=780"}],"version-history":[{"count":1,"href":"https:\/\/www.automakers.cz\/index.php?rest_route=\/wp\/v2\/posts\/780\/revisions"}],"predecessor-version":[{"id":782,"href":"https:\/\/www.automakers.cz\/index.php?rest_route=\/wp\/v2\/posts\/780\/revisions\/782"}],"wp:featuredmedia":[{"embeddable":true,"href":"https:\/\/www.automakers.cz\/index.php?rest_route=\/wp\/v2\/media\/91"}],"wp:attachment":[{"href":"https:\/\/www.automakers.cz\/index.php?rest_route=%2Fwp%2Fv2%2Fmedia&parent=780"}],"wp:term":[{"taxonomy":"category","embeddable":true,"href":"https:\/\/www.automakers.cz\/index.php?rest_route=%2Fwp%2Fv2%2Fcategories&post=780"},{"taxonomy":"post_tag","embeddable":true,"href":"https:\/\/www.automakers.cz\/index.php?rest_route=%2Fwp%2Fv2%2Ftags&post=780"}],"curies":[{"name":"wp","href":"https:\/\/api.w.org\/{rel}","templated":true}]}}