{"id":7816,"date":"2024-10-08T15:43:06","date_gmt":"2024-10-08T15:43:06","guid":{"rendered":"https:\/\/www.automakers.cz\/?p=7816"},"modified":"2024-10-08T15:43:06","modified_gmt":"2024-10-08T15:43:06","slug":"business-lease-povysil-manazerku","status":"publish","type":"post","link":"https:\/\/www.automakers.cz\/?p=7816","title":{"rendered":"Business Lease pov\u00fd\u0161il mana\u017eerku"},"content":{"rendered":"<p><strong><b>Na pozici Account Team Managerky spole\u010dnosti Business Lease, specializovan\u00e9 na operativn\u00ed leasing a spr\u00e1vu firemn\u00edch vozov\u00fdch park\u016f, pov\u00fd\u0161ila jedna z \u010dlenek obchodn\u00edho t\u00fdmu. <\/b><\/strong><!--more--><\/p>\n<p>Pavla Hybe\u0161ov\u00e1 p\u016fsob\u00ed ve firm\u011b, kter\u00e1 se nyn\u00ed star\u00e1 o 11 800 firemn\u00edch aut, ji\u017e t\u00e9m\u011b\u0159 \u010dty\u0159i roky, naposledy na pozici seniorn\u00edho obchodn\u00edka. Ve sv\u00e9 nov\u00e9 roli se chce zam\u011b\u0159it mimo jin\u00e9 na komunikaci v r\u00e1mci t\u00fdmu, nap\u0159\u00ed\u010d t\u00fdmy a na \u0159\u00edzen\u00ed kvality.<\/p>\n<p><em><i>\u201eN\u00e1\u0161 obchodn\u00ed t\u00fdm v\u00a0Business Lease je rozd\u011blen na akvizici a na account management, kter\u00fd po p\u016fl roce klienty z\u00edskan\u00e9 akvizic\u00ed p\u0159eb\u00edr\u00e1. Jsem vd\u011b\u010dn\u00e1, \u017ee mohu b\u00fdt pr\u00e1v\u011b v\u00a0\u010dele Account t\u00fdmu, kde bych r\u00e1da uplatnila sv\u00e9 nastaven\u00ed \u201epe\u010duj\u00edc\u00edho mana\u017eera\u201c. Zam\u011b\u0159en\u00ed se na kvalitu poskytovan\u00fdch slu\u017eeb je pro m\u011b hlavn\u00ed prioritou,\u201c <\/i><\/em>komentuje sv\u016fj postup na vy\u0161\u0161\u00ed pozici nov\u00e1 mana\u017eerka Account t\u00fdmu.<\/p>\n<p>S\u00a0obchodem i fleet managementem m\u00e1 Pavla Hybe\u0161ov\u00e1 zku\u0161enosti u\u017e ze sv\u00fdch\u00a0minul\u00fdch p\u016fsobi\u0161\u0165. V\u00a0Pentahotels p\u016fsobila jako obchodn\u00ed mana\u017eerka a v\u00a0Edenred \u010cR m\u011bla na starosti mimo jin\u00e9 i flotilu 46 voz\u016f. Ob\u011b tyto zku\u0161enosti se j\u00ed v\u00a0Business Lease velmi hod\u00ed. Um\u00ed si d\u00edky tomu tak\u00e9 velmi dob\u0159e p\u0159edstavit, co fleet manager od sv\u00e9ho poskytovatele operativn\u00edho leasingu o\u010dek\u00e1v\u00e1.<\/p>\n<p>Pavla Hybe\u0161ov\u00e1 vystudovala Ekonomiku a management na Vysok\u00e9 \u0161kole ekonomick\u00e9 v\u00a0Praze.<\/p>\n<p>Jako mana\u017eerka t\u00fdmu si zakl\u00e1d\u00e1 na tom, aby sv\u00fdm lidem hlavn\u011b dob\u0159e naslouchala. K\u00a0c\u00edli se bez toho podle n\u00ed doj\u00edt ned\u00e1. Rozhodn\u011b nen\u00ed zast\u00e1nkyn\u00ed tvrd\u00e9ho stylu \u0159\u00edzen\u00ed, pe\u010dovatelsk\u00e9 sklony projevuje nejen ke klient\u016fm, ale i ke \u010dlen\u016fm sv\u00e9ho t\u00fdmu.<\/p>\n<p>Pro Pavlu Hybe\u0161ovou jsou auta nejen prac\u00ed, ale od mala i kon\u00ed\u010dkem. Na ja\u0159e si nav\u00edc po\u0159\u00eddila dal\u0161\u00ed l\u00e1sku \u2013 novou motorku. Ji\u017e od d\u011btsk\u00fdch let se tak\u00e9 v\u011bnuje klasick\u00e9mu zp\u011bvu, kter\u00fdm si dote\u010f r\u00e1da \u010dist\u00ed hlavu.<\/p>\n<p><strong>Zdroj: Business Lease<\/strong><\/p>\n","protected":false},"excerpt":{"rendered":"<p>Na pozici Account Team Managerky spole\u010dnosti Business Lease, specializovan\u00e9 na operativn\u00ed leasing a spr\u00e1vu firemn\u00edch&#8230;<\/p>\n","protected":false},"author":1,"featured_media":7819,"comment_status":"closed","ping_status":"closed","sticky":false,"template":"","format":"standard","meta":{"footnotes":""},"categories":[33,6,5],"tags":[],"class_list":["post-7816","post","type-post","status-publish","format-standard","has-post-thumbnail","hentry","category-leasing","category-management","category-personalie"],"_links":{"self":[{"href":"https:\/\/www.automakers.cz\/index.php?rest_route=\/wp\/v2\/posts\/7816","targetHints":{"allow":["GET"]}}],"collection":[{"href":"https:\/\/www.automakers.cz\/index.php?rest_route=\/wp\/v2\/posts"}],"about":[{"href":"https:\/\/www.automakers.cz\/index.php?rest_route=\/wp\/v2\/types\/post"}],"author":[{"embeddable":true,"href":"https:\/\/www.automakers.cz\/index.php?rest_route=\/wp\/v2\/users\/1"}],"replies":[{"embeddable":true,"href":"https:\/\/www.automakers.cz\/index.php?rest_route=%2Fwp%2Fv2%2Fcomments&post=7816"}],"version-history":[{"count":3,"href":"https:\/\/www.automakers.cz\/index.php?rest_route=\/wp\/v2\/posts\/7816\/revisions"}],"predecessor-version":[{"id":7820,"href":"https:\/\/www.automakers.cz\/index.php?rest_route=\/wp\/v2\/posts\/7816\/revisions\/7820"}],"wp:featuredmedia":[{"embeddable":true,"href":"https:\/\/www.automakers.cz\/index.php?rest_route=\/wp\/v2\/media\/7819"}],"wp:attachment":[{"href":"https:\/\/www.automakers.cz\/index.php?rest_route=%2Fwp%2Fv2%2Fmedia&parent=7816"}],"wp:term":[{"taxonomy":"category","embeddable":true,"href":"https:\/\/www.automakers.cz\/index.php?rest_route=%2Fwp%2Fv2%2Fcategories&post=7816"},{"taxonomy":"post_tag","embeddable":true,"href":"https:\/\/www.automakers.cz\/index.php?rest_route=%2Fwp%2Fv2%2Ftags&post=7816"}],"curies":[{"name":"wp","href":"https:\/\/api.w.org\/{rel}","templated":true}]}}