{"id":7821,"date":"2024-10-09T10:43:00","date_gmt":"2024-10-09T10:43:00","guid":{"rendered":"https:\/\/www.automakers.cz\/?p=7821"},"modified":"2024-10-09T10:43:00","modified_gmt":"2024-10-09T10:43:00","slug":"opel-grandland-se-ukaze-na-e-salonu","status":"publish","type":"post","link":"https:\/\/www.automakers.cz\/?p=7821","title":{"rendered":"Opel Grandland se uk\u00e1\u017ee na e-SALONu"},"content":{"rendered":"<p><strong>Nov\u00fd Opel Grandland oslavil svoji premi\u00e9ru letos na ja\u0159e v Eisenachu. \u0160irok\u00e1 ve\u0159ejnost si ho mohla poprv\u00e9 zbl\u00edzka prohl\u00e9dnout na oslav\u00e1ch 125 let v\u00fdroby automobil\u016f Opel v mate\u0159sk\u00e9m z\u00e1vod\u011b v n\u011bmeck\u00e9m R\u00fcsselsheimu. A prvn\u00ed z\u00e1kazn\u00edci si jej budou moci v N\u011bmecku u\u017e objedn\u00e1vat. <\/strong><!--more--><\/p>\n<p>Na \u010desk\u00e9m trhu se nov\u00e9 velk\u00e9 SUV automobilky Opel p\u0159edstav\u00ed 7. listopadu p\u0159i zah\u00e1jen\u00ed veletrhu e-SALON 2024, kdy budou zve\u0159ejn\u011bny i jeho tuzemsk\u00e9 ceny.<\/p>\n<p>Z\u00e1jemci o nov\u00e9ho Grandlanda budou m\u00edt na v\u00fdb\u011br ze t\u0159ech elektrifikovan\u00fdch pohon\u016f:<\/p>\n<p>&#8211; Se spalovac\u00edm motorem 1.2 Turbo\/100 kW a hybridn\u00ed 48 V technologi\u00ed (cena v N\u011bmecku od 36 400 EUR)<\/p>\n<p>&#8211; s Plug-In hybridn\u00ed technologi\u00ed syst\u00e9mov\u00e9ho v\u00fdkonu 143 kW (cena v N\u011bmecku od 40 150 EUR)<\/p>\n<p>&#8211; s BEV pohonem o v\u00fdkonu 157 kW a bateriemi 73 kWh \u010di 82 kWh (cena v N\u011bmecku od 46 750 EUR)<\/p>\n<p>Dojezd bateriov\u00e9 verze Grandland Electric s trak\u010dn\u00ed bateri\u00ed 73 kWh \u010din\u00ed (dle WLTP) a\u017e 523 km, s v\u011bt\u0161\u00ed bateri\u00ed 82 kWh a\u017e 582 km. Na ve\u0159ejn\u00e9 rychlonab\u00edjec\u00ed stanici se Grandland dobije na 80 procent kapacity b\u011bhem m\u00e9n\u011b ne\u017e 30 minut. V nab\u00eddce se brzy objev\u00ed i verze s bateri\u00ed 97 kWh, se kterou nov\u00fd Grandland Electric ujede a\u017e cca 700 km bez lok\u00e1ln\u00edch emis\u00ed.<\/p>\n<p>V\u0161echny varianty nov\u00e9ho SUV vyj\u00ed\u017ed\u011bj\u00ed na platform\u011b STLA Medium. Bez ohledu na pohonn\u00e9 \u00fastroj\u00ed Grandland v\u017edy kombinuje dynamiku j\u00edzdy s pohodl\u00edm d\u00edky podvozku, kter\u00fd je u elektrick\u00fdch a Plug-In verz\u00ed standardn\u011b dod\u00e1v\u00e1n s technologi\u00ed frekven\u010dn\u011b selektivn\u00edho tlumen\u00ed.<\/p>\n<p>\u201eNov\u00fd Grandland se profiluje jako \u010dist\u011b \u0159e\u0161en\u00e9 SUV, kter\u00e9 bylo kompletn\u011b navr\u017eeno a zkonstruov\u00e1no v R\u00fcsselsheimu a vyr\u00e1b\u00ed se v n\u011bmeck\u00e9m z\u00e1vod\u011b Opel v Eisenachu. D\u00edky \u0161irok\u00e9 \u0161k\u00e1le pohon\u016f je Grandland nov\u00e9 generace dokonale p\u0159ipraven na budoucnost a snadno spln\u00ed jak\u00e9koli po\u017eadavky z\u00e1kazn\u00edku,\u201c \u0159\u00edk\u00e1 Florian Huettl, gener\u00e1ln\u00ed \u0159editel automobilky Opel.<\/p>\n<p><img loading=\"lazy\" decoding=\"async\" class=\"alignnone size-medium wp-image-7823\" src=\"http:\/\/www.automakers.cz\/wp-content\/uploads\/2024\/10\/OpelGrandland-2-s-900x601.jpg\" alt=\"\" width=\"900\" height=\"601\" srcset=\"https:\/\/www.automakers.cz\/wp-content\/uploads\/2024\/10\/OpelGrandland-2-s-900x601.jpg 900w, https:\/\/www.automakers.cz\/wp-content\/uploads\/2024\/10\/OpelGrandland-2-s-1024x684.jpg 1024w, https:\/\/www.automakers.cz\/wp-content\/uploads\/2024\/10\/OpelGrandland-2-s-768x513.jpg 768w, https:\/\/www.automakers.cz\/wp-content\/uploads\/2024\/10\/OpelGrandland-2-s-1536x1026.jpg 1536w, https:\/\/www.automakers.cz\/wp-content\/uploads\/2024\/10\/OpelGrandland-2-s-2048x1368.jpg 2048w\" sizes=\"auto, (max-width: 900px) 100vw, 900px\" \/><\/p>\n<p><strong>Elektrizuj\u00edc\u00ed novinka: Velk\u00e9 SUV s mnoha praktick\u00fdmi \u0159e\u0161en\u00edmi<\/strong><\/p>\n<p>Nov\u00e9 SUV zaujme sv\u00fdm designem. \u010celn\u00ed maska s 3D Vizor s osv\u011btlen\u00fdm logem Opelu pout\u00e1 pozornost, trvale osv\u011btlen\u00fdm n\u00e1pisem \u201eOPEL\u201c na z\u00e1di se Grandland hrd\u011b hl\u00e1s\u00ed ke sv\u00e9 zna\u010dce.<\/p>\n<p>Grandland narostl do d\u00e9lky na 4,65 m, jeho \u0161\u00ed\u0159ka \u010din\u00ed 1,93 m a v\u00fd\u0161ka 1,66 m, je tedy o v\u00fdrazn\u00fdch 173 milimetr\u016f del\u0161\u00ed, o 36 milimetr\u016f vy\u0161\u0161\u00ed a o 49 milimetr\u016f \u0161ir\u0161\u00ed ne\u017e jeho p\u0159edch\u016fdce. Tento n\u00e1r\u016fst se spolu s rozvorem d\u00e9lky 2795 mm pozitivn\u011b projevil na velikosti prostoru pro cestuj\u00edc\u00ed i jejich zavazadla &#8211; pasa\u017e\u00e9\u0159i ve druh\u00e9 \u0159ad\u011b maj\u00ed o 20 mm v\u00edce m\u00edsta pro nohy. Zadn\u00ed sedadla jsou d\u011blen\u00e1 v pom\u011bru 40:20:40, po jejich sklopen\u00ed vzadu vznikne prostor pro n\u00e1klad o objemu a\u017e 1645 l.<\/p>\n<p>Kokpitu dominuje sm\u011brem k \u0159idi\u010di orientovan\u00fd 10\u201c, nebo 16\u201c centr\u00e1ln\u00ed displej, \u0161irok\u00fd a pln\u011b digit\u00e1ln\u00ed sdru\u017een\u00fd panel p\u0159ed volantem poskytuje \u0159idi\u010di v kombinaci s head-up displejem Intelli-HUD v\u0161echny d\u016fle\u017eit\u00e9 informace jedin\u00fdm pohledem. \u010casto pou\u017e\u00edvan\u00e1 nastaven\u00ed, jako je nap\u0159. klimatizace, lze ovl\u00e1dat zcela intuitivn\u011b pomoc\u00ed tla\u010d\u00edtek.<\/p>\n<p>Anatomick\u00e1 sedadla s individu\u00e1ln\u011b nastaviteln\u00fdmi bo\u010dn\u00edmi op\u011brami maj\u00ed cen\u011bn\u00fd ergonomick\u00fd certifik\u00e1t AGR. V\u0161echny verze sedadel maj\u00ed patentovan\u00e9 \u0159e\u0161en\u00ed Intelli-Seat, kter\u00e9 sni\u017euje tlak na kostr\u010d a zvy\u0161uje tak j\u00edzdn\u00ed komfort p\u0159i dlouh\u00fdch cest\u00e1ch. V souladu s tradi\u010dn\u00edm tlakem Opelu na ekologii je 100 procent v\u0161ech l\u00e1tek a potah\u016f v interi\u00e9ru vyrobeno z recyklovateln\u00fdch materi\u00e1l\u016f.<\/p>\n<p>Bezdr\u00e1tov\u00e1 nab\u00edje\u010dka smartphonu je um\u00edst\u011bna za polopr\u016fhledn\u00fdm sklem praktick\u00e9 a efektn\u00ed schr\u00e1nky Pixel Box. D\u00edky jej\u00edmu polopr\u016fhledn\u00e9mu sklu si \u0159idi\u010d nikdy nezapomene telefon ve voze. V interi\u00e9ru je spousta dal\u0161\u00edch chytr\u00fdch \u00falo\u017en\u00fdch prostor\u016f a odkl\u00e1dac\u00edch p\u0159ihr\u00e1dek, nap\u0159. kapsy na telefon v op\u011bradlech p\u0159edn\u00edch sedadel nebo velk\u00fd \u00falo\u017en\u00fd prostor pod st\u0159edovou konzolou kde je i 12 V z\u00e1suvka.<\/p>\n<p>Velk\u00e9 SUV automobilky Opel p\u0159ich\u00e1z\u00ed s rozs\u00e1hlou \u0159adou asisten\u010dn\u00edch syst\u00e9m\u016f v\u010detn\u011b automatick\u00e9ho tempomatu s funkc\u00ed Stop &amp; Go se \u010dten\u00edm dopravn\u00edch zna\u010dek, inteligentn\u00edm p\u0159izp\u016fsobov\u00e1n\u00edm rychlosti a brzd\u011bn\u00ed p\u0159i n\u00e1razu. Parkov\u00e1n\u00ed a man\u00e9vrov\u00e1n\u00ed usnad\u0148uj\u00ed parkovac\u00ed \u010didla vp\u0159edu a vzadu, zadn\u00ed kamera s funkc\u00ed automatick\u00e9ho \u010di\u0161t\u011bn\u00ed a 360-stup\u0148ov\u00e1 kamera Intelli-Vision. Neosl\u0148uj\u00edc\u00ed sv\u011btlomety Intelli-Lux HD maj\u00ed v\u00edce ne\u017e 50 000 prvk\u016f, kter\u00e9 osv\u011btluj\u00ed vozovku p\u0159i no\u010dn\u00edch j\u00edzd\u00e1ch.<\/p>\n<p><strong>Zdroj: Opel<\/strong><\/p>\n<p><img loading=\"lazy\" decoding=\"async\" class=\"alignnone size-medium wp-image-7824\" src=\"http:\/\/www.automakers.cz\/wp-content\/uploads\/2024\/10\/OpelGrandland-3-small-900x603.jpg\" alt=\"\" width=\"900\" height=\"603\" srcset=\"https:\/\/www.automakers.cz\/wp-content\/uploads\/2024\/10\/OpelGrandland-3-small-900x603.jpg 900w, https:\/\/www.automakers.cz\/wp-content\/uploads\/2024\/10\/OpelGrandland-3-small-1024x686.jpg 1024w, https:\/\/www.automakers.cz\/wp-content\/uploads\/2024\/10\/OpelGrandland-3-small-768x514.jpg 768w, https:\/\/www.automakers.cz\/wp-content\/uploads\/2024\/10\/OpelGrandland-3-small-1536x1028.jpg 1536w, https:\/\/www.automakers.cz\/wp-content\/uploads\/2024\/10\/OpelGrandland-3-small-2048x1371.jpg 2048w\" sizes=\"auto, (max-width: 900px) 100vw, 900px\" \/><\/p>\n","protected":false},"excerpt":{"rendered":"<p>Nov\u00fd Opel Grandland oslavil svoji premi\u00e9ru letos na ja\u0159e v Eisenachu. \u0160irok\u00e1 ve\u0159ejnost si ho&#8230;<\/p>\n","protected":false},"author":2,"featured_media":7822,"comment_status":"closed","ping_status":"closed","sticky":false,"template":"","format":"standard","meta":{"footnotes":""},"categories":[37,40,8],"tags":[],"class_list":["post-7821","post","type-post","status-publish","format-standard","has-post-thumbnail","hentry","category-ceny-novinek","category-technologie","category-vystavy"],"_links":{"self":[{"href":"https:\/\/www.automakers.cz\/index.php?rest_route=\/wp\/v2\/posts\/7821","targetHints":{"allow":["GET"]}}],"collection":[{"href":"https:\/\/www.automakers.cz\/index.php?rest_route=\/wp\/v2\/posts"}],"about":[{"href":"https:\/\/www.automakers.cz\/index.php?rest_route=\/wp\/v2\/types\/post"}],"author":[{"embeddable":true,"href":"https:\/\/www.automakers.cz\/index.php?rest_route=\/wp\/v2\/users\/2"}],"replies":[{"embeddable":true,"href":"https:\/\/www.automakers.cz\/index.php?rest_route=%2Fwp%2Fv2%2Fcomments&post=7821"}],"version-history":[{"count":2,"href":"https:\/\/www.automakers.cz\/index.php?rest_route=\/wp\/v2\/posts\/7821\/revisions"}],"predecessor-version":[{"id":7844,"href":"https:\/\/www.automakers.cz\/index.php?rest_route=\/wp\/v2\/posts\/7821\/revisions\/7844"}],"wp:featuredmedia":[{"embeddable":true,"href":"https:\/\/www.automakers.cz\/index.php?rest_route=\/wp\/v2\/media\/7822"}],"wp:attachment":[{"href":"https:\/\/www.automakers.cz\/index.php?rest_route=%2Fwp%2Fv2%2Fmedia&parent=7821"}],"wp:term":[{"taxonomy":"category","embeddable":true,"href":"https:\/\/www.automakers.cz\/index.php?rest_route=%2Fwp%2Fv2%2Fcategories&post=7821"},{"taxonomy":"post_tag","embeddable":true,"href":"https:\/\/www.automakers.cz\/index.php?rest_route=%2Fwp%2Fv2%2Ftags&post=7821"}],"curies":[{"name":"wp","href":"https:\/\/api.w.org\/{rel}","templated":true}]}}