{"id":7831,"date":"2024-10-09T10:44:52","date_gmt":"2024-10-09T10:44:52","guid":{"rendered":"https:\/\/www.automakers.cz\/?p=7831"},"modified":"2024-10-11T07:33:21","modified_gmt":"2024-10-11T07:33:21","slug":"europoslanci-debatovali-o-krizi-autoprumyslu","status":"publish","type":"post","link":"https:\/\/www.automakers.cz\/?p=7831","title":{"rendered":"Europoslanci probrali autopr\u016fmysl (Koment\u00e1\u0159 \u010cT 24)"},"content":{"rendered":"<p><strong>Automobilov\u00fd pr\u016fmysl v <span class=\"highlight-E1id1 highlight-E1M\">Evropsk\u00e9<\/span> <span class=\"highlight-E1id1 highlight-E1M\">unii<\/span> je v krizi, shodli se v \u00fatern\u00ed debat\u011b v <span class=\"highlight-E1id8 highlight-E1M\">Evropsk\u00e9m<\/span> <span class=\"highlight-E1id8 highlight-E1M\">parlamentu<\/span> <span class=\"highlight-query highlight-E5id6 highlight-E5M\">europoslanci<\/span> nap\u0159\u00ed\u010d v\u0161emi stranami a politick\u00fdmi skupinami. \u0158e\u0161en\u00ed toho, jak obnovit konkurenceschopnost evropsk\u00fdch <span class=\"highlight-E5id4 highlight-E5M\">v\u00fdrobc\u016f<\/span>, ale vid\u00ed odli\u0161n\u011b.<\/strong><!--more--><\/p>\n<p>Evropsk\u00fd automobilov\u00fd pr\u016fmysl proch\u00e1z\u00ed kriz\u00ed vyvolanou p\u0159echodem na n\u00edzkouhl\u00edkov\u00e9 technologie, zhor\u0161en\u00edm dodavatelsk\u00fdch \u0159et\u011bzc\u016f, zv\u00fd\u0161enou konkurenc\u00ed z <span class=\"highlight-E0id3 highlight-E0M\">Asie<\/span> a rovn\u011b\u017e poklesem popt\u00e1vky po elektrick\u00fdch modelech.<\/p>\n<p><iframe loading=\"lazy\"  id=\"_ytid_80010\"  width=\"640\" height=\"360\"  data-origwidth=\"640\" data-origheight=\"360\" src=\"https:\/\/www.youtube.com\/embed\/2fTyAfboheI?enablejsapi=1&#038;autoplay=0&#038;cc_load_policy=0&#038;cc_lang_pref=&#038;iv_load_policy=1&#038;loop=0&#038;modestbranding=0&#038;rel=1&#038;fs=1&#038;playsinline=0&#038;autohide=2&#038;theme=dark&#038;color=red&#038;controls=1&#038;\" class=\"__youtube_prefs__  epyt-is-override  no-lazyload\" title=\"YouTube player\"  allow=\"accelerometer; autoplay; clipboard-write; encrypted-media; gyroscope; picture-in-picture\" allowfullscreen data-no-lazy=\"1\" data-skipgform_ajax_framebjll=\"\"><\/iframe><\/p>\n<p><strong>Viceprezident Evropsk\u00e9 komise Maro\u0161 \u0160ev\u010dovi\u010d pouk\u00e1zel na skute\u010dnost, \u017ee situace nahr\u00e1v\u00e1 \u010c\u00edn\u011b.<\/strong><\/p>\n<p><img loading=\"lazy\" decoding=\"async\" class=\"alignnone size-medium wp-image-7840\" src=\"http:\/\/www.automakers.cz\/wp-content\/uploads\/2024\/10\/Europarlament-Maros-Sevcovic-900x506.jpg\" alt=\"\" width=\"900\" height=\"506\" srcset=\"https:\/\/www.automakers.cz\/wp-content\/uploads\/2024\/10\/Europarlament-Maros-Sevcovic-900x506.jpg 900w, https:\/\/www.automakers.cz\/wp-content\/uploads\/2024\/10\/Europarlament-Maros-Sevcovic-1024x576.jpg 1024w, https:\/\/www.automakers.cz\/wp-content\/uploads\/2024\/10\/Europarlament-Maros-Sevcovic-768x432.jpg 768w, https:\/\/www.automakers.cz\/wp-content\/uploads\/2024\/10\/Europarlament-Maros-Sevcovic-1536x864.jpg 1536w, https:\/\/www.automakers.cz\/wp-content\/uploads\/2024\/10\/Europarlament-Maros-Sevcovic-1280x720.jpg 1280w, https:\/\/www.automakers.cz\/wp-content\/uploads\/2024\/10\/Europarlament-Maros-Sevcovic.jpg 2040w\" sizes=\"auto, (max-width: 900px) 100vw, 900px\" \/><\/p>\n<p><strong>Europoslanci se v debat\u011b sna\u017eili definovat p\u0159\u00ed\u010diny krize. Nap\u0159\u00edklad poslankyn\u011b Iena Donanza je vid\u00ed v tom, \u017ee &#8222;elektromobily jsou drah\u00e9 a \u0161patn\u011b se s nimi jezd\u00ed&#8220;.<\/strong><\/p>\n<p><img loading=\"lazy\" decoding=\"async\" class=\"alignnone size-medium wp-image-7838\" src=\"http:\/\/www.automakers.cz\/wp-content\/uploads\/2024\/10\/Europarlament-Iena-Donanza-900x506.jpg\" alt=\"\" width=\"900\" height=\"506\" srcset=\"https:\/\/www.automakers.cz\/wp-content\/uploads\/2024\/10\/Europarlament-Iena-Donanza-900x506.jpg 900w, https:\/\/www.automakers.cz\/wp-content\/uploads\/2024\/10\/Europarlament-Iena-Donanza-1024x576.jpg 1024w, https:\/\/www.automakers.cz\/wp-content\/uploads\/2024\/10\/Europarlament-Iena-Donanza-768x432.jpg 768w, https:\/\/www.automakers.cz\/wp-content\/uploads\/2024\/10\/Europarlament-Iena-Donanza-1536x864.jpg 1536w, https:\/\/www.automakers.cz\/wp-content\/uploads\/2024\/10\/Europarlament-Iena-Donanza-1280x720.jpg 1280w, https:\/\/www.automakers.cz\/wp-content\/uploads\/2024\/10\/Europarlament-Iena-Donanza.jpg 2040w\" sizes=\"auto, (max-width: 900px) 100vw, 900px\" \/><strong>Vondra: zrevidujme Green Deal<\/strong><\/p>\n<p>Podle \u010desk\u00e9ho <span class=\"highlight-query highlight-E5id6 highlight-E5M\">europoslance<\/span> <span class=\"highlight-E2id6 highlight-E2M\">Alexandra<\/span> <span class=\"highlight-E2id6 highlight-E2M\">Vondry<\/span> (<span class=\"highlight-E1id0 highlight-E1M\">ODS<\/span>) z frakce <span class=\"highlight-E1id5 highlight-E1M\">Evropsk\u00fdch<\/span> <span class=\"highlight-E1id5 highlight-E1M\">konzervativc\u016f<\/span> <span class=\"highlight-E1id5 highlight-E1M\">a<\/span> <span class=\"highlight-E1id5 highlight-E1M\">reformist\u016f<\/span> (<span class=\"highlight-E1id5 highlight-E1M\">ECR<\/span>) je nutn\u00e9 okam\u017eit\u011b revidovat <span class=\"highlight-E3id0 highlight-E4id1 highlight-E3M highlight-E4M\">Green<\/span> <span class=\"highlight-E4id1 highlight-E3id0 highlight-E4M highlight-E3M\">Deal<\/span>, tedy <span class=\"highlight-E3id0 highlight-E4id1 highlight-E3M highlight-E4M\">Zelenou<\/span> <span class=\"highlight-E4id1 highlight-E3id0 highlight-E4M highlight-E3M\">dohodu<\/span> <span class=\"highlight-E3id0 highlight-E4id1 highlight-E3M highlight-E4M\">pro<\/span> <span class=\"highlight-E4id1 highlight-E3id0 highlight-E4M highlight-E3M\">Evropu<\/span>, a zru\u0161it z\u00e1kaz spalovac\u00edch motor\u016f, kter\u00fd <span class=\"highlight-E1id1 highlight-E1M\">EU<\/span> napl\u00e1novala na rok 2035.<\/p>\n<p>\u201eTo, \u010deho jsme nyn\u00ed sv\u011bdky, nen\u00ed transformace automobilov\u00e9ho pr\u016fmyslu v <span class=\"highlight-E0id2 highlight-E0M\">Evrop\u011b<\/span>, ale jeho \u0159\u00edzen\u00e1 likvidace. Likvidace pod hlavi\u010dkou <span class=\"highlight-E3id0 highlight-E4id1 highlight-E3M highlight-E4M\">Green<\/span> <span class=\"highlight-E4id1 highlight-E3id0 highlight-E4M highlight-E3M\">Dealu<\/span> a pod taktovkou <span class=\"highlight-E1id2 highlight-E1M\">Evropsk\u00e9<\/span> <span class=\"highlight-E1id2 highlight-E1M\">komise<\/span>,\u201c uvedl b\u011bhem rozpravy <span class=\"highlight-E2id6 highlight-E2M\">Vondra<\/span>. <span class=\"highlight-E5id4 highlight-E5M\">V\u00fdrobci<\/span> automobil\u016f podle n\u011bj p\u0159ed drah\u00fdmi energiemi a \u201e\u0161\u00edlen\u00fdmi regulacemi\u201c odch\u00e1zej\u00ed do <span class=\"highlight-E0id5 highlight-E0M\">Ameriky<\/span>, <span class=\"highlight-E0id1 highlight-E0M\">\u010c\u00edny<\/span> a <span class=\"highlight-E0id4 highlight-E0M\">Indie<\/span>.<\/p>\n<figure id=\"attachment_1129\" aria-describedby=\"caption-attachment-1129\" style=\"width: 900px\" class=\"wp-caption alignnone\"><img loading=\"lazy\" decoding=\"async\" class=\"size-medium wp-image-1129\" src=\"http:\/\/www.automakers.cz\/wp-content\/uploads\/2023\/12\/Kupka-Vondra-Euro-7-TK-900x675.jpg\" alt=\"\" width=\"900\" height=\"675\" srcset=\"https:\/\/www.automakers.cz\/wp-content\/uploads\/2023\/12\/Kupka-Vondra-Euro-7-TK-900x675.jpg 900w, https:\/\/www.automakers.cz\/wp-content\/uploads\/2023\/12\/Kupka-Vondra-Euro-7-TK-1024x768.jpg 1024w, https:\/\/www.automakers.cz\/wp-content\/uploads\/2023\/12\/Kupka-Vondra-Euro-7-TK-768x576.jpg 768w, https:\/\/www.automakers.cz\/wp-content\/uploads\/2023\/12\/Kupka-Vondra-Euro-7-TK-1536x1152.jpg 1536w, https:\/\/www.automakers.cz\/wp-content\/uploads\/2023\/12\/Kupka-Vondra-Euro-7-TK.jpg 2040w\" sizes=\"auto, (max-width: 900px) 100vw, 900px\" \/><figcaption id=\"caption-attachment-1129\" class=\"wp-caption-text\">Ilustra\u010dn\u00ed foto<\/figcaption><\/figure>\n<p>\u201eMiliony <span class=\"highlight-E5id2 highlight-E5M\">zam\u011bstnanc\u016f<\/span> jsou a budou na dla\u017eb\u011b. Cla tady nepomohou, jen v\u0161echno d\u00e1l zdra\u017e\u00ed,\u201c dodal Vondra. <span class=\"highlight-query highlight-E5id6 highlight-E5M\">Europoslanci<\/span> se vyjad\u0159ovali i k takzvan\u00fdm flotilov\u00fdm <span class=\"highlight-E4id1 highlight-E4M\">emis\u00edm<\/span>. V roce 2025 by se pro automobilky v <span class=\"highlight-E1id1 highlight-E1M\">EU<\/span> m\u011bla sn\u00ed\u017eit jejich povolen\u00e1 hranice. Sou\u010dasn\u00e1 hodnota <span class=\"highlight-E4id1 highlight-E4M\">emis\u00ed<\/span> 116 g\/km, platn\u00e1 od roku 2020, se sn\u00ed\u017e\u00ed na 93,6 g\/km. A i kdy\u017e se automobilky sna\u017e\u00ed postupn\u011b pr\u016fm\u011brn\u00e9 <span class=\"highlight-E4id1 highlight-E4M\">emise<\/span> v\u0161ech prodan\u00fdch voz\u016f sni\u017eovat, pro n\u011bkter\u00e9 bude nemo\u017en\u00e9 limity splnit, co\u017e povede k obrovsk\u00fdm pokut\u00e1m. Ty se budou vypo\u010d\u00edt\u00e1vat na z\u00e1klad\u011b 95 eur za ka\u017ed\u00fd gram nad limitem u ka\u017ed\u00e9ho prodan\u00e9ho vozu.<\/p>\n<p>Kdy\u017e n\u011bco nefunguje, je pot\u0159eba to podle <span class=\"highlight-E2id6 highlight-E2M\">Vondry<\/span> zm\u011bnit. Proto je nyn\u00ed nutn\u00e9 revidovat <span class=\"highlight-E4id1 highlight-E3id0 highlight-E4M highlight-E3M\">Green<\/span> <span class=\"highlight-E3id0 highlight-E4id1 highlight-E3M highlight-E4M\">Deal<\/span> a rychle odlo\u017eit pokuty, kter\u00e9 \u201emaj\u00ed nab\u00edhat p\u0159\u00ed\u0161t\u00ed rok a jsou pro autopr\u016fmysl likvida\u010dn\u00ed\u201c.<\/p>\n<p><strong>Farsk\u00fd: \u0159e\u0161en\u00edm je v\u00edce se zam\u011b\u0159it na inovace<\/strong><\/p>\n<p>\u201e<span class=\"highlight-E5id5 highlight-E5M\">Ob\u010dan\u00e9<\/span> cht\u011bj\u00ed dostupn\u00e1 \u010dist\u00e1 auta, to je jednoduch\u00e1 politick\u00e1 realita, na kterou mnoz\u00ed od <span class=\"highlight-E5id3 highlight-E5M\">politik\u016f<\/span> po <span class=\"highlight-E5id4 highlight-E5M\">v\u00fdrobce<\/span> zapom\u00ednaj\u00ed,\u201c \u0159ekl <span class=\"highlight-query highlight-E5id6 highlight-E5M\">europoslanec<\/span> <span class=\"highlight-E2id4 highlight-E2M\">Farsk\u00fd<\/span>. <span class=\"highlight-E0id2 highlight-E0M\">Evropa<\/span> by se podle n\u011bj m\u011bla zam\u011b\u0159it na inovace.<\/p>\n<p>\u201eNa\u0161e ekonomika z\u016fstala pozadu, kdy\u017e firmy p\u0159en\u00e1\u0161ely produkci do <span class=\"highlight-E0id1 highlight-E0M\">\u010c\u00edny<\/span>, p\u0159evedly tam svoje know-how a \u010d\u00edn\u0161t\u00ed <span class=\"highlight-E5id4 highlight-E5M\">v\u00fdrobci<\/span> jsou te\u010f p\u0159ed n\u00e1mi, p\u0159edb\u011bhli <span class=\"highlight-E0id2 highlight-E0M\">Evropu<\/span>,\u201c dodal. Zm\u011bna pravidel, kter\u00e1 m\u011bla platit od p\u0159\u00ed\u0161t\u00edho roku, ale podle n\u011bj nen\u00ed \u0159e\u0161en\u00edm. \u201eNa\u0161e spole\u010dnost z\u00e1vis\u00ed na tom, abychom respektovali pravidla, nepot\u0159ebujeme je oh\u00fdbat. Pot\u0159ebujeme dostupn\u00e9 evropsk\u00e9 elektromobily, bez nich bude <span class=\"highlight-E0id2 highlight-E0M\">Evropa<\/span> zaplaven\u00e1 levn\u00fdmi \u010d\u00ednsk\u00fdmi importy,\u201c dodal.<\/p>\n<p><strong>Ratke: pot\u0159ebujeme levn\u00e1 elektroauta<\/strong><\/p>\n<p>Jeho n\u011bmeck\u00fd kolega ze stejn\u00e9 frakce <span class=\"highlight-E2id5 highlight-E2M\">Dennis<\/span> <span class=\"highlight-E2id5 highlight-E2M\">Radtke<\/span> uvedl, \u017ee problematiku cenov\u00e9 dostupnosti <span class=\"highlight-E4id1 highlight-E4M\">elektromobility<\/span> zmi\u0148oval ji\u017e v minulosti a zd\u016fraz\u0148oval, \u017ee je pot\u0159eba m\u00edt levn\u00e1 elektroauta, jinak \u201ebudeme nahr\u00e1vat populist\u016fm a extremist\u016fm\u201c. \u201eTo se te\u010f st\u00e1v\u00e1 realitou,\u201c dodal <span class=\"highlight-E2id5 highlight-E2M\">Radtke<\/span>.<\/p>\n<p><span class=\"highlight-query highlight-E5id6 highlight-E5M\">Europoslanci<\/span> zmi\u0148ovali nejr\u016fzn\u011bj\u0161\u00ed probl\u00e9my, kter\u00fdm automobilov\u00fd pr\u016fmysl \u010del\u00ed a kter\u00e9 mohou v\u00e9st i k zav\u00edr\u00e1n\u00ed n\u011bkter\u00fdch tov\u00e1ren. Podle n\u011bkter\u00fdch je p\u0159echod na <span class=\"highlight-E4id1 highlight-E4M\">elektromobilitu<\/span> \u201ep\u0159\u00edli\u0161 kr\u00e1tk\u00fd a p\u0159\u00edli\u0161 brut\u00e1ln\u00ed\u201c, jin\u00ed zmi\u0148ovali pot\u0159ebu podpo\u0159it nejen <span class=\"highlight-E5id2 highlight-E5M\">zam\u011bstnance<\/span> v automobilov\u00e9m pr\u016fmyslu, ale rovn\u011b\u017e podpo\u0159it konkurenceschopnost <span class=\"highlight-E1id1 highlight-E1M\">Evropsk\u00e9<\/span> <span class=\"highlight-E1id1 highlight-E1M\">unie<\/span>.<\/p>\n<p><strong>Ztr\u00e1ta technologick\u00e9 suverenity<\/strong><\/p>\n<p>Podle \u0161pan\u011blsk\u00e9 lidoveck\u00e9 <span class=\"highlight-E5id1 highlight-E5M\">poslankyn\u011b<\/span> <span class=\"highlight-E2id3 highlight-E2M\">Susany<\/span> <span class=\"highlight-E2id3 highlight-E2M\">Sol\u00edsov\u00e9<\/span> <span class=\"highlight-E2id3 highlight-E2M\">P\u00e9rezov\u00e9<\/span> z <span class=\"highlight-E1id7 highlight-E1M\">frakce<\/span> <span class=\"highlight-E1id7 highlight-E1M\">EPP<\/span> je automobilov\u00fd sektor ve \u0161patn\u00e9m stavu i kv\u016fli tomu, \u017ee <span class=\"highlight-E1id1 highlight-E1M\">EU<\/span> chyb\u00ed \u201ekomplexn\u00ed vize\u201c, a \u201ehovo\u0159\u00edme i o ztr\u00e1t\u011b technologick\u00e9 suverenity\u201c. Dva nejd\u016fle\u017eit\u011bj\u0161\u00ed produkty, kter\u00fdmi jsou baterie a \u010dipy do automobil\u016f, se toti\u017e nevyr\u00e1b\u011bj\u00ed v <span class=\"highlight-E0id2 highlight-E0M\">Evrop\u011b<\/span>.<\/p>\n<p>\u201ePokuty nejsou \u0159e\u0161en\u00ed,\u201c dodala s t\u00edm, \u017ee <span class=\"highlight-E1id2 highlight-E1M\">Evropsk\u00e1<\/span> <span class=\"highlight-E1id2 highlight-E1M\">komise<\/span> by m\u011bla prov\u00e9st revizi sv\u00e9 politiky s c\u00edlem rovn\u011b\u017e zjistit, jak je to s dostupnost\u00ed evropsk\u00fdch elektromobil\u016f pro b\u011b\u017en\u00e9 <span class=\"highlight-E5id5 highlight-E5M\">ob\u010dany<\/span>.<\/p>\n<p><strong>Turek: je to nejhor\u0161\u00ed stav v historii<\/strong><\/p>\n<p>\u201e<span class=\"highlight-E4id1 highlight-E3id0 highlight-E4M highlight-E3M\">Zelen\u00e1<\/span> <span class=\"highlight-E3id0 highlight-E4id1 highlight-E3M highlight-E4M\">dohoda<\/span> po\u0161kozuje evropsk\u00fd pr\u016fmysl. Automobilov\u00fd pr\u016fmysl je v nejhor\u0161\u00edm stavu v historii,\u201c prohl\u00e1sil <span class=\"highlight-query highlight-E5id6 highlight-E5M\">europoslanec<\/span> <span class=\"highlight-E2id7 highlight-E2M\">Filip<\/span> <span class=\"highlight-E2id7 highlight-E2M\">Turek<\/span> (<span class=\"highlight-E1id9 highlight-E1M\">P\u0159\u00edsaha<\/span> <span class=\"highlight-E1id9 highlight-E1M\">a<\/span> <span class=\"highlight-E1id9 highlight-E1M\">Motorist\u00e9<\/span>) z frakce Patriot\u016f pro <span class=\"highlight-E0id2 highlight-E0M\">Evropu<\/span>. Flotilov\u00e9 <span class=\"highlight-E4id1 highlight-E4M\">emise<\/span> podle n\u011bj zab\u00edjej\u00ed n\u00e1\u0161 pr\u016fmysl. \u201eHroz\u00ed n\u00e1m, \u017ee zaplat\u00edme v pokut\u00e1ch 15 miliard eur jen proto, \u017ee <span class=\"highlight-E5id0 highlight-E5M\">lid\u00e9<\/span> necht\u011bj\u00ed kupovat elektroauta,\u201c dodal.<\/p>\n<p><strong>Dost\u00e1lov\u00e1: je to hotov\u00e1 no\u010dn\u00ed m\u016fra<\/strong><\/p>\n<p>Podle jeho kolegyn\u011b ze stejn\u00e9 frakce <span class=\"highlight-E2id1 highlight-E2M\">Kl\u00e1ry<\/span> <span class=\"highlight-E2id1 highlight-E2M\">Dost\u00e1lov\u00e9<\/span> (<span class=\"highlight-E1id4 highlight-E1M\">hnut\u00ed<\/span> <span class=\"highlight-E1id4 highlight-E1M\">ANO<\/span>) se \u201ebruselsk\u00e9 sny m\u011bn\u00ed v no\u010dn\u00ed m\u016fry pro na\u0161e <span class=\"highlight-E5id4 highlight-E5M\">v\u00fdrobce<\/span>\u201c. \u201eInfrastruktura je nedostate\u010dn\u00e1, popt\u00e1vka po elektromobilech stagnuje a elektrick\u00e1 vozidla z\u016fst\u00e1vaj\u00ed luxusem, kter\u00fd si v\u011bt\u0161ina nejen \u010desk\u00fdch dom\u00e1cnost\u00ed nem\u016f\u017ee dovolit,\u201c uvedla <span class=\"highlight-E2id1 highlight-E2M\">Dost\u00e1lov\u00e1<\/span>. Dodala, \u017ee <span class=\"highlight-E1id1 highlight-E1M\">EU<\/span> pot\u0159ebuje \u0159e\u0161en\u00ed, kter\u00e9 \u201eudr\u017e\u00ed motory v chodu, nejen ekologicky, ale i ekonomicky\u201c.<\/p>\n<p>\u201eJe nutn\u00e9 zru\u0161it na\u0159\u00edzen\u00ed, kter\u00e9 po\u010d\u00edt\u00e1 od roku 2035 se z\u00e1kazem pro auta se spalovac\u00edmi motory, a zastavit nesmysln\u00e9 ambice <span class=\"highlight-E1id2 highlight-E1M\">Evropsk\u00e9<\/span> <span class=\"highlight-E1id2 highlight-E1M\">komise<\/span> cokoliv zakazovat \u010di p\u0159ikazovat,\u201c uvedla.<\/p>\n<p><strong>Evropa utahuje \u0161rouby za potlesku zelen\u00fdch<\/strong><\/p>\n<p><span class=\"highlight-query highlight-E5id6 highlight-E5M\">Europoslanec<\/span> <span class=\"highlight-E2id2 highlight-E2M\">Ond\u0159ej<\/span> <span class=\"highlight-E2id2 highlight-E2M\">Krut\u00edlek<\/span> (<span class=\"highlight-E1id0 highlight-E1M\">ODS<\/span>) z konzervativn\u00ed frakce <span class=\"highlight-E1id5 highlight-E1M\">ECR<\/span> rovn\u011b\u017e kritizoval <span class=\"highlight-E1id2 highlight-E1M\">Evropskou<\/span> <span class=\"highlight-E1id2 highlight-E1M\">komisi<\/span> za to, \u017ee \u201eza potlesku socialist\u016f a zelen\u00fdch systematicky utahovala \u0161rouby\u201c. \u201eV\u0161echno se vsadilo na jednu kartu \u2013 elektrifikaci. Automobilov\u00fd pr\u016fmysl se mus\u00ed pot\u00fdkat s \u010d\u00edm d\u00e1l komplexn\u011bj\u0161\u00ed a nep\u0159edv\u00eddatelnou regulac\u00ed a nerealistick\u00fdmi po\u017eadavky na <span class=\"highlight-E4id1 highlight-E4M\">emise<\/span>,\u201c uvedl <span class=\"highlight-query highlight-E5id6 highlight-E5M\">europoslanec<\/span>. \u201eJe pot\u0159eba se zastavit a d\u016fkladn\u011b p\u0159ehodnotit dosavadn\u00ed sm\u011br. <span class=\"highlight-E1id2 highlight-E1M\">Komise<\/span> by m\u011bla jednat okam\u017eit\u011b,\u201c dodal.<\/p>\n<p>\u201eBavili jsme se o tom, \u017ee mus\u00edme p\u0159ijmout n\u011bjakou strategii, n\u011bjak\u00fd pl\u00e1n, ale my mus\u00edme tot\u00e1ln\u011b zm\u011bnit legislativu\u2026 debyrokratizovat \u2013 d\u00e1t <span class=\"highlight-E5id4 highlight-E5M\">v\u00fdrobc\u016fm<\/span> v\u011bt\u0161\u00ed flexibilitu a volnost,\u201c \u0159ekla <span class=\"highlight-E1id10 highlight-E4id0 highlight-E1M highlight-E4M\">\u010cTK<\/span> k debat\u011b o krizi automobilov\u00e9ho pr\u016fmyslu <span class=\"highlight-E2id0 highlight-E2M\">Kate\u0159ina<\/span> <span class=\"highlight-E2id0 highlight-E2M\">Kone\u010dn\u00e1<\/span> (<span class=\"highlight-E1id11 highlight-E1M\">KS\u010cM<\/span>), kter\u00e1 je v <span class=\"highlight-E1id8 highlight-E1M\">europarlamentu<\/span> jako neza\u0159azen\u00e1 <span class=\"highlight-E5id1 highlight-E5M\">poslankyn\u011b<\/span>. Odm\u00edtla rovn\u011b\u017e zaveden\u00ed dal\u0161\u00edch cel na dovoz elektromobil\u016f z <span class=\"highlight-E0id1 highlight-E0M\">\u010c\u00edny<\/span>, pro n\u011b\u017e dostala minul\u00fd p\u00e1tek <span class=\"highlight-E1id2 highlight-E1M\">Evropsk\u00e1<\/span> <span class=\"highlight-E1id2 highlight-E1M\">komise<\/span> zelenou od \u010dlensk\u00fdch st\u00e1t\u016f <span class=\"highlight-E1id1 highlight-E1M\">EU<\/span>. \u201eCeln\u00ed v\u00e1lku s <span class=\"highlight-E0id1 highlight-E0M\">\u010c\u00ednou<\/span> prost\u011b vyhr\u00e1t nem\u016f\u017eeme,\u201c uvedla <span class=\"highlight-E2id0 highlight-E2M\">Kone\u010dn\u00e1<\/span>. Varovala, \u017ee <span class=\"highlight-E0id0 highlight-E0M\">Peking<\/span> by kv\u016fli cl\u016fm na auta mohl zvolit odvetn\u00e1 opat\u0159en\u00ed v zem\u011bd\u011blstv\u00ed, co\u017e by podle n\u00ed bylo pro <span class=\"highlight-E0id2 highlight-E0M\">Evropu<\/span> fat\u00e1ln\u00ed.<\/p>\n<p><strong>Zdroj: Echo 24, Euronews<br \/>\n<\/strong><\/p>\n<p><img loading=\"lazy\" decoding=\"async\" class=\"alignnone size-medium wp-image-165\" src=\"http:\/\/www.automakers.cz\/wp-content\/uploads\/2023\/11\/EU-vlajka-300x199.jpg\" alt=\"\" width=\"300\" height=\"199\" srcset=\"https:\/\/www.automakers.cz\/wp-content\/uploads\/2023\/11\/EU-vlajka-300x199.jpg 300w, https:\/\/www.automakers.cz\/wp-content\/uploads\/2023\/11\/EU-vlajka.jpg 474w\" sizes=\"auto, (max-width: 300px) 100vw, 300px\" \/><\/p>\n","protected":false},"excerpt":{"rendered":"<p>Automobilov\u00fd pr\u016fmysl v Evropsk\u00e9 unii je v krizi, shodli se v \u00fatern\u00ed debat\u011b v Evropsk\u00e9m&#8230;<\/p>\n","protected":false},"author":1,"featured_media":7834,"comment_status":"closed","ping_status":"closed","sticky":false,"template":"","format":"standard","meta":{"footnotes":""},"categories":[59,25,66],"tags":[],"class_list":["post-7831","post","type-post","status-publish","format-standard","has-post-thumbnail","hentry","category-automakers-tv","category-legislativa","category-video"],"_links":{"self":[{"href":"https:\/\/www.automakers.cz\/index.php?rest_route=\/wp\/v2\/posts\/7831","targetHints":{"allow":["GET"]}}],"collection":[{"href":"https:\/\/www.automakers.cz\/index.php?rest_route=\/wp\/v2\/posts"}],"about":[{"href":"https:\/\/www.automakers.cz\/index.php?rest_route=\/wp\/v2\/types\/post"}],"author":[{"embeddable":true,"href":"https:\/\/www.automakers.cz\/index.php?rest_route=\/wp\/v2\/users\/1"}],"replies":[{"embeddable":true,"href":"https:\/\/www.automakers.cz\/index.php?rest_route=%2Fwp%2Fv2%2Fcomments&post=7831"}],"version-history":[{"count":11,"href":"https:\/\/www.automakers.cz\/index.php?rest_route=\/wp\/v2\/posts\/7831\/revisions"}],"predecessor-version":[{"id":7868,"href":"https:\/\/www.automakers.cz\/index.php?rest_route=\/wp\/v2\/posts\/7831\/revisions\/7868"}],"wp:featuredmedia":[{"embeddable":true,"href":"https:\/\/www.automakers.cz\/index.php?rest_route=\/wp\/v2\/media\/7834"}],"wp:attachment":[{"href":"https:\/\/www.automakers.cz\/index.php?rest_route=%2Fwp%2Fv2%2Fmedia&parent=7831"}],"wp:term":[{"taxonomy":"category","embeddable":true,"href":"https:\/\/www.automakers.cz\/index.php?rest_route=%2Fwp%2Fv2%2Fcategories&post=7831"},{"taxonomy":"post_tag","embeddable":true,"href":"https:\/\/www.automakers.cz\/index.php?rest_route=%2Fwp%2Fv2%2Ftags&post=7831"}],"curies":[{"name":"wp","href":"https:\/\/api.w.org\/{rel}","templated":true}]}}