{"id":784,"date":"2023-12-07T14:28:40","date_gmt":"2023-12-07T14:28:40","guid":{"rendered":"https:\/\/www.automakers.cz\/?p=784"},"modified":"2023-12-07T15:23:24","modified_gmt":"2023-12-07T15:23:24","slug":"audi-letos-proda-v-cr-pres-4000-aut","status":"publish","type":"post","link":"https:\/\/www.automakers.cz\/?p=784","title":{"rendered":"Audi letos prod\u00e1 v \u010cR p\u0159es 4000 aut"},"content":{"rendered":"<p><strong>\u0160\u00e9f \u010desk\u00e9ho Audi Marcel Archleb svolal 7. prosince novin\u00e1\u0159e na leti\u0161t\u011b v Ho\u0159ovic\u00edch. Pohovo\u0159il o leto\u0161n\u00edch prodej\u00edch zna\u010dky a v prostorech zrekonstruovan\u00e9ho soukrom\u00e9ho leteck\u00e9ho hang\u00e1ru p\u0159edvedl mo\u017enosti individu\u00e1ln\u00ed v\u00fdbavy Audi exclusive, prezentovan\u00e9 na t\u0159ech modelech z d\u00edlny Audi Sport. Tah\u00e1kem akce byl model Audi Q7 s panc\u00e9\u0159ov\u00e1n\u00edm oken.<\/strong><!--more--><\/p>\n<p>&#8222;V lo\u0148sk\u00e9m roce jsme v \u010cesku registrovali necel\u00fdch 3500 aut, letos p\u0159ekon\u00e1me \u010d\u00edslovku 4000,&#8220; pochlubil se Archleb. Tah\u00e1kem prodej\u016f jsou podle n\u011bj letos modely Q7 a Q8, dob\u0159e jde tak\u00e9 \u0159ada A6. K tomu se prodalo 200 elektromobil\u016f \u0159ady e-tron.<\/p>\n<p><strong>Prodeje tla\u010d\u00ed tak\u00e9 akce na A4 a zm\u011bna odpis\u016f<\/strong><\/p>\n<p>&#8222;Krom\u011b toho se chytla na\u0161e aktu\u00e1ln\u00ed nab\u00eddka na model A4 kde u\u017e registrujeme 500 objedn\u00e1vek,&#8220; \u0159ekl \u0161\u00e9f zna\u010dky s t\u00edm, \u017ee siln\u00fdm leto\u0161n\u00edm prodej\u016fm siln\u011b pom\u00e1h\u00e1 odlo\u017een\u00e1 popt\u00e1vka z minul\u00fdch let, kdy se na nov\u00e1 auta \u010dekalo kv\u016fli logistick\u00fdm probl\u00e9m\u016fm. &#8222;U spalovac\u00edch motor\u016f se tak\u00e9 v p\u0159\u00ed\u0161t\u00edm roce prodlou\u017e\u00ed odpisy, tak\u017ee \u0159ada podnikatel\u016f se sna\u017e\u00ed koupit vozidlo je\u0161t\u011b letos,&#8220; komentuje situaci Archleb.<\/p>\n<p><strong>Nab\u00eddka Audi exclusive a balistick\u00e1 ochrana oken<\/strong><\/p>\n<p>Mana\u017ee\u0159i zna\u010dky prezentovali mo\u017enosti programu Audi Exclusive, kter\u00fd nab\u00edz\u00ed\u00a0 mimo jin\u00e9 mo\u017enosti individu\u00e1ln\u00edho lakov\u00e1n\u00ed vozu. Audi um\u00ed z\u00e1jemc\u016fm za p\u0159\u00edplatek nab\u00eddnout a\u017e 3500 odst\u00edn\u016f, nap\u0159\u00edklad podle barvy laku na nehtech man\u017eelky majitele vozu.<\/p>\n<p>K Audi Exclusive d\u00e1le n\u00e1le\u017e\u00ed nab\u00eddka speci\u00e1ln\u00ed interi\u00e9rov\u00e9 v\u00fdbavy v\u010detn\u011b dvoui typ\u016f k\u016f\u017ee, d\u0159ev\u011bn\u00fdch dekorac\u00ed \u010di dal\u0161\u00edch p\u0159edvybran\u00fdch materi\u00e1l\u016f.<\/p>\n<figure id=\"attachment_787\" aria-describedby=\"caption-attachment-787\" style=\"width: 900px\" class=\"wp-caption alignnone\"><img loading=\"lazy\" decoding=\"async\" class=\"size-medium wp-image-787\" src=\"http:\/\/www.automakers.cz\/wp-content\/uploads\/2023\/12\/Audi-okno-pancer-pistole-900x675.jpg\" alt=\"\" width=\"900\" height=\"675\" srcset=\"https:\/\/www.automakers.cz\/wp-content\/uploads\/2023\/12\/Audi-okno-pancer-pistole-900x675.jpg 900w, https:\/\/www.automakers.cz\/wp-content\/uploads\/2023\/12\/Audi-okno-pancer-pistole-1024x768.jpg 1024w, https:\/\/www.automakers.cz\/wp-content\/uploads\/2023\/12\/Audi-okno-pancer-pistole-768x576.jpg 768w, https:\/\/www.automakers.cz\/wp-content\/uploads\/2023\/12\/Audi-okno-pancer-pistole-1536x1152.jpg 1536w, https:\/\/www.automakers.cz\/wp-content\/uploads\/2023\/12\/Audi-okno-pancer-pistole.jpg 2040w\" sizes=\"auto, (max-width: 900px) 100vw, 900px\" \/><figcaption id=\"caption-attachment-787\" class=\"wp-caption-text\">&#8222;Nast\u0159\u00edlen\u00e9&#8220; panc\u00e9\u0159ovan\u00e9 okno s takzvan\u00fdmi bradavicemi budilo zaslou\u017eenou pozornost novin\u00e1\u0159\u016f<\/figcaption><\/figure>\n<p>Pro z\u00e1jemce o vy\u0161\u0161\u00ed bezpe\u010dnost jsou nyn\u00ed tak\u00e9 k m\u00e1n\u00ed okna s balisticky odolnou \u00fapravou, kter\u00e1 odolaj\u00ed st\u0159elb\u011b z pistolov\u00e9 r\u00e1\u017ee 9 mm. Pro import\u00e9ra je dod\u00e1v\u00e1 p\u0159elou\u010dsk\u00e1 firma SVOS.<\/p>\n<p>&#8222;Nejde samoz\u0159ejm\u011b o nejvy\u0161\u0161\u00ed stupe\u0148 bezpe\u010dnostn\u00ed v\u00fdbavy, kter\u00fd Audi poskytlo politik\u016fm nap\u0159\u00edklad na summitu EU. Tyto limuz\u00edny by odolaly i kulometn\u00e9 st\u0159elb\u011b. Ale i lehk\u00e9 panc\u00e9\u0159ov\u00e1n\u00ed proti pistoli najde v \u010cesku sv\u00e9 z\u00e1kazn\u00edky,&#8220; v\u011b\u0159\u00ed Marcel Archleb.<\/p>\n<p><strong>Zdroj: Erich Handl, Leti\u0161t\u011b Ho\u0159ovice<\/strong><\/p>\n<p><img loading=\"lazy\" decoding=\"async\" class=\"alignnone size-medium wp-image-791\" src=\"http:\/\/www.automakers.cz\/wp-content\/uploads\/2023\/12\/Audi-Exclusive-Rozkosny-hangar-Horovice-900x900.jpg\" alt=\"\" width=\"900\" height=\"900\" srcset=\"https:\/\/www.automakers.cz\/wp-content\/uploads\/2023\/12\/Audi-Exclusive-Rozkosny-hangar-Horovice-900x900.jpg 900w, https:\/\/www.automakers.cz\/wp-content\/uploads\/2023\/12\/Audi-Exclusive-Rozkosny-hangar-Horovice-768x768.jpg 768w, https:\/\/www.automakers.cz\/wp-content\/uploads\/2023\/12\/Audi-Exclusive-Rozkosny-hangar-Horovice.jpg 1008w\" sizes=\"auto, (max-width: 900px) 100vw, 900px\" \/><\/p>\n<p>&nbsp;<\/p>\n","protected":false},"excerpt":{"rendered":"<p>\u0160\u00e9f \u010desk\u00e9ho Audi Marcel Archleb svolal 7. prosince novin\u00e1\u0159e na leti\u0161t\u011b v Ho\u0159ovic\u00edch. Pohovo\u0159il o&#8230;<\/p>\n","protected":false},"author":1,"featured_media":786,"comment_status":"open","ping_status":"open","sticky":false,"template":"","format":"standard","meta":{"footnotes":""},"categories":[26,20],"tags":[],"class_list":["post-784","post","type-post","status-publish","format-standard","has-post-thumbnail","hentry","category-eventy","category-tiskovky"],"_links":{"self":[{"href":"https:\/\/www.automakers.cz\/index.php?rest_route=\/wp\/v2\/posts\/784","targetHints":{"allow":["GET"]}}],"collection":[{"href":"https:\/\/www.automakers.cz\/index.php?rest_route=\/wp\/v2\/posts"}],"about":[{"href":"https:\/\/www.automakers.cz\/index.php?rest_route=\/wp\/v2\/types\/post"}],"author":[{"embeddable":true,"href":"https:\/\/www.automakers.cz\/index.php?rest_route=\/wp\/v2\/users\/1"}],"replies":[{"embeddable":true,"href":"https:\/\/www.automakers.cz\/index.php?rest_route=%2Fwp%2Fv2%2Fcomments&post=784"}],"version-history":[{"count":9,"href":"https:\/\/www.automakers.cz\/index.php?rest_route=\/wp\/v2\/posts\/784\/revisions"}],"predecessor-version":[{"id":797,"href":"https:\/\/www.automakers.cz\/index.php?rest_route=\/wp\/v2\/posts\/784\/revisions\/797"}],"wp:featuredmedia":[{"embeddable":true,"href":"https:\/\/www.automakers.cz\/index.php?rest_route=\/wp\/v2\/media\/786"}],"wp:attachment":[{"href":"https:\/\/www.automakers.cz\/index.php?rest_route=%2Fwp%2Fv2%2Fmedia&parent=784"}],"wp:term":[{"taxonomy":"category","embeddable":true,"href":"https:\/\/www.automakers.cz\/index.php?rest_route=%2Fwp%2Fv2%2Fcategories&post=784"},{"taxonomy":"post_tag","embeddable":true,"href":"https:\/\/www.automakers.cz\/index.php?rest_route=%2Fwp%2Fv2%2Ftags&post=784"}],"curies":[{"name":"wp","href":"https:\/\/api.w.org\/{rel}","templated":true}]}}