{"id":7886,"date":"2024-10-11T08:16:46","date_gmt":"2024-10-11T08:16:46","guid":{"rendered":"https:\/\/www.automakers.cz\/?p=7886"},"modified":"2024-10-11T08:17:09","modified_gmt":"2024-10-11T08:17:09","slug":"autodrom-most-predstavil-novinky-pro-2025","status":"publish","type":"post","link":"https:\/\/www.automakers.cz\/?p=7886","title":{"rendered":"Autodrom Most p\u0159edstavil novinky pro rok 2025"},"content":{"rendered":"<p><b>Autodrom Most si pro sez\u00f3nu 2025 p\u0159ipravil \u0159adu novinek, z nich\u017e nejz\u00e1sadn\u011bj\u0161\u00ed je nov\u00fd term\u00edn pro hlavn\u00ed z\u00e1vod sez\u00f3ny \u2013 MS WorldSBK, kter\u00e9 se p\u0159esouv\u00e1 z \u010dervence na polovinu kv\u011btna a bude tak zahajovat motocyklovou sez\u00f3nu v \u010cR. Novin\u00e1\u0159e sezn\u00e1mil se sv\u00fdmi z\u00e1m\u011bry na tiskovce majitel are\u00e1lu Josef Zaj\u00ed\u010dek.<br \/>\n<\/b><!--more--><\/p>\n<p>Fanou\u0161ci i jezdci se mohou t\u011b\u0161it\u00a0tak\u00e9 na dal\u0161\u00ed modernizaci infrastruktury okruhu a nov\u00e9 doprovodn\u00e9 s\u00e9rie tradi\u010dn\u00edho Czech Truck Prix.<\/p>\n<p>Nov\u011b bude tak\u00e9 upraven provoz are\u00e1lu, kter\u00fd bude kon\u010dit v\u00a018\u00a0hodin. \u201ePot\u00e9 u\u017e nebudeme na dr\u00e1hu pou\u0161t\u011bt z\u00e1vodn\u00ed auta ani jin\u00e9 stroje. Rozhodli jsme se ud\u011blat vst\u0159\u00edcn\u00fd krok ke v\u0161em, kte\u0159\u00ed s\u00a0n\u00e1mi v\u00a0okol\u00ed bydl\u00ed. V\u011b\u0159\u00edme, \u017ee to v\u0161ichni ocen\u00ed a\u00a0budou to br\u00e1t pozitivn\u011b,\u201c uvedl Zaj\u00ed\u010dek. Autodrom toti\u017e dlouhodob\u011b \u010del\u00ed protest\u016fm kv\u016fli hluku.<\/p>\n<p><b>WorldSBK 2025: Nov\u00fd term\u00edn a atraktivn\u011bj\u0161\u00ed podm\u00ednky pro fanou\u0161ky<\/b><\/p>\n<p>Nejv\u011bt\u0161\u00ed ud\u00e1lost mosteck\u00e9 sez\u00f3ny, mistrovstv\u00ed sv\u011bta superbik\u016f (WorldSBK), kter\u00e9 v leto\u0161n\u00edm roce\u00a0nav\u0161t\u00edvilo t\u00e9m\u011b\u0159\u00a060 tis\u00edc div\u00e1k\u016f, se\u00a0<b>v roce 2025\u00a0p\u0159esouv\u00e1 na kv\u011btnov\u00fd term\u00edn\u00a016.\u201318. 5. 2025.<\/b><\/p>\n<p><i>\u201eCht\u011bli jsme vyj\u00edt vst\u0159\u00edc fanou\u0161k\u016fm, pro kter\u00e9 bude \u010dervenec nabit\u00fd motocyklov\u00fdmi podniky nejen v \u010cR. Kv\u011btnov\u00fd term\u00edn jsme\u00a0zvolili tak\u00e9 s ohledem na tradi\u010dn\u00ed dom\u00e1c\u00ed akce a v\u011b\u0159\u00edme, \u017ee bude skv\u011bl\u00fdm startem sez\u00f3ny,\u201c<\/i>\u00a0\u0159\u00edk\u00e1 Josef Zaj\u00ed\u010dek, gener\u00e1ln\u00ed \u0159editel Autodromu Most a \u010dlen po\u0159\u00e1daj\u00edc\u00edho spolku AMK Most.<\/p>\n<p><img loading=\"lazy\" decoding=\"async\" class=\"alignnone size-medium wp-image-7890\" src=\"http:\/\/www.automakers.cz\/wp-content\/uploads\/2024\/10\/Most-ADM-TK-WSBK_low_Zajicek-900x600.jpeg\" alt=\"\" width=\"900\" height=\"600\" srcset=\"https:\/\/www.automakers.cz\/wp-content\/uploads\/2024\/10\/Most-ADM-TK-WSBK_low_Zajicek-900x600.jpeg 900w, https:\/\/www.automakers.cz\/wp-content\/uploads\/2024\/10\/Most-ADM-TK-WSBK_low_Zajicek-1024x682.jpeg 1024w, https:\/\/www.automakers.cz\/wp-content\/uploads\/2024\/10\/Most-ADM-TK-WSBK_low_Zajicek-768x512.jpeg 768w, https:\/\/www.automakers.cz\/wp-content\/uploads\/2024\/10\/Most-ADM-TK-WSBK_low_Zajicek.jpeg 1280w\" sizes=\"auto, (max-width: 900px) 100vw, 900px\" \/><\/p>\n<p>Autodrom Most\u00a0p\u0159ichystal pro fanou\u0161ky WorldSBK tak\u00e9 dal\u0161\u00ed p\u0159\u00edjemnou zm\u011bnu \u2013\u00a0<b>sjednocen\u00e9 vstupn\u00e9 pro v\u0161echny div\u00e1ky, se kter\u00fdm se dostanou doslova a\u017e na asfalt<\/b>. Ji\u017e \u017e\u00e1dn\u00e9 rozd\u011blov\u00e1n\u00ed mezi div\u00e1ck\u00fdm svahem a paddockem!\u00a0\u0160ampion\u00e1t WorldSBK je zn\u00e1m\u00fd aktivitami, jako je\u00a0<i>Victory Lane<\/i>\u00a0nebo\u00a0<i>Paddock Show<\/i>\u00a0a dal\u0161\u00ed, kter\u00e9 umo\u017e\u0148uj\u00ed fanou\u0161k\u016fm st\u00e1t se ned\u00edlnou sou\u010d\u00e1st\u00ed z\u00e1vodn\u00edho v\u00edkendu.<\/p>\n<p><i>\u201eC\u00edlem je nab\u00eddnout autentick\u00fd WorldSBK z\u00e1\u017eitek v\u0161em. Fanou\u0161ci se dostanou a\u017e na asfalt, v\u00edc u\u017e to ani nejde,\u201c<\/i>\u00a0popisuje Josef Zaj\u00ed\u010dek z\u00e1\u017eitky, kter\u00e9 nikde jinde div\u00e1ci nenajdou. Fanou\u0161ci nav\u00edc jist\u011b ocen\u00ed, \u017ee jednodenn\u00ed vstupn\u00e9 bylo sn\u00ed\u017eeno z lo\u0148sk\u00fdch 1500 K\u010d na 1100 K\u010d (p\u0159edprodej),\u00a0p\u0159i\u010dem\u017e d\u011bti a\u017e do 15 let maj\u00ed vstup zdarma.<\/p>\n<p>Novinky se dotkly i samotn\u00e9ho programu z\u00e1vodn\u00edho v\u00edkendu. Na \u010dtvrtek 15. kv\u011btna, kdy tradi\u010dn\u011b prob\u00edh\u00e1 track walk, b\u011bhem n\u011bho\u017e si jezdci osobn\u011b proch\u00e1zej\u00ed tra\u0165, Autodrom\u00a0p\u0159ipravil speci\u00e1ln\u00ed akci \u2013\u00a0<b>b\u011bh na dr\u00e1ze pro ve\u0159ejnost<\/b>, p\u0159i kter\u00e9m si \u00fa\u010dastn\u00edci budou moci\u00a0zbl\u00edzka prohl\u00e9dnout tra\u0165 i paddock.\u00a0Vstup na tuto akci bude zdarma.<\/p>\n<p><b>Dal\u0161\u00ed novinky pak \u010dekaj\u00ed n\u00e1v\u0161t\u011bvn\u00edky b\u011bhem z\u00e1vodn\u00edho v\u00edkendu.\u00a0<\/b>V sobotu Autodrom zp\u0159\u00edstupn\u00ed dr\u00e1hu pro div\u00e1ky, kdy se bude p\u0159\u00edmo na trati konat \u010d\u00e1st doprovodn\u00e9ho programu s jezdci. V ned\u011bli se pak mohou\u00a0motocyklov\u00ed nad\u0161enci p\u0159ipojit k Bike Parade \u2013 spole\u010dn\u00e9 j\u00edzd\u011b po okruhu.<\/p>\n<p><b>Inovace a investice pro sez\u00f3nu 2025<\/b><\/p>\n<p>Autodrom Most\u00a0je\u0161t\u011b p\u0159ed za\u010d\u00e1tkem sez\u00f3ny\u00a0<b>zainvestuje\u00a025 milion\u016f K\u010d do cel\u00e9ho are\u00e1lu<\/b>\u00a0s c\u00edlem\u00a0d\u00e1le zlep\u0161it z\u00e1\u017eitek n\u00e1v\u0161t\u011bvn\u00edk\u016f a zv\u00fd\u0161it bezpe\u010dnost na trati.\u00a0Mezi kl\u00ed\u010dov\u00e9 projekty pat\u0159\u00ed:<\/p>\n<ul>\n<li><b>Kompletn\u011b nov\u00e9 ozvu\u010den\u00ed div\u00e1ck\u00e9ho svahu<\/b>, kter\u00e9 n\u00e1v\u0161t\u011bvn\u00edk\u016fm zajist\u00ed lep\u0161\u00ed p\u0159ehled o d\u011bn\u00ed b\u011bhem z\u00e1vod\u016f.<\/li>\n<li><b>Oprava povrchu dr\u00e1hy v nejexponovan\u011bj\u0161\u00edch zat\u00e1\u010dk\u00e1ch<\/b>\u00a0(T1, T2, T7 a T21),\u00a0aby z\u016fstala zachov\u00e1na \u0161pi\u010dkov\u00e1 kvalita povrchu i v nejnam\u00e1han\u011bj\u0161\u00edch \u00fasec\u00edch.<\/li>\n<li><b>Nov\u00e9 bezpe\u010dnostn\u00ed bari\u00e9ry<\/b>\u00a0mezi zat\u00e1\u010dkami T8 a T12, kter\u00e9 umo\u017en\u00ed novin\u00e1\u0159\u016fm bezpe\u010dn\u00fd p\u0159\u00edstup do dosud uzav\u0159en\u00fdch oblast\u00ed.<\/li>\n<li><b>Instalace nov\u00e9 generace LED panel\u016f<\/b>, v\u010detn\u011b startovac\u00edho za\u0159\u00edzen\u00ed\u00a0pro signalizaci jezdc\u016fm a informov\u00e1n\u00ed v re\u00e1ln\u00e9m \u010dase.<\/li>\n<li><b>Modernizace softwaru\u00a0kamerov\u00e9ho syst\u00e9mu\u00a0<\/b>pro zp\u011btn\u00e9 p\u0159ehr\u00e1v\u00e1n\u00ed z\u00e1znam\u016f sportovn\u00edmi komisa\u0159i.<\/li>\n<li><b>Modernizace technologi\u00ed pro v\u00fdb\u011br parkovn\u00e9ho<\/b>\u00a0pro rychlej\u0161\u00ed a pohodln\u011bj\u0161\u00ed odbaven\u00ed.<\/li>\n<li><b>Omezen\u00ed provozn\u00ed doby do 18 h<\/b>, kter\u00e9 pro Autodrom znamen\u00e1 -15 milion\u016f K\u010d.<\/li>\n<\/ul>\n<p><b>Doprovodn\u00e9 akce a dal\u0161\u00ed z\u00e1vody<\/b><\/p>\n<p>Novinky \u010dekaj\u00ed i na fanou\u0161ky tradi\u010dn\u00edho z\u00e1vodu Czech Truck Prix, kter\u00fd se pojede op\u011bt s evropskou verz\u00ed NASCAR posledn\u00ed srpnov\u00fd v\u00edkend\u00a0(29.\u201331. 8. 2025).\u00a0<i>\u201eV reakci na p\u0159\u00e1n\u00ed fanou\u0161k\u016f se na programu objev\u00ed\u00a0<b>dv\u011b nov\u00e9 doprovodn\u00e9 s\u00e9rie \u2013 Triumph Competition &amp; British GT a Super Sixties.<\/b>\u00a0Ob\u011b p\u0159in\u00e1\u0161ej\u00ed atraktivn\u00ed automobilov\u00e9 z\u00e1vody historick\u00fdch voz\u016f\u00a0ve stylu ryz\u00edho motorsportu,\u201c\u00a0<\/i>p\u0159ibli\u017euje Josef Zaj\u00ed\u010dek.<\/p>\n<p><img loading=\"lazy\" decoding=\"async\" class=\"alignnone size-medium wp-image-7889\" src=\"http:\/\/www.automakers.cz\/wp-content\/uploads\/2024\/10\/ADM-TK-WSBK_low_22A4152-900x600.jpeg\" alt=\"\" width=\"900\" height=\"600\" srcset=\"https:\/\/www.automakers.cz\/wp-content\/uploads\/2024\/10\/ADM-TK-WSBK_low_22A4152-900x600.jpeg 900w, https:\/\/www.automakers.cz\/wp-content\/uploads\/2024\/10\/ADM-TK-WSBK_low_22A4152-1024x682.jpeg 1024w, https:\/\/www.automakers.cz\/wp-content\/uploads\/2024\/10\/ADM-TK-WSBK_low_22A4152-768x512.jpeg 768w, https:\/\/www.automakers.cz\/wp-content\/uploads\/2024\/10\/ADM-TK-WSBK_low_22A4152.jpeg 1280w\" sizes=\"auto, (max-width: 900px) 100vw, 900px\" \/>Josef Zaj\u00ed\u010dek, ale s historick\u00fdmi vozy vyraz\u00ed p\u0159\u00ed\u0161t\u00ed rok op\u011bt i mimo are\u00e1l Autodromu Most. Jako zakladatel vytrvalostn\u00ed j\u00edzdy\u00a0<b>Czech Oldtimer Express<\/b>\u00a0napl\u00e1noval ji\u017e t\u0159et\u00ed ro\u010dn\u00edk na kv\u011bten (2.\u20138. 5. 2025). Pades\u00e1tka \u010desk\u00fdch veter\u00e1n\u016f p\u0159ekon\u00e1 v p\u011bti etap\u00e1ch v\u00edce ne\u017e 2000 km, p\u0159i\u010dem\u017e n\u011bkolikr\u00e1t p\u0159ekro\u010d\u00ed hranice N\u011bmecka, \u0160v\u00fdcarska a Francie, aby j\u00edzda vyvrcholila v Cannes na francouzsk\u00e9 rivi\u00e9\u0159e.<\/p>\n<p><strong>Zdroj: TK Autodrom, Radek Laube<\/strong><\/p>\n<p>&nbsp;<\/p>\n","protected":false},"excerpt":{"rendered":"<p>Autodrom Most si pro sez\u00f3nu 2025 p\u0159ipravil \u0159adu novinek, z nich\u017e nejz\u00e1sadn\u011bj\u0161\u00ed je nov\u00fd term\u00edn&#8230;<\/p>\n","protected":false},"author":1,"featured_media":7888,"comment_status":"closed","ping_status":"closed","sticky":false,"template":"","format":"standard","meta":{"footnotes":""},"categories":[19,31,20],"tags":[],"class_list":["post-7886","post","type-post","status-publish","format-standard","has-post-thumbnail","hentry","category-motorsport","category-news","category-tiskovky"],"_links":{"self":[{"href":"https:\/\/www.automakers.cz\/index.php?rest_route=\/wp\/v2\/posts\/7886","targetHints":{"allow":["GET"]}}],"collection":[{"href":"https:\/\/www.automakers.cz\/index.php?rest_route=\/wp\/v2\/posts"}],"about":[{"href":"https:\/\/www.automakers.cz\/index.php?rest_route=\/wp\/v2\/types\/post"}],"author":[{"embeddable":true,"href":"https:\/\/www.automakers.cz\/index.php?rest_route=\/wp\/v2\/users\/1"}],"replies":[{"embeddable":true,"href":"https:\/\/www.automakers.cz\/index.php?rest_route=%2Fwp%2Fv2%2Fcomments&post=7886"}],"version-history":[{"count":4,"href":"https:\/\/www.automakers.cz\/index.php?rest_route=\/wp\/v2\/posts\/7886\/revisions"}],"predecessor-version":[{"id":7893,"href":"https:\/\/www.automakers.cz\/index.php?rest_route=\/wp\/v2\/posts\/7886\/revisions\/7893"}],"wp:featuredmedia":[{"embeddable":true,"href":"https:\/\/www.automakers.cz\/index.php?rest_route=\/wp\/v2\/media\/7888"}],"wp:attachment":[{"href":"https:\/\/www.automakers.cz\/index.php?rest_route=%2Fwp%2Fv2%2Fmedia&parent=7886"}],"wp:term":[{"taxonomy":"category","embeddable":true,"href":"https:\/\/www.automakers.cz\/index.php?rest_route=%2Fwp%2Fv2%2Fcategories&post=7886"},{"taxonomy":"post_tag","embeddable":true,"href":"https:\/\/www.automakers.cz\/index.php?rest_route=%2Fwp%2Fv2%2Ftags&post=7886"}],"curies":[{"name":"wp","href":"https:\/\/api.w.org\/{rel}","templated":true}]}}