{"id":7907,"date":"2024-10-15T07:50:55","date_gmt":"2024-10-15T07:50:55","guid":{"rendered":"https:\/\/www.automakers.cz\/?p=7907"},"modified":"2024-10-15T07:50:55","modified_gmt":"2024-10-15T07:50:55","slug":"mercedes-benz-tridy-s-vladne-nejvyssimu-patru","status":"publish","type":"post","link":"https:\/\/www.automakers.cz\/?p=7907","title":{"rendered":"Mercedes-Benz T\u0159\u00eddy S vl\u00e1dne nejvy\u0161\u0161\u00edmu patru"},"content":{"rendered":"<p><strong>Mercedes-Benz T\u0159\u00eddy S je synonymem toho nejlep\u0161\u00edho od n\u011bmeck\u00e9 automobilky od roku 1972. Klientela v \u010cesk\u00e9 republice dokl\u00e1d\u00e1 sv\u016fj z\u00e1jem o tuto limuz\u00ednu nejvy\u0161\u0161\u00ed t\u0159\u00eddy. V\u016fz od roku 2021, kdy byl aktu\u00e1ln\u00ed model uveden na trh, si u n\u00e1s do z\u00e1\u0159\u00ed 2024 registrovalo 1 344 majitel\u016f.<\/strong><!--more--><\/p>\n<p>Mercedes-Benz T\u0159\u00eddy S je tak nejen jednozna\u010dn\u011b nej\u017e\u00e1dan\u011bj\u0161\u00edm sedanem nejvy\u0161\u0161\u00ed t\u0159\u00eddy v \u010cesk\u00e9 republice, ale o 26,9 % p\u0159ekon\u00e1v\u00e1 odbyt sv\u00e9ho \u00fasp\u011b\u0161n\u00e9ho p\u0159edch\u016fdce \u0159ady W222, kter\u00e9ho se ve srovnateln\u00e9m obdob\u00ed let 2013 a\u017e 2017 prodalo 1 059 exempl\u00e1\u0159\u016f.<\/p>\n<p><strong>Design s rekordn\u00ed aerodynamikou<\/strong><\/p>\n<p>Jedn\u00edm z hlavn\u00edch l\u00e1kadel aktu\u00e1ln\u00ed modelov\u00e9 \u0159ady je jej\u00ed vysoce funk\u010dn\u00ed design. V\u016fz vynik\u00e1 vyv\u00e1\u017een\u00fdmi proporcemi a detaily, kter\u00e9 umoc\u0148uj\u00ed vzhled, jako jsou samo\u010dinn\u011b v\u00fdsuvn\u00e9 kliky dve\u0159\u00ed. I ty p\u0159isp\u00edvaj\u00ed k rekordn\u011b n\u00edzk\u00e9mu sou\u010diniteli odporu vzduchu c<sub>x<\/sub>\u00a0= 0,22, jedn\u00e9 z nejni\u017e\u0161\u00edch hodnot mezi v\u0161emi automobily se spalovac\u00edmi motory na sv\u011bt\u011b. \u0160pi\u010dkov\u00e1 aerodynamika z\u00e1rove\u0148 zlep\u0161uje akustick\u00e9 vlastnosti a spolu s\u00a0vrstven\u00fdmi bo\u010dn\u00edmi skly p\u0159isp\u00edv\u00e1 k\u00a0dokonal\u00e9mu cestovn\u00edmu komfortu.<\/p>\n<p><img loading=\"lazy\" decoding=\"async\" class=\"alignnone size-medium wp-image-7909\" src=\"http:\/\/www.automakers.cz\/wp-content\/uploads\/2024\/10\/large_MG_92211_5fd3b980f1-900x600.webp\" alt=\"\" width=\"900\" height=\"600\" srcset=\"https:\/\/www.automakers.cz\/wp-content\/uploads\/2024\/10\/large_MG_92211_5fd3b980f1-900x600.webp 900w, https:\/\/www.automakers.cz\/wp-content\/uploads\/2024\/10\/large_MG_92211_5fd3b980f1-768x512.webp 768w, https:\/\/www.automakers.cz\/wp-content\/uploads\/2024\/10\/large_MG_92211_5fd3b980f1.webp 1000w\" sizes=\"auto, (max-width: 900px) 100vw, 900px\" \/><\/p>\n<p><strong>Vrcholn\u00fd luxus m\u016f\u017ee b\u00fdt udr\u017eiteln\u00fd<\/strong><\/p>\n<p>Ve T\u0159\u00edd\u011b S je pou\u017eito v\u00edce ne\u017e 98 kg komponent\u016f vyroben\u00fdch z materi\u00e1l\u016f \u0161et\u0159\u00edc\u00edch zdroje. Po\u010det d\u00edl\u016f obsahuj\u00edc\u00edch recykl\u00e1ty je nyn\u00ed 120 \u2013 v\u00edce ne\u017e dvojn\u00e1sobek oproti p\u0159edchoz\u00edmu modelu. Dal\u0161\u00edch asi 40 kg je vyrobeno z obnoviteln\u00fdch surovin. Pohonn\u00e9 jednotky jsou nejen v\u00fdkonn\u00e9, ale tak\u00e9 velmi efektivn\u00ed a ekologick\u00e9. V\u011bt\u0161ina variant m\u00e1 d\u00edky mild hybridn\u00edmu i plug-in hybridn\u00edmu pohonu p\u0159\u00eddavn\u00fd elektrick\u00fd pohon, jen\u017e d\u00e1le zlep\u0161uje ekologickou bilanci vozu.<\/p>\n<p><strong>Plug-in hybridn\u00ed T\u0159\u00edda S\u00a0580 e nab\u00edz\u00ed o v\u00edce ne\u017e t\u0159etinu ni\u017e\u0161\u00ed emise b\u011bhem cel\u00e9 \u017eivotnosti<\/strong><\/p>\n<p>Plug-in hybridn\u00ed varianta S\u00a0580 e byla podrobena komplexn\u00edmu 360\u00b0 ekologick\u00e9mu auditu, kter\u00fd prok\u00e1zal velmi n\u00edzk\u00fd dopad na \u017eivotn\u00ed prost\u0159ed\u00ed. Dojezd \u010dist\u011b na elekt\u0159inu se proti p\u0159edch\u016fdci zdvojn\u00e1sobil na 100 kilometr\u016f, elektrick\u00fd v\u00fdkon 110 nam\u00edsto 90 kW a rovn\u00fd zavazadlov\u00fd prostor p\u0159edstavuj\u00ed v\u00fdrazn\u011b lep\u0161\u00ed u\u017eitnou hodnotu. P\u0159i zohledn\u011bn\u00ed v\u00fdroby, \u017eivotnosti p\u0159es 300 000 kilometr\u016f a recyklaci produkuje emise CO<sub>2<\/sub>\u00a0ni\u017e\u0161\u00ed o\u00a0p\u0159ibli\u017en\u011b 14,1 % ne\u017e jeho p\u0159edch\u016fdce S\u00a0560 e, pokud se po\u010d\u00edt\u00e1 s\u00a0nab\u00edjen\u00edm elekt\u0159inou s evropsk\u00fdm energetick\u00fdm mixem, anebo dokonce o 36,2 % p\u0159i nab\u00edjen\u00ed s vyu\u017eit\u00edm elekt\u0159iny z\u00a0vodn\u00edch elektr\u00e1ren.<\/p>\n<p><img loading=\"lazy\" decoding=\"async\" class=\"alignnone size-medium wp-image-7911\" src=\"http:\/\/www.automakers.cz\/wp-content\/uploads\/2024\/10\/large_MG_92121_97fde535db-900x600.webp\" alt=\"\" width=\"900\" height=\"600\" srcset=\"https:\/\/www.automakers.cz\/wp-content\/uploads\/2024\/10\/large_MG_92121_97fde535db-900x600.webp 900w, https:\/\/www.automakers.cz\/wp-content\/uploads\/2024\/10\/large_MG_92121_97fde535db-768x512.webp 768w, https:\/\/www.automakers.cz\/wp-content\/uploads\/2024\/10\/large_MG_92121_97fde535db.webp 1000w\" sizes=\"auto, (max-width: 900px) 100vw, 900px\" \/><\/p>\n<p><strong>Individualizace MANUFAKTUR<\/strong><\/p>\n<p>Z\u00e1kazn\u00edci mohou standardn\u00ed specifikaci d\u00e1le roz\u0161i\u0159ovat a s vyu\u017eit\u00edm \u0159ady mo\u017enost\u00ed sv\u016fj v\u016fz upravit zvn\u011bj\u0161ku i zevnit\u0159, aby co nejl\u00e9pe odr\u00e1\u017eel jejich estetick\u00e9 c\u00edt\u011bn\u00ed. Zcela v\u00fdjime\u010dn\u00e9 p\u0159\u00edle\u017eitosti nab\u00edz\u00ed tov\u00e1rn\u00ed program MANUFAKTUR, kter\u00fd p\u0159id\u00e1v\u00e1 paletu \u010daloun\u011bn\u00ed, lak\u016f karoserie a dal\u0161\u00edch zp\u016fsob\u016f individualizace ve spojen\u00ed s ru\u010dn\u00edm zpracov\u00e1n\u00edm nejzku\u0161en\u011bj\u0161\u00edch \u0159emesln\u00edk\u016f a um\u011bleck\u00fdch tv\u016frc\u016f. Nap\u0159\u00edklad st\u0159e\u0161n\u00ed oblo\u017een\u00ed z k\u016f\u017ee Nappa, kter\u00e9 je tvo\u0159eno 20 sou\u010d\u00e1stmi, zhotovuje jedin\u00fd pracovn\u00edk, aby byla zaji\u0161t\u011bno, \u017ee v\u0161echny stehy jsou zcela toto\u017en\u00e9.<\/p>\n<p><strong>Mercedes-AMG: nejv\u00fdkonn\u011bj\u0161\u00ed T\u0159\u00edda S v\u00a0historii s technikou z F1<\/strong><\/p>\n<p>Z\u00e1jemci o luxusn\u00ed a sou\u010dasn\u011b v\u00fdkonn\u00fd v\u016fz si mohou proveden\u00ed Mercedes-AMG S 63 S E PERFORMANCE s technologi\u00ed z formule 1. V\u016fz kombinuje z\u00e1\u017eehov\u00fd motor AMG V8 4,0 l s hybridn\u00edm hnac\u00edm \u0159et\u011bzcem. Luxusn\u00ed sedan tak stanovuje nov\u00e9 standardy ve sv\u00e9m segmentu, a to jak nejvy\u0161\u0161\u00edm v\u00fdkonem hybridn\u00edho syst\u00e9mu 590 kW (802 k), tak maxim\u00e1ln\u00edm to\u010div\u00fdm momentem 1430 N.m. V\u00fdsledkem je zrychlen\u00ed z klidu na 100 km\/h za 3,3 sekundy a nejvy\u0161\u0161\u00ed rychlost a\u017e 290 km\/h.<\/p>\n<p><strong>Mercedes-Maybach: V12 v\u010detn\u011b exkluzivn\u00edch edic\u00ed dostupn\u00fdch i v \u010cR\u00a0<\/strong><\/p>\n<p>Vrchol p\u0159edstavuje T\u0159\u00edda S od v\u00fdlu\u010dn\u00e9 superluxusn\u00ed zna\u010dky Mercedes-Maybach. V\u016fz v tomto proveden\u00ed poh\u00e1n\u00ed t\u0159i typy jednotek v\u010detn\u011b legend\u00e1rn\u00edho motoru V12 biturbo o objemu 6,0 l a v\u00fdkonu 450 kW (612 k). \u00darove\u0148 zpracov\u00e1n\u00ed, vysok\u00fd pod\u00edl ru\u010dn\u00ed pr\u00e1ce a zcela v\u00fdjime\u010dn\u00e9 materi\u00e1ly i v\u00fdbava \u010din\u00ed z ka\u017ed\u00e9ho vozu unik\u00e1t. Z\u00e1kazn\u00edci v \u010cesk\u00e9 republice maj\u00ed dostupn\u00e9 i sb\u011bratelsk\u00e9 s\u00e9rie Mercedes-Maybach S 680, jako ji\u017e d\u0159\u00edve \u00fasp\u011b\u0161n\u011b uveden\u00e9 Edition 100 <a href=\"https:\/\/media.mercedes-benz.cz\/tiskova-zprava\/v-cesku-se-vydrazil-mercedes-maybach-edition-100\">s\u00a0p\u0159esahem v\u00a0podob\u011b charitativn\u00ed aukce<\/a>\u00a0\u010di mimo\u0159\u00e1dn\u00e9 designov\u00e9 exempl\u00e1\u0159e Maybach by Virgil Abloh a Haute Voiture.<\/p>\n<p><img loading=\"lazy\" decoding=\"async\" class=\"alignnone size-medium wp-image-7912\" src=\"http:\/\/www.automakers.cz\/wp-content\/uploads\/2024\/10\/large_MG_97251_fde10d145d-900x600.webp\" alt=\"\" width=\"900\" height=\"600\" srcset=\"https:\/\/www.automakers.cz\/wp-content\/uploads\/2024\/10\/large_MG_97251_fde10d145d-900x600.webp 900w, https:\/\/www.automakers.cz\/wp-content\/uploads\/2024\/10\/large_MG_97251_fde10d145d-768x512.webp 768w, https:\/\/www.automakers.cz\/wp-content\/uploads\/2024\/10\/large_MG_97251_fde10d145d.webp 1000w\" sizes=\"auto, (max-width: 900px) 100vw, 900px\" \/><\/p>\n<p><strong>Modern\u00ed technologie T\u0159\u00eddy S ve zkratce<\/strong><\/p>\n<p><strong>Autonomn\u00ed \u0159\u00edzen\u00ed \u00farovn\u011b 3 (SAE Level 3):\u00a0<\/strong>Mercedes-Benz T\u0159\u00eddy S\u00a0je prvn\u00edm vozem na sv\u011bt\u011b, kter\u00fd z\u00edskal certifikovan\u00fd syst\u00e9m \u00farovn\u011b 3 na sv\u011bt\u011b. Syst\u00e9m DRIVE PILOT je v\u00a0sou\u010dasnosti dostupn\u00fd jako voliteln\u00e1 v\u00fdbava v\u00a0zem\u00edch, kter\u00e9 legislativn\u011b umo\u017e\u0148uj\u00ed jeho provoz, tedy v\u00a0N\u011bmecku a USA. Od z\u00e1\u0159\u00ed 2024 pracuje a\u017e do rychlosti 95\u00a0km\/h a st\u00e1vaj\u00edc\u00edm z\u00e1kazn\u00edk\u016fm bude upgradov\u00e1n na d\u00e1lku (OTA), jakmile dojde k\u00a0schv\u00e1len\u00ed p\u0159\u00edslu\u0161n\u00fdmi org\u00e1ny.<\/p>\n<p><strong>3D Displej \u0159idi\u010de:<\/strong>\u00a0Tento displej vytv\u00e1\u0159\u00ed t\u0159et\u00ed rozm\u011br kombinac\u00ed b\u011b\u017en\u00e9ho LCD se speci\u00e1ln\u00ed pixelovou strukturou, kter\u00e1 pomoc\u00ed zabudovan\u00e9ho kamerov\u00e9ho syst\u00e9mu reaguje na pozici o\u010d\u00ed \u0159idi\u010de.<\/p>\n<p><strong>4D Zvukov\u00fd syst\u00e9m:\u00a0<\/strong>Syst\u00e9m\u00a0Burmester\u00ae 4D obsahuje 31 reproduktor\u016f, v\u010detn\u011b t\u011bch v sedadlech. Vytv\u00e1\u0159\u00ed obklopuj\u00edc\u00ed zvukov\u00fd z\u00e1\u017eitek s mo\u017enost\u00ed individu\u00e1ln\u00edho nastaven\u00ed intenzity pro ka\u017ed\u00e9 sedadlo.<\/p>\n<p><strong>Head-Up Displej s\u00a0roz\u0161\u00ed\u0159enou realitou (AR-HUD):<\/strong>\u00a0Velk\u00fd virtu\u00e1ln\u00ed displej odpov\u00edd\u00e1 \u00fahlop\u0159\u00ed\u010dce 77 palc\u016f a ve vzd\u00e1lenosti 10 metr\u016f p\u0159\u00edjemn\u00e9 pro o\u010di umo\u017e\u0148uje vyu\u017eit\u00ed roz\u0161\u00ed\u0159en\u00e9 reality pro navigaci a asistenci \u0159idi\u010de.<\/p>\n<p><strong>E-ACTIVE BODY CONTROL:<\/strong>\u00a0Tento syst\u00e9m p\u0159id\u00e1v\u00e1 hydraulickou podporu k vzduchov\u00e9mu p\u00e9rov\u00e1n\u00ed a okam\u017eit\u011b upravuje charakteristiku tlumen\u00ed. V\u00fdsledkem je lep\u0161\u00ed ovladatelnost a komfort na r\u016fzn\u00fdch typech cest.<\/p>\n<p><strong>Zadn\u00ed airbagy:<\/strong>\u00a0Tubul\u00e1rn\u00ed airbagy pro cestuj\u00edc\u00ed vzadu se rychle nafukuj\u00ed a poskytuj\u00ed novou \u00farove\u0148 ochrany. Zvy\u0161uj\u00ed \u00fa\u010dinnost bezpe\u010dnostn\u00edch p\u00e1s\u016f a chr\u00e1n\u00ed hlavu a krk cestuj\u00edc\u00edch na zadn\u00edch sedadlech.<\/p>\n<p><strong>St\u0159edov\u00fd airbag:<\/strong>\u00a0P\u0159i siln\u00e9m bo\u010dn\u00edm n\u00e1razu se tento airbag nafoukne mezi sedadly \u0159idi\u010de a spolujezdce, \u010d\u00edm\u017e sni\u017euje riziko kontaktu v\u00a0oblasti hlavy. Aktivuje se na z\u00e1klad\u011b z\u00e1va\u017enosti n\u00e1razu a obsazen\u00ed sedadel.<\/p>\n<p><strong>\u0158\u00edzen\u00ed zadn\u00ed n\u00e1pravy:<\/strong>\u00a0Pracuje v rozsahu 10 stup\u0148\u016f, p\u0159i\u010dem\u017e se m\u011bn\u00ed z protism\u011brn\u00e9ho na stejnosm\u011brn\u00e9 \u0159\u00edzen\u00ed podle rychlosti a podm\u00ednek j\u00edzdy. P\u0159i ot\u00e1\u010den\u00ed sni\u017euje polom\u011br a\u017e o 2 metry.<\/p>\n<p><strong>PRE-SAFE\u00ae Impulse Side:<\/strong>\u00a0Tato funkce zvedne karoserii vozu a\u017e o 80 mm bezprost\u0159edn\u011b p\u0159ed bo\u010dn\u00edm n\u00e1razem, co\u017e sni\u017euje deformaci dve\u0159\u00ed a zat\u00ed\u017een\u00ed cestuj\u00edc\u00edch. Pou\u017e\u00edv\u00e1 radarov\u00e9 senzory a syst\u00e9m E-ACTIVE BODY CONTROL.<\/p>\n<p><strong>Z\u00e1kladn\u00ed p\u0159ehled pohonn\u00fdch jednotek T\u0159\u00eddy S<\/strong><\/p>\n<p>T\u0159\u00edda S\u00a0vynik\u00e1 tak\u00e9 v\u00a0\u0161irok\u00e9 mo\u017enosti konfigurac\u00ed: v\u016fz nab\u00edz\u00ed dv\u011b d\u00e9lky rozvoru od Mercedes-Benz, pohon zadn\u00edch nebo v\u0161ech kol a\u00a0obs\u00e1hl\u00e9 spektrum z\u00e1\u017eehov\u00fdch nebo vzn\u011btov\u00fdch \u0161esti- a\u017e dvan\u00e1ctiv\u00e1lcov\u00fdch motor\u016f, v\u010detn\u011b mild hybridn\u00edch nebo\u00a0plug-in hybridn\u00edch variant.<\/p>\n<p><img loading=\"lazy\" decoding=\"async\" class=\"alignnone size-medium wp-image-7913\" src=\"http:\/\/www.automakers.cz\/wp-content\/uploads\/2024\/10\/IMG_82231-900x600.jpg\" alt=\"\" width=\"900\" height=\"600\" srcset=\"https:\/\/www.automakers.cz\/wp-content\/uploads\/2024\/10\/IMG_82231-900x600.jpg 900w, https:\/\/www.automakers.cz\/wp-content\/uploads\/2024\/10\/IMG_82231-1024x683.jpg 1024w, https:\/\/www.automakers.cz\/wp-content\/uploads\/2024\/10\/IMG_82231-768x512.jpg 768w, https:\/\/www.automakers.cz\/wp-content\/uploads\/2024\/10\/IMG_82231-1536x1024.jpg 1536w, https:\/\/www.automakers.cz\/wp-content\/uploads\/2024\/10\/IMG_82231-2048x1365.jpg 2048w\" sizes=\"auto, (max-width: 900px) 100vw, 900px\" \/><\/p>\n","protected":false},"excerpt":{"rendered":"<p>Mercedes-Benz T\u0159\u00eddy S je synonymem toho nejlep\u0161\u00edho od n\u011bmeck\u00e9 automobilky od roku 1972. Klientela v&#8230;<\/p>\n","protected":false},"author":2,"featured_media":7910,"comment_status":"closed","ping_status":"closed","sticky":false,"template":"","format":"standard","meta":{"footnotes":""},"categories":[48,10],"tags":[],"class_list":["post-7907","post","type-post","status-publish","format-standard","has-post-thumbnail","hentry","category-registrace","category-statistika"],"_links":{"self":[{"href":"https:\/\/www.automakers.cz\/index.php?rest_route=\/wp\/v2\/posts\/7907","targetHints":{"allow":["GET"]}}],"collection":[{"href":"https:\/\/www.automakers.cz\/index.php?rest_route=\/wp\/v2\/posts"}],"about":[{"href":"https:\/\/www.automakers.cz\/index.php?rest_route=\/wp\/v2\/types\/post"}],"author":[{"embeddable":true,"href":"https:\/\/www.automakers.cz\/index.php?rest_route=\/wp\/v2\/users\/2"}],"replies":[{"embeddable":true,"href":"https:\/\/www.automakers.cz\/index.php?rest_route=%2Fwp%2Fv2%2Fcomments&post=7907"}],"version-history":[{"count":3,"href":"https:\/\/www.automakers.cz\/index.php?rest_route=\/wp\/v2\/posts\/7907\/revisions"}],"predecessor-version":[{"id":7998,"href":"https:\/\/www.automakers.cz\/index.php?rest_route=\/wp\/v2\/posts\/7907\/revisions\/7998"}],"wp:featuredmedia":[{"embeddable":true,"href":"https:\/\/www.automakers.cz\/index.php?rest_route=\/wp\/v2\/media\/7910"}],"wp:attachment":[{"href":"https:\/\/www.automakers.cz\/index.php?rest_route=%2Fwp%2Fv2%2Fmedia&parent=7907"}],"wp:term":[{"taxonomy":"category","embeddable":true,"href":"https:\/\/www.automakers.cz\/index.php?rest_route=%2Fwp%2Fv2%2Fcategories&post=7907"},{"taxonomy":"post_tag","embeddable":true,"href":"https:\/\/www.automakers.cz\/index.php?rest_route=%2Fwp%2Fv2%2Ftags&post=7907"}],"curies":[{"name":"wp","href":"https:\/\/api.w.org\/{rel}","templated":true}]}}