{"id":7946,"date":"2024-10-15T08:48:34","date_gmt":"2024-10-15T08:48:34","guid":{"rendered":"https:\/\/www.automakers.cz\/?p=7946"},"modified":"2024-10-15T08:49:24","modified_gmt":"2024-10-15T08:49:24","slug":"cdv-bylo-oceneno-na-evropske-urovni","status":"publish","type":"post","link":"https:\/\/www.automakers.cz\/?p=7946","title":{"rendered":"Centrum dopravn\u00edho v\u00fdzkumu veze cenu"},"content":{"rendered":"<p><strong>Centrum dopravn\u00edho v\u00fdzkumu (CDV) z\u00edskalo v \u0159\u00edjnu presti\u017en\u00ed ocen\u011bn\u00ed \u201eDobr\u00e1 praxe m\u011bs\u00edce\u201c za svou komplexn\u00ed a inovativn\u00ed Strategii bezpe\u010dnosti silni\u010dn\u00edho provozu Zl\u00ednsk\u00e9ho kraje 2022-2030.<\/strong><!--more--><\/p>\n<p>Toto ocen\u011bn\u00ed je sou\u010d\u00e1st\u00ed evropsk\u00e9 iniciativy zam\u011b\u0159en\u00e9 na sd\u00edlen\u00ed nejlep\u0161\u00edch postup\u016f v oblasti bezpe\u010dnosti silni\u010dn\u00edho provozu. Evropsk\u00e1 charta bezpe\u010dnosti silni\u010dn\u00edho provozu je spole\u010denstv\u00edm v\u00edce ne\u017e 4 000 subjekt\u016f a jednotlivc\u016f, kter\u00e9 podporuje Evropsk\u00e1 komise za \u00fa\u010delem zv\u00fd\u0161en\u00ed bezpe\u010dnosti silni\u010dn\u00edho provozu v cel\u00e9 EU i mimo ni.<\/p>\n<p><i>\u201eZl\u00ednsk\u00fd kraj se odv\u00e1\u017en\u011b zhostil v\u00fdzvy sn\u00ed\u017eit po\u010det \u00famrt\u00ed a t\u011b\u017ek\u00fdch zran\u011bn\u00ed na silnic\u00edch na polovinu do roku 2030 a t\u00e9m\u011b\u0159 na nulu do roku 2050. Tato strategie je v souladu s ambici\u00f3zn\u00edmi c\u00edli Evropsk\u00e9 unie a p\u0159edstavuje v\u00fdznamn\u00fd krok sm\u011brem k bezpe\u010dn\u011bj\u0161\u00edm silnic\u00edm pro v\u0161echny,\u201c<\/i>\u00a0uv\u00e1d\u00ed Ond\u0159ej Valach z CDV, hlavn\u00ed \u0159e\u0161itel t\u00e9to Strategie a dod\u00e1v\u00e1:\u00a0<i>\u201e\u00dasp\u011bch tohoto projektu ukazuje, \u017ee je mo\u017en\u00e9 dos\u00e1hnout v\u00fdznamn\u00e9ho pokroku v oblasti bezpe\u010dnosti silni\u010dn\u00edho provozu i na region\u00e1ln\u00ed \u00farovni a m\u016f\u017ee slou\u017eit jako inspirace pro dal\u0161\u00ed regiony a m\u011bsta v \u010cesk\u00e9 republice i v cel\u00e9 Evrop\u011b.\u201c<\/i><\/p>\n<p>Zl\u00ednsk\u00fd kraj se zhostil v\u00fdzvy sn\u00ed\u017eit po\u010det \u00famrt\u00ed a t\u011b\u017ek\u00fdch zran\u011bn\u00ed na silnic\u00edch na polovinu do roku 2030 a t\u00e9m\u011b\u0159 na nulu do roku 2050. Tato strategie je v souladu s ambici\u00f3zn\u00edmi c\u00edli Evropsk\u00e9 unie a p\u0159edstavuje v\u00fdznamn\u00fd krok sm\u011brem k bezpe\u010dn\u011bj\u0161\u00edm silnic\u00edm pro v\u0161echny.<\/p>\n<p>Krajsk\u00e1 strategie je transponovan\u00e1 z n\u00e1rodn\u00ed \u00farovn\u011b, mimo ni bylo CDV zpracovatelem tak\u00e9 m\u00edstn\u00edch strategi\u00ed nap\u0159. v Otrokovic\u00edch, Vala\u0161sk\u00e9m Mezi\u0159\u00ed\u010d\u00ed, Vizovic\u00edch, Krom\u011b\u0159\u00ed\u017ei a Horou\u0161anech. Realizace aktivit v oblasti bezpe\u010dnosti silni\u010dn\u00edho provozu je kl\u00ed\u010dov\u00e1 nejen na n\u00e1rodn\u00ed \u00farovni, pro syst\u00e9movou a efektivn\u00ed podporu kraj\u016f a m\u011bst jsou <a href=\"https:\/\/www.besip.cz\/Pro-odborniky\/Kraje-a-obce\">na webov\u00fdch str\u00e1nk\u00e1ch Samostatn\u00e9ho odd\u011blen\u00ed BESIP Ministerstva dopravy<\/a>\u00a0bezplatn\u011b k dispozici materi\u00e1ly.<\/p>\n<p><strong>Kl\u00ed\u010dov\u00e9 prvky:<\/strong><\/p>\n<ul>\n<li><strong>Komplexn\u00ed p\u0159\u00edstup:\u00a0<\/strong>Strategie se zam\u011b\u0159uje na \u0159adu faktor\u016f ovliv\u0148uj\u00edc\u00edch bezpe\u010dnost silni\u010dn\u00edho provozu, v\u010detn\u011b rychlosti, infrastruktury, chov\u00e1n\u00ed \u0159idi\u010d\u016f a technologi\u00ed.<\/li>\n<li><b>Inovativn\u00ed n\u00e1stroje:<\/b>\u00a0Projekt vyu\u017e\u00edv\u00e1 pokro\u010dil\u00e9 analytick\u00e9 n\u00e1stroje, jako je\u00a0<a href=\"https:\/\/www.kdeplus.cz\/cz\/method\">metoda KDE+<\/a>, kter\u00e1 umo\u017e\u0148uje p\u0159esn\u011b identifikovat rizikov\u00e9 oblasti a c\u00edlit bezpe\u010dnostn\u00ed opat\u0159en\u00ed tam, kde jsou nejv\u00edce pot\u0159eba.<\/li>\n<li><b>Spolupr\u00e1ce:<\/b>\u00a0\u00dasp\u011bch strategie je zalo\u017een na siln\u00e9 spolupr\u00e1ci mezi r\u016fzn\u00fdmi subjekty, v\u010detn\u011b krajsk\u00fdch \u00fa\u0159ad\u016f, obc\u00ed, policie a dal\u0161\u00edch zainteresovan\u00fdch stran.<\/li>\n<\/ul>\n<p><strong>\u010c\u00edm je tento projekt tak v\u00fdjime\u010dn\u00fd?<\/strong><\/p>\n<ul>\n<li><strong>D\u016fkazn\u00ed z\u00e1klad:\u00a0<\/strong>Strategie je zalo\u017eena na d\u016fkladn\u00e9 anal\u00fdze dat a identifikaci hlavn\u00edch p\u0159\u00ed\u010din nehod.<\/li>\n<li><b>C\u00edlen\u00e9 z\u00e1sahy:\u00a0<\/b>M\u00edsto obecn\u00fdch opat\u0159en\u00ed se Strategie zam\u011b\u0159uje na konkr\u00e9tn\u00ed probl\u00e9my a hled\u00e1 pro n\u011b efektivn\u00ed \u0159e\u0161en\u00ed.<\/li>\n<li><b>Dlouhodob\u00fd v\u00fdhled:\u00a0<\/b>Strategie je navr\u017eena tak, aby p\u0159inesla trval\u00e9 v\u00fdsledky a p\u0159isp\u011bla k dlouhodob\u00e9 bezpe\u010dnosti silni\u010dn\u00edho provozu v regionu.<\/li>\n<\/ul>\n<p>Tak jako je kl\u00ed\u010dov\u00e9 je p\u0159enesen\u00ed Strategie z n\u00e1rodn\u00ed \u00farovn\u011b do \u00farovn\u00ed krajsk\u00fdch a m\u00edstn\u00edch, vn\u00edm\u00e1me pot\u0159ebu inspirovat se v zahrani\u010d\u00ed.\u00a0<i>\u201eTak\u00e9 proto jsme v leto\u0161n\u00edm roce za\u010dali ve spolupr\u00e1ci se Samostatn\u00fdm odd\u011blen\u00edm BESIP Ministerstva dopravy zpracov\u00e1vat a zve\u0159ej\u0148ovat\u00a0<a href=\"https:\/\/www.besip.cz\/Pro-odborniky\/Zpravodaj\">Zpravodaj Bezpe\u010dn\u00e1 doprava<\/a>. Jedn\u00e1 se o monitoring zam\u011b\u0159en\u00fd na bezpe\u010dnost silni\u010dn\u00edho provozu u n\u00e1s a ve sv\u011bt\u011b. Ka\u017ed\u00e9 vyd\u00e1n\u00ed obsahuje aktu\u00e1ln\u00ed informaci o pln\u011bn\u00ed Strategie BESIP 2021-2030, kter\u00e1 se zam\u011b\u0159uje na pln\u011bn\u00ed strategick\u00fdch c\u00edl\u016f a kl\u00ed\u010dov\u00fdch ukazatel\u016f, specifick\u00e9 t\u00e9ma \u010d\u00edsla, za\u0159azeny jsou v\u00fdzkumn\u00e9 aktivity CDV a v z\u00e1v\u011bre\u010dn\u00e9 kapitole pak p\u0159ehled novinek ze zahrani\u010d\u00ed, kter\u00e9 maj\u00ed vazbu na bezpe\u010dnost silni\u010dn\u00edho provozu. Zpravodaj je vyd\u00e1v\u00e1n kvart\u00e1ln\u011b, v uplynul\u00fdch t\u0159ech \u010d\u00edslech jsme se v\u011bnovali p\u0159edstaven\u00ed u\u017eite\u010dn\u00fdch web\u016f se zam\u011b\u0159en\u00edm na oblast BESIP, terapeutick\u00fdm program\u016fm, kter\u00e9 byly v \u010cesku spu\u0161t\u011bny a zdravotn\u011b znev\u00fdhodn\u011bn\u00fdm v provozu, v n\u00e1sleduj\u00edc\u00edm \u010d\u00edsle, kter\u00e9 bude zve\u0159ejn\u011bno na konci \u0159\u00edjna p\u0159edstav\u00edme Hloubkovou anal\u00fdzu dopravn\u00edch nehod,\u201c<\/i>\u00a0dopl\u0148uje Luk\u00e1\u0161 Kadula z CDV.<\/p>\n<p><img loading=\"lazy\" decoding=\"async\" title=\"Centrum dopravn\u00edho v\u00fdzkumu bylo ocen\u011bno na evropsk\u00e9 \u00farovni za Strategii bezpe\u010dnosti silni\u010dn\u00edho provozu Zl\u00ednsk\u00e9ho kraje_obr1\" src=\"https:\/\/www.cdv.cz\/image\/centrum-dopravniho-vyzkumu-bylo-oceneno-na-evropske-urovni-za-strategii-bezpecnosti-silnicniho-provozu-zlinskeho-kraje-obr1\/\" alt=\"Centrum dopravn\u00edho v\u00fdzkumu bylo ocen\u011bno na evropsk\u00e9 \u00farovni za Strategii bezpe\u010dnosti silni\u010dn\u00edho provozu Zl\u00ednsk\u00e9ho kraje_obr1\" width=\"1472\" height=\"826\" \/><\/p>\n","protected":false},"excerpt":{"rendered":"<p>Centrum dopravn\u00edho v\u00fdzkumu (CDV) z\u00edskalo v \u0159\u00edjnu presti\u017en\u00ed ocen\u011bn\u00ed \u201eDobr\u00e1 praxe m\u011bs\u00edce\u201c za svou komplexn\u00ed&#8230;<\/p>\n","protected":false},"author":2,"featured_media":7947,"comment_status":"closed","ping_status":"closed","sticky":false,"template":"","format":"standard","meta":{"footnotes":""},"categories":[47,26],"tags":[],"class_list":["post-7946","post","type-post","status-publish","format-standard","has-post-thumbnail","hentry","category-doprava","category-eventy"],"_links":{"self":[{"href":"https:\/\/www.automakers.cz\/index.php?rest_route=\/wp\/v2\/posts\/7946","targetHints":{"allow":["GET"]}}],"collection":[{"href":"https:\/\/www.automakers.cz\/index.php?rest_route=\/wp\/v2\/posts"}],"about":[{"href":"https:\/\/www.automakers.cz\/index.php?rest_route=\/wp\/v2\/types\/post"}],"author":[{"embeddable":true,"href":"https:\/\/www.automakers.cz\/index.php?rest_route=\/wp\/v2\/users\/2"}],"replies":[{"embeddable":true,"href":"https:\/\/www.automakers.cz\/index.php?rest_route=%2Fwp%2Fv2%2Fcomments&post=7946"}],"version-history":[{"count":5,"href":"https:\/\/www.automakers.cz\/index.php?rest_route=\/wp\/v2\/posts\/7946\/revisions"}],"predecessor-version":[{"id":8000,"href":"https:\/\/www.automakers.cz\/index.php?rest_route=\/wp\/v2\/posts\/7946\/revisions\/8000"}],"wp:featuredmedia":[{"embeddable":true,"href":"https:\/\/www.automakers.cz\/index.php?rest_route=\/wp\/v2\/media\/7947"}],"wp:attachment":[{"href":"https:\/\/www.automakers.cz\/index.php?rest_route=%2Fwp%2Fv2%2Fmedia&parent=7946"}],"wp:term":[{"taxonomy":"category","embeddable":true,"href":"https:\/\/www.automakers.cz\/index.php?rest_route=%2Fwp%2Fv2%2Fcategories&post=7946"},{"taxonomy":"post_tag","embeddable":true,"href":"https:\/\/www.automakers.cz\/index.php?rest_route=%2Fwp%2Fv2%2Ftags&post=7946"}],"curies":[{"name":"wp","href":"https:\/\/api.w.org\/{rel}","templated":true}]}}