{"id":7960,"date":"2024-10-14T09:01:11","date_gmt":"2024-10-14T09:01:11","guid":{"rendered":"https:\/\/www.automakers.cz\/?p=7960"},"modified":"2024-10-14T16:33:49","modified_gmt":"2024-10-14T16:33:49","slug":"forum-karlin-hostilo-elektromobilni-konferenci","status":"publish","type":"post","link":"https:\/\/www.automakers.cz\/?p=7960","title":{"rendered":"Forum Karl\u00edn hostilo elektromobiln\u00ed konferenci"},"content":{"rendered":"<p><strong>Forum Karl\u00edn hostilo sedm\u00fd ro\u010dn\u00edk elektromobiln\u00ed konference <\/strong><strong>o sou\u010dasnosti a budoucnosti bateriov\u00e9 a vod\u00edkov\u00e9 elektromobility. Sv\u016fj dojem z akce sd\u00edlel na s\u00edti LinkedIn \u0161\u00e9f Kia Czech Arno\u0161t Barna.<\/strong><!--more--><\/p>\n<p>Konference v\u011bnovala tradi\u010dn\u00ed \u201eelektromobiln\u00ed agend\u011b\u201c, jako je elektrifikace fleet\u016f nebo rozvoj dob\u00edjec\u00ed infrastruktury, ale zam\u011b\u0159ila se i na aktu\u00e1ln\u00ed t\u00e9mata, jako je rychl\u00fd n\u00e1stup \u010d\u00ednsk\u00fdch zna\u010dek a nast\u00e1vaj\u00edc\u00ed cenov\u00e1 srovnatelnost elektromobil\u016f se spalovac\u00edmi vozidly. Sou\u010d\u00e1st\u00ed programu byla i elektrifikace n\u00e1kladn\u00ed dopravy a elektromobilita ve m\u011bstech.<\/p>\n<p>&#8222;F\u00f3rum Elektromobility je rok od roku zaj\u00edmav\u011bj\u0161\u00ed. Letos jsem op\u011bt dostal p\u0159\u00edle\u017eitost zasednout v panelov\u00e9 diskuzi. Je skv\u011bl\u00e9 vid\u011bt, jak se elektromobilita neust\u00e1le posouv\u00e1 kup\u0159edu. Nab\u00eddka BEV model\u016f se roz\u0161i\u0159uje, zlep\u0161uje se infrastruktura dob\u00edjec\u00edch bod\u016f, optimalizuje se nab\u00eddka financov\u00e1n\u00ed a firmy se o n\u00e1kup elektrick\u00fdch voz\u016f v\u00edce zaj\u00edmaj\u00ed i d\u00edky prob\u00edhaj\u00edc\u00ed st\u00e1tn\u00ed podpo\u0159e,&#8220; zhodnotil akci Barna.<\/p>\n<p>&#8222;D\u00edky akc\u00edm jako je tato se zvy\u0161uje pov\u011bdom\u00ed o sm\u011b\u0159ov\u00e1n\u00ed mobility do budoucna, \u0161irok\u00e1 ve\u0159ejnost se tak\u00e9 dostane k informac\u00edm o technick\u00e9 vysp\u011blosti modern\u00edch elektrovoz\u016f, mezi kter\u00e9 pat\u0159\u00ed dlouh\u00fd dojezd na jedno dobit\u00ed, kr\u00e1tk\u00fd \u010das pot\u0159ebn\u00fd k dobit\u00ed akumul\u00e1toru, celkov\u00e1 \u00faspora n\u00e1klad\u016f za dobu \u017eivotnosti vozu,&#8220; uvedl \u0159editel Kia Czech.<\/p>\n<p>Kia vystavila v Karl\u00edn\u011b elektromobily EV6 a EV9.<\/p>\n<p><strong>Zdroj: LinkedIn, Arno\u0161t Barna<br \/>\n<\/strong><\/p>\n<p><img loading=\"lazy\" decoding=\"async\" class=\"alignnone size-medium wp-image-7962\" src=\"http:\/\/www.automakers.cz\/wp-content\/uploads\/2024\/10\/Barna-Forum-elektromobilita-507x900.jpg\" alt=\"\" width=\"507\" height=\"900\" srcset=\"https:\/\/www.automakers.cz\/wp-content\/uploads\/2024\/10\/Barna-Forum-elektromobilita-507x900.jpg 507w, https:\/\/www.automakers.cz\/wp-content\/uploads\/2024\/10\/Barna-Forum-elektromobilita-577x1024.jpg 577w, https:\/\/www.automakers.cz\/wp-content\/uploads\/2024\/10\/Barna-Forum-elektromobilita-768x1363.jpg 768w, https:\/\/www.automakers.cz\/wp-content\/uploads\/2024\/10\/Barna-Forum-elektromobilita.jpg 800w\" sizes=\"auto, (max-width: 507px) 100vw, 507px\" \/><\/p>\n","protected":false},"excerpt":{"rendered":"<p>Forum Karl\u00edn hostilo sedm\u00fd ro\u010dn\u00edk elektromobiln\u00ed konference o sou\u010dasnosti a budoucnosti bateriov\u00e9 a vod\u00edkov\u00e9 elektromobility&#8230;.<\/p>\n","protected":false},"author":1,"featured_media":7965,"comment_status":"closed","ping_status":"closed","sticky":false,"template":"","format":"standard","meta":{"footnotes":""},"categories":[9,11,22],"tags":[],"class_list":["post-7960","post","type-post","status-publish","format-standard","has-post-thumbnail","hentry","category-elektromobily","category-importeri","category-konference"],"_links":{"self":[{"href":"https:\/\/www.automakers.cz\/index.php?rest_route=\/wp\/v2\/posts\/7960","targetHints":{"allow":["GET"]}}],"collection":[{"href":"https:\/\/www.automakers.cz\/index.php?rest_route=\/wp\/v2\/posts"}],"about":[{"href":"https:\/\/www.automakers.cz\/index.php?rest_route=\/wp\/v2\/types\/post"}],"author":[{"embeddable":true,"href":"https:\/\/www.automakers.cz\/index.php?rest_route=\/wp\/v2\/users\/1"}],"replies":[{"embeddable":true,"href":"https:\/\/www.automakers.cz\/index.php?rest_route=%2Fwp%2Fv2%2Fcomments&post=7960"}],"version-history":[{"count":7,"href":"https:\/\/www.automakers.cz\/index.php?rest_route=\/wp\/v2\/posts\/7960\/revisions"}],"predecessor-version":[{"id":7996,"href":"https:\/\/www.automakers.cz\/index.php?rest_route=\/wp\/v2\/posts\/7960\/revisions\/7996"}],"wp:featuredmedia":[{"embeddable":true,"href":"https:\/\/www.automakers.cz\/index.php?rest_route=\/wp\/v2\/media\/7965"}],"wp:attachment":[{"href":"https:\/\/www.automakers.cz\/index.php?rest_route=%2Fwp%2Fv2%2Fmedia&parent=7960"}],"wp:term":[{"taxonomy":"category","embeddable":true,"href":"https:\/\/www.automakers.cz\/index.php?rest_route=%2Fwp%2Fv2%2Fcategories&post=7960"},{"taxonomy":"post_tag","embeddable":true,"href":"https:\/\/www.automakers.cz\/index.php?rest_route=%2Fwp%2Fv2%2Ftags&post=7960"}],"curies":[{"name":"wp","href":"https:\/\/api.w.org\/{rel}","templated":true}]}}