{"id":7991,"date":"2024-10-14T16:06:46","date_gmt":"2024-10-14T16:06:46","guid":{"rendered":"https:\/\/www.automakers.cz\/?p=7991"},"modified":"2024-10-14T16:27:50","modified_gmt":"2024-10-14T16:27:50","slug":"stellantis-meni-vedeni-a-hleda-noveho-sefa","status":"publish","type":"post","link":"https:\/\/www.automakers.cz\/?p=7991","title":{"rendered":"Stellantis m\u011bn\u00ed veden\u00ed a hled\u00e1 nov\u00e9ho \u0161\u00e9fa"},"content":{"rendered":"<p><strong><span class=\"highlight-E5id0 highlight-E5M\">\u0160\u00e9f<\/span> automobilky <span class=\"highlight-E1id11 highlight-E4id1 highlight-E1M highlight-E4M\">Stellantis<\/span> <span class=\"highlight-E2id0 highlight-E2M\">Carlos<\/span> <span class=\"highlight-query highlight-E2id0 highlight-E2M\">Tavares<\/span> (66) odejde z funkce, a\u017e mu v roce 2026 vypr\u0161\u00ed kontrakt. Firma z\u00e1rove\u0148 provedla okam\u017eit\u00e9 zm\u011bny ve veden\u00ed. Akcie podniku jsou v posledn\u00ed dob\u011b pod zv\u00fd\u0161en\u00fdm tlakem, zejm\u00e9na kv\u016fli neuspokojiv\u00fdm v\u00fdsledk\u016fm v <span class=\"highlight-E0id0 highlight-E0M\">Severn\u00ed<\/span> <span class=\"highlight-E0id0 highlight-E0M\">Americe<\/span>, uvedla <span class=\"highlight-E1id0 highlight-E4id0 highlight-E1M highlight-E4M\">agentura<\/span> <span class=\"highlight-E4id0 highlight-E1id0 highlight-E4M highlight-E1M\">Reuters<\/span>.<\/strong><!--more--><\/p>\n<p>V r\u00e1mci okam\u017eit\u00fdch person\u00e1ln\u00edch zm\u011bn te\u010f automobilku opou\u0161t\u00ed finan\u010dn\u00ed <span class=\"highlight-E5id1 highlight-E5M\">\u0159editelka<\/span> Natalie Knightov\u00e1. Ve funkci ji nahrad\u00ed <span class=\"highlight-E5id2 highlight-E5M\">provozn\u00ed<\/span> <span class=\"highlight-E5id2 highlight-E5M\">\u0159editel<\/span> \u010d\u00ednsk\u00e9 divize Doug Osterman.<\/p>\n<p><span class=\"highlight-E5id2 highlight-E5M\">Provozn\u00edm<\/span> <span class=\"highlight-E5id2 highlight-E5M\">\u0159editelem<\/span> severoamerick\u00fdch aktivit firma jmenovala <span class=\"highlight-E5id0 highlight-E5M\">\u0161\u00e9fa<\/span> zna\u010dky <span class=\"highlight-E1id6 highlight-E4id1 highlight-E1M highlight-E4M\">Jeep<\/span> Antonia Filosu, kter\u00fd tak ve funkci vyst\u0159\u00edd\u00e1 Carlose Zarlengu.<\/p>\n<p>Minul\u00fd t\u00fdden automobilka zhor\u0161ila celoro\u010dn\u00ed v\u00fdhled. Akcie spole\u010dnosti dnes navzdory ohl\u00e1\u0161en\u00fdm person\u00e1ln\u00edm zm\u011bn\u00e1m pokra\u010dovaly v poklesu, na burze v <span class=\"highlight-E0id1 highlight-E0M\">Mil\u00e1n\u011b<\/span> oslabily o 2,8 procenta. Od za\u010d\u00e1tku leto\u0161n\u00edho roku tak ztratily u\u017e asi 45 procent sv\u00e9 hodnoty.<\/p>\n<p><span class=\"highlight-query highlight-E2id0 highlight-E2M\">Portugalec Tavares<\/span> stoj\u00ed v \u010dele spole\u010dnosti <span class=\"highlight-E1id11 highlight-E4id1 highlight-E1M highlight-E4M\">Stellantis<\/span> od jej\u00edho vzniku v roce 2021. Automobilka dosud uv\u00e1d\u011bla, \u017ee <span class=\"highlight-query highlight-E2id0 highlight-E2M\">Tavares<\/span> by mohl z\u016fstat v jej\u00edm \u010dele i po vypr\u0161en\u00ed nyn\u011bj\u0161\u00edho kontraktu. <span class=\"highlight-query highlight-E2id0 highlight-E2M\">Tavares<\/span> podle Caldata sice v \u010dele Stellantisu dos\u00e1hl mimo\u0159\u00e1dn\u00fdch \u00fasp\u011bch\u016f, ale te\u010f u\u017e nastal \u010das na radik\u00e1ln\u00ed zm\u011bnu.<\/p>\n<p><img loading=\"lazy\" decoding=\"async\" class=\"alignnone size-medium wp-image-7804\" src=\"http:\/\/www.automakers.cz\/wp-content\/uploads\/2024\/10\/7dni-Peugeot-small-900x474.jpg\" alt=\"\" width=\"900\" height=\"474\" srcset=\"https:\/\/www.automakers.cz\/wp-content\/uploads\/2024\/10\/7dni-Peugeot-small-900x474.jpg 900w, https:\/\/www.automakers.cz\/wp-content\/uploads\/2024\/10\/7dni-Peugeot-small-1024x539.jpg 1024w, https:\/\/www.automakers.cz\/wp-content\/uploads\/2024\/10\/7dni-Peugeot-small-768x404.jpg 768w, https:\/\/www.automakers.cz\/wp-content\/uploads\/2024\/10\/7dni-Peugeot-small-1536x808.jpg 1536w, https:\/\/www.automakers.cz\/wp-content\/uploads\/2024\/10\/7dni-Peugeot-small-2048x1078.jpg 2048w, https:\/\/www.automakers.cz\/wp-content\/uploads\/2024\/10\/7dni-Peugeot-small-720x380.jpg 720w\" sizes=\"auto, (max-width: 900px) 100vw, 900px\" \/><\/p>\n<p>Skupina <span class=\"highlight-E4id1 highlight-E1id11 highlight-E4M highlight-E1M\">Stellantis<\/span> je \u010dtvrt\u00fdm nejv\u011bt\u0161\u00edm <span class=\"highlight-E5id3 highlight-E5M\">v\u00fdrobcem<\/span> automobil\u016f na sv\u011bt\u011b. Vznikla za\u010d\u00e1tkem roku 2021 spojen\u00edm italsko-americk\u00e9 automobilky <span class=\"highlight-E1id1 highlight-E4id1 highlight-E1M highlight-E4M\">Fiat<\/span> <span class=\"highlight-E4id1 highlight-E1id1 highlight-E4M highlight-E1M\">Chrysler<\/span> <span class=\"highlight-E1id1 highlight-E4id1 highlight-E1M highlight-E4M\">Automobiles<\/span> (<span class=\"highlight-E4id1 highlight-E1id1 highlight-E4M highlight-E1M\">FCA<\/span>) a francouzsk\u00e9ho konkurenta PSA.<\/p>\n<p>F\u00faze dala dohromady zna\u010dky francouzsk\u00e9 skupiny <span class=\"highlight-E1id9 highlight-E1M\">Peugeot<\/span>, <span class=\"highlight-E1id10 highlight-E4id1 highlight-E1M highlight-E4M\">Citro\u00ebn<\/span>, <span class=\"highlight-E4id1 highlight-E1id8 highlight-E4id2 highlight-E4M highlight-E1M\">Opel<\/span> a DS se zna\u010dkami <span class=\"highlight-E4id1 highlight-E1id5 highlight-E4M highlight-E1M\">Fiat<\/span>, <span class=\"highlight-E1id2 highlight-E4id1 highlight-E1M highlight-E4M\">Chrysler<\/span>, <span class=\"highlight-E4id1 highlight-E1id6 highlight-E4M highlight-E1M\">Jeep<\/span>, <span class=\"highlight-E1id4 highlight-E4id1 highlight-E1M highlight-E4M\">Dodge<\/span>, <span class=\"highlight-E4id1 highlight-E1id7 highlight-E4M highlight-E1M\">Maserati<\/span>, <span class=\"highlight-E1id3 highlight-E4id1 highlight-E1M highlight-E4M\">Alfa<\/span> <span class=\"highlight-E4id1 highlight-E1id3 highlight-E4M highlight-E1M\">Romeo<\/span> \u010di RAM.<\/p>\n<p><strong>Zdroj: Reuters<\/strong><\/p>\n","protected":false},"excerpt":{"rendered":"<p>\u0160\u00e9f automobilky Stellantis Carlos Tavares (66) odejde z funkce, a\u017e mu v roce 2026 vypr\u0161\u00ed&#8230;<\/p>\n","protected":false},"author":1,"featured_media":778,"comment_status":"closed","ping_status":"closed","sticky":false,"template":"","format":"standard","meta":{"footnotes":""},"categories":[6,5],"tags":[],"class_list":["post-7991","post","type-post","status-publish","format-standard","has-post-thumbnail","hentry","category-management","category-personalie"],"_links":{"self":[{"href":"https:\/\/www.automakers.cz\/index.php?rest_route=\/wp\/v2\/posts\/7991","targetHints":{"allow":["GET"]}}],"collection":[{"href":"https:\/\/www.automakers.cz\/index.php?rest_route=\/wp\/v2\/posts"}],"about":[{"href":"https:\/\/www.automakers.cz\/index.php?rest_route=\/wp\/v2\/types\/post"}],"author":[{"embeddable":true,"href":"https:\/\/www.automakers.cz\/index.php?rest_route=\/wp\/v2\/users\/1"}],"replies":[{"embeddable":true,"href":"https:\/\/www.automakers.cz\/index.php?rest_route=%2Fwp%2Fv2%2Fcomments&post=7991"}],"version-history":[{"count":3,"href":"https:\/\/www.automakers.cz\/index.php?rest_route=\/wp\/v2\/posts\/7991\/revisions"}],"predecessor-version":[{"id":7995,"href":"https:\/\/www.automakers.cz\/index.php?rest_route=\/wp\/v2\/posts\/7991\/revisions\/7995"}],"wp:featuredmedia":[{"embeddable":true,"href":"https:\/\/www.automakers.cz\/index.php?rest_route=\/wp\/v2\/media\/778"}],"wp:attachment":[{"href":"https:\/\/www.automakers.cz\/index.php?rest_route=%2Fwp%2Fv2%2Fmedia&parent=7991"}],"wp:term":[{"taxonomy":"category","embeddable":true,"href":"https:\/\/www.automakers.cz\/index.php?rest_route=%2Fwp%2Fv2%2Fcategories&post=7991"},{"taxonomy":"post_tag","embeddable":true,"href":"https:\/\/www.automakers.cz\/index.php?rest_route=%2Fwp%2Fv2%2Ftags&post=7991"}],"curies":[{"name":"wp","href":"https:\/\/api.w.org\/{rel}","templated":true}]}}