{"id":8016,"date":"2024-10-15T13:52:03","date_gmt":"2024-10-15T13:52:03","guid":{"rendered":"https:\/\/www.automakers.cz\/?p=8016"},"modified":"2024-10-20T21:41:42","modified_gmt":"2024-10-20T21:41:42","slug":"dotacni-penize-na-elektromobily-vycerpany","status":"publish","type":"post","link":"https:\/\/www.automakers.cz\/?p=8016","title":{"rendered":"Dota\u010dn\u00ed pen\u00edze na elektromobily vy\u010derp\u00e1ny"},"content":{"rendered":"<p align=\"JUSTIFY\"><strong><span style=\"font-family: Times New Roman, serif;\"><span style=\"font-size: large;\">N\u00e1rodn\u00ed rozvojov\u00e1 banka na ja\u0159e spustila dotace na n\u00e1kup elektromobilu, <\/span><\/span><\/strong><strong><span style=\"color: #2d2d31;\"><span style=\"font-family: Times New Roman, serif;\"><span style=\"font-size: large;\">vod\u00edkov\u00e9ho vozu nebo nab\u00edjec\u00ed stanice <\/span><\/span><\/span><\/strong><strong><span style=\"font-family: Times New Roman, serif;\"><span style=\"font-size: large;\">pro firmy a \u017eivnostn\u00edky. C\u00edlem bylo vybudit z\u00e1jem o n\u00e1kup ekologickou mobilitu, program m\u011bl trvat a\u017e do z\u00e1\u0159\u00ed 2025. Pen\u00edze ale bance do\u0161ly u\u017e letos 14. \u0159\u00edjna v p\u016fl t\u0159et\u00ed odpoledne.<br \/>\n<\/span><\/span><\/strong><!--more--><\/p>\n<p align=\"JUSTIFY\"><span style=\"font-family: Times New Roman, serif;\"><span style=\"font-size: large;\">Dotace k\u00a0zaru\u010den\u00e9mu \u00fav\u011bru na jedno osobn\u00ed elektrick\u00e9 auto \u010dinila 200\u00a0tis\u00edc korun, na dod\u00e1vky a\u017e 300\u00a0tis\u00edc K\u010d. K tomu bylo mo\u017en\u00e9 \u017e\u00e1dat i o prost\u0159edky na po\u0159\u00edzen\u00ed dob\u00edje\u010dky. Celkov\u011b byly v osud\u00ed t\u00e9m\u011b\u0159 dv\u011b miliardy korun.<\/span><\/span><\/p>\n<p align=\"JUSTIFY\"><span style=\"font-family: Times New Roman, serif;\"><span style=\"font-size: large;\">Rozjezd dota\u010dn\u00ed v\u00fdzvy byl nejd\u0159\u00edve vla\u017en\u00fd, ale v l\u00e9t\u011b za\u010dal b\u00fdt z\u00e1jem o st\u00e1tn\u00ed podporu velk\u00fd. Registrace osobn\u00edch aut s alternativn\u00edm pohonem do z\u00e1\u0159\u00ed meziro\u010dn\u011b stouply podle statistik Svaz\u016f dovozc\u016f automobil\u016f (SDA) o 31,79 procenta (z 32 647 na 43 024 voz\u016f).<\/span><\/span><\/p>\n<p align=\"JUSTIFY\"><strong>Konec v p\u016fl t\u0159et\u00ed odpoledne<\/strong><\/p>\n<p align=\"JUSTIFY\"><span style=\"font-family: Times New Roman, serif;\"><span style=\"font-size: large;\"> Po\u010det registrovan\u00fdch \u010dist\u00fdch elektromobil\u016f p\u0159itom narostl dokonce o 42,53 procenta. <\/span><\/span><span style=\"color: #2d2d31;\"><span style=\"font-family: Times New Roman, serif;\"><span style=\"font-size: large;\">Za\u010d\u00e1tkem \u0159\u00edjna vydala N\u00e1rodn\u00ed rozvojov\u00e1 banka prohl\u00e1\u0161en\u00ed, \u017ee v r\u00e1mci programu zb\u00fdv\u00e1 u\u017e jen 10 % vyhrazen\u00fdch prost\u0159edk\u016f. A t\u00fdden na to u\u017e bylo v\u0161e vy\u010derp\u00e1no. \u010ctrn\u00e1ct\u00e9ho \u0159\u00edjna o p\u016fl t\u0159et\u00ed odpoledne pen\u00edze na dotace do\u0161ly. <\/span><\/span><\/span><\/p>\n<p align=\"JUSTIFY\"><span style=\"font-family: Times New Roman, serif;\"><span style=\"font-size: large;\">Jak je to mo\u017en\u00e9? \u201e\u0158ada import\u00e9r\u016f aut nasko\u010dila na situaci agres\u00edvn\u00edm marketingem a dok\u00e1zala nab\u00eddnout firm\u00e1m dostate\u010dn\u00fd po\u010det aut se zaj\u00edmavou dotovanou cenou. Nej\u00fasp\u011b\u0161n\u011bj\u0161\u00ed zna\u010dkou byla v tomto sm\u011bru americk\u00e1 Tesla, da\u0159ilo se tak\u00e9 zna\u010dce Volvo, mno\u017estv\u00ed elektromobil\u016f prodaly letos v l\u00e9t\u011b tak\u00e9 \u0160koda, Volkswagen nebo Hyundai,\u201c komentoval situaci tajemn\u00edk SDA Josef Pokorn\u00fd.<\/span><\/span><\/p>\n<p align=\"JUSTIFY\"><strong>\u017d\u00e1dn\u00e1 navazuj\u00edc\u00ed dota\u010dn\u00ed podpora<\/strong><\/p>\n<p align=\"JUSTIFY\"><span style=\"font-family: Times New Roman, serif;\"><span style=\"font-size: large;\">V\u00fdsledek vl\u00e1dn\u00edho dota\u010dn\u00edho pokusu? P\u0159esn\u00e1 \u010d\u00edsla z centr\u00e1ln\u00edho registru vozidel budou k dispozici a\u017e na konci \u0159\u00edjna, lze ale odhadnout, \u017ee se letos prodalo kolem 6000 dotovan\u00fdch elektroaut. \u201eK\u0159ivka jej\u00edch prodaj\u016f bude z\u0159ejm\u011b letos u\u017e jen klesat, proto\u017ee \u0161lo o jednor\u00e1zovou akci, \u017e\u00e1dnou navazuj\u00edc\u00ed dota\u010dn\u00ed v\u00fdzvu ji\u017e st\u00e1t nep\u0159ipravuje,\u201c shrnul efekty dotac\u00ed Josef Pokorn\u00fd.<\/span><\/span><\/p>\n<p align=\"JUSTIFY\"><img loading=\"lazy\" decoding=\"async\" class=\"alignnone size-medium wp-image-7753\" src=\"http:\/\/www.automakers.cz\/wp-content\/uploads\/2024\/10\/SDA-TK-rijen-2024-Pokorny-Saitz-900x506.jpg\" alt=\"\" width=\"900\" height=\"506\" srcset=\"https:\/\/www.automakers.cz\/wp-content\/uploads\/2024\/10\/SDA-TK-rijen-2024-Pokorny-Saitz-900x506.jpg 900w, https:\/\/www.automakers.cz\/wp-content\/uploads\/2024\/10\/SDA-TK-rijen-2024-Pokorny-Saitz-1024x576.jpg 1024w, https:\/\/www.automakers.cz\/wp-content\/uploads\/2024\/10\/SDA-TK-rijen-2024-Pokorny-Saitz-768x432.jpg 768w, https:\/\/www.automakers.cz\/wp-content\/uploads\/2024\/10\/SDA-TK-rijen-2024-Pokorny-Saitz-1536x864.jpg 1536w, https:\/\/www.automakers.cz\/wp-content\/uploads\/2024\/10\/SDA-TK-rijen-2024-Pokorny-Saitz-1280x720.jpg 1280w, https:\/\/www.automakers.cz\/wp-content\/uploads\/2024\/10\/SDA-TK-rijen-2024-Pokorny-Saitz.jpg 2040w\" sizes=\"auto, (max-width: 900px) 100vw, 900px\" \/><\/p>\n<p align=\"JUSTIFY\"><strong>Zdroj: archiv, Gar\u00e1\u017e.cz; TK SDA<br \/>\n<\/strong><\/p>\n","protected":false},"excerpt":{"rendered":"<p>N\u00e1rodn\u00ed rozvojov\u00e1 banka na ja\u0159e spustila dotace na n\u00e1kup elektromobilu, vod\u00edkov\u00e9ho vozu nebo nab\u00edjec\u00ed stanice&#8230;<\/p>\n","protected":false},"author":1,"featured_media":1370,"comment_status":"closed","ping_status":"closed","sticky":false,"template":"","format":"standard","meta":{"footnotes":""},"categories":[41,9,10],"tags":[],"class_list":["post-8016","post","type-post","status-publish","format-standard","has-post-thumbnail","hentry","category-ekologie","category-elektromobily","category-statistika"],"_links":{"self":[{"href":"https:\/\/www.automakers.cz\/index.php?rest_route=\/wp\/v2\/posts\/8016","targetHints":{"allow":["GET"]}}],"collection":[{"href":"https:\/\/www.automakers.cz\/index.php?rest_route=\/wp\/v2\/posts"}],"about":[{"href":"https:\/\/www.automakers.cz\/index.php?rest_route=\/wp\/v2\/types\/post"}],"author":[{"embeddable":true,"href":"https:\/\/www.automakers.cz\/index.php?rest_route=\/wp\/v2\/users\/1"}],"replies":[{"embeddable":true,"href":"https:\/\/www.automakers.cz\/index.php?rest_route=%2Fwp%2Fv2%2Fcomments&post=8016"}],"version-history":[{"count":4,"href":"https:\/\/www.automakers.cz\/index.php?rest_route=\/wp\/v2\/posts\/8016\/revisions"}],"predecessor-version":[{"id":8020,"href":"https:\/\/www.automakers.cz\/index.php?rest_route=\/wp\/v2\/posts\/8016\/revisions\/8020"}],"wp:featuredmedia":[{"embeddable":true,"href":"https:\/\/www.automakers.cz\/index.php?rest_route=\/wp\/v2\/media\/1370"}],"wp:attachment":[{"href":"https:\/\/www.automakers.cz\/index.php?rest_route=%2Fwp%2Fv2%2Fmedia&parent=8016"}],"wp:term":[{"taxonomy":"category","embeddable":true,"href":"https:\/\/www.automakers.cz\/index.php?rest_route=%2Fwp%2Fv2%2Fcategories&post=8016"},{"taxonomy":"post_tag","embeddable":true,"href":"https:\/\/www.automakers.cz\/index.php?rest_route=%2Fwp%2Fv2%2Ftags&post=8016"}],"curies":[{"name":"wp","href":"https:\/\/api.w.org\/{rel}","templated":true}]}}