{"id":8049,"date":"2024-10-16T09:29:40","date_gmt":"2024-10-16T09:29:40","guid":{"rendered":"https:\/\/www.automakers.cz\/?p=8049"},"modified":"2024-10-16T10:19:05","modified_gmt":"2024-10-16T10:19:05","slug":"uohs-zasahuje-v-sidle-seznam-cz","status":"publish","type":"post","link":"https:\/\/www.automakers.cz\/?p=8049","title":{"rendered":"\u00daOHS zasahuje v s\u00eddle Seznam.cz"},"content":{"rendered":"<p><strong>\u00da\u0159ad pro ochranu hospod\u00e1\u0159sk\u00e9 sout\u011b\u017ee\u00a0(\u00daOHS) od \u00fater\u00fd zasahuje v s\u00eddle spole\u010dnosti\u00a0Seznam.cz na neohl\u00e1\u0161en\u00e9m m\u00edstn\u00edm \u0161et\u0159en\u00ed. Prov\u011b\u0159uje podez\u0159en\u00ed, \u017ee firma zneu\u017eila sv\u00e9 postaven\u00ed na trhu. Na inspekci upozornil server info.cz.<\/strong><!--more--><\/p>\n<p>\u010cTK informaci potvrdil mluv\u010d\u00ed \u00fa\u0159adu\u00a0<strong>Martin \u0160vanda<\/strong>\u00a0i mluv\u010d\u00ed spole\u010dnosti Seznam.cz\u00a0<strong>Aneta Kapuci\u00e1nov\u00e1<\/strong>.<\/p>\n<p>\u201e\u00da\u0159ad prov\u00e1d\u00ed neohl\u00e1\u0161enou inspekci u spole\u010dnosti Seznam.cz, v jej\u00edm\u017e r\u00e1mci prov\u011b\u0159uje d\u016fvodn\u00e9 podez\u0159en\u00ed na mo\u017en\u00e9 protisout\u011b\u017en\u00ed jedn\u00e1n\u00ed, konkr\u00e9tn\u011b zneu\u017eit\u00ed dominantn\u00edho postaven\u00ed. Podrobn\u011bj\u0161\u00ed informace nem\u016f\u017eeme vzhledem ke stadiu \u0161et\u0159en\u00ed sd\u011blovat,&#8220; uvedl \u0160vanda.<\/p>\n<p>Doplnil, \u017ee samotn\u00e9 m\u00edstn\u00ed \u0161et\u0159en\u00ed neznamen\u00e1, \u017ee spole\u010dnost z\u00e1kon opravdu poru\u0161ila. Neznamen\u00e1 ani to, \u017ee \u00fa\u0159ad se spole\u010dnost\u00ed zah\u00e1j\u00ed spr\u00e1vn\u00ed \u0159\u00edzen\u00ed.<\/p>\n<p>\u201eMohu pouze potvrdit, \u017ee z\u00e1stupci \u00da\u0159adu pro ochranu hospod\u00e1\u0159sk\u00e9 sout\u011b\u017ee v \u00fater\u00fd dorazili do s\u00eddla spole\u010dnosti Seznam.cz. A\u010dkoli nem\u00e1me informace o tom, \u017ee by s n\u00e1mi bylo zah\u00e1jeno jak\u00e9koli ofici\u00e1ln\u00ed \u0159\u00edzen\u00ed, s jeho z\u00e1stupci samoz\u0159ejm\u011b spolupracujeme a jsme jim pln\u011b k dispozici,&#8220; \u0159ekla \u010cTK Kapuci\u00e1nov\u00e1.<\/p>\n<p>O tom, \u017ee \u00daOHS prov\u011b\u0159uje p\u016fsoben\u00ed Seznamu na \u010desk\u00e9m trhu informoval samotn\u00fd \u00fa\u0159ad u\u017e v z\u00e1\u0159\u00ed, tehdy v tiskov\u00e9 zpr\u00e1v\u011b reaguj\u00edc\u00ed na \u010dl\u00e1nek Seznam Zpr\u00e1v. V n\u011bm zpravodajsk\u00fd web popisoval \u00fadajnou spolupr\u00e1ci veden\u00ed \u00fa\u0159adu s vydavatelem \u010dasopisu Ve\u0159ejn\u00e9 zak\u00e1zky. \u00da\u0159ad v tiskov\u00e9 zpr\u00e1v\u011b napsal, \u017ee ho zar\u00e1\u017e\u00ed vyd\u00e1n\u00ed \u010dl\u00e1nku zrovna v dob\u011b, kdy ministerstvo pro m\u00edstn\u00ed rozvoj p\u0159ipravuje reformu ve\u0159ejn\u00fdch zak\u00e1zek spadaj\u00edc\u00edch pod agendu \u00fa\u0159adu.<\/p>\n<p>Seznam tehdy v reakci uvedl, \u017ee pova\u017euje za nep\u0159ijateln\u00e9, aby org\u00e1n ve\u0159ejn\u00e9 moci bez d\u016fkaz\u016f ve\u0159ejn\u011b obvi\u0148oval jin\u00fd subjekt ze msty, zneu\u017e\u00edv\u00e1n\u00ed m\u00e9di\u00ed a vytv\u00e1\u0159en\u00ed n\u00e1tlaku, a to z d\u016fvodu, \u017ee se \u00fa\u0159ad t\u00edmto subjektem m\u00e1 v r\u00e1mci sv\u00e9 kontroln\u00ed \u010dinnosti \u00fadajn\u011b zab\u00fdvat.<\/p>\n<p>V \u00fater\u00fd vydal Seznam na sv\u00e9m webu\u00a0<a href=\"https:\/\/www.seznamzpravy.cz\/clanek\/domaci-kauzy-chybne-tendry-staly-miliony-jejich-poradatel-dale-spolupracuje-s-mlsnou-260793\" target=\"_blank\" rel=\"noopener\">\u010dl\u00e1nek<\/a>\u00a0o firm\u011b, kter\u00e1 chybn\u011b prov\u00e1d\u011bla tendry, nicm\u00e9n\u011b jej\u00ed majitel jako expert spolupracuje se \u0161\u00e9fem \u00daOHS.<\/p>\n<p>O m\u00edstn\u00edch \u0161et\u0159en\u00edch kv\u016fli podez\u0159en\u00ed z v\u00e1\u017en\u00e9ho poru\u0161en\u00ed z\u00e1kona, jako je pr\u00e1v\u011b zneu\u017eit\u00ed dominantn\u00edho postaven\u00ed nebo uzav\u00edr\u00e1n\u00ed kartelov\u00fdch dohod, \u00daOHS obvykle informuje, neuv\u00e1d\u00ed ale podrobnosti ani jm\u00e9na firem. Na za\u010d\u00e1tku \u0159\u00edjna informoval o m\u00edstn\u00edch \u0161et\u0159en\u00edch v n\u011bkolika firm\u00e1ch kv\u016fli podez\u0159en\u00ed z uzav\u00edr\u00e1n\u00ed kartelov\u00fdch dohod. Pro server HN.cz pozd\u011bji \u00fa\u0159ad potvrdil, \u017ee se z\u00e1sah t\u00fdkal i spole\u010dnosti \u010cEZ.<\/p>\n<p>\u00daOHS ka\u017edoro\u010dn\u011b zah\u00e1j\u00ed n\u011bkolik des\u00edtek spr\u00e1vn\u00edch \u0159\u00edzen\u00ed t\u00fdkaj\u00edc\u00edch se hospod\u00e1\u0159sk\u00e9 sout\u011b\u017ee. T\u00fdkaj\u00ed se i zak\u00e1zan\u00fdch dohod, kartelov\u00fdch nebo vertik\u00e1ln\u00edch, p\u0159i nich\u017e firma sv\u00fdm odb\u011bratel\u016fm nap\u0159\u00edklad diktuje prodejn\u00ed ceny nebo zneu\u017eit\u00ed dominantn\u00edho postaven\u00ed. Loni \u00fa\u0159ad vydal 75 prvostup\u0148ov\u00fdch rozhodnut\u00ed t\u00fdkaj\u00edc\u00edch se hospod\u00e1\u0159sk\u00e9 sout\u011b\u017ee, 55 z nich se t\u00fdkalo f\u00faz\u00ed, tedy spojov\u00e1n\u00ed sout\u011b\u017eitel\u016f. Za pochyben\u00ed naru\u0161uj\u00edc\u00ed hospod\u00e1\u0159skou sout\u011b\u017e ulo\u017eil pokuty v celkov\u00e9 v\u00fd\u0161i 268 milion\u016f korun.<\/p>\n<p><strong>Zdroj: info.cz<\/strong><\/p>\n","protected":false},"excerpt":{"rendered":"<p>\u00da\u0159ad pro ochranu hospod\u00e1\u0159sk\u00e9 sout\u011b\u017ee\u00a0(\u00daOHS) od \u00fater\u00fd zasahuje v s\u00eddle spole\u010dnosti\u00a0Seznam.cz na neohl\u00e1\u0161en\u00e9m m\u00edstn\u00edm \u0161et\u0159en\u00ed&#8230;.<\/p>\n","protected":false},"author":1,"featured_media":8050,"comment_status":"closed","ping_status":"closed","sticky":false,"template":"","format":"standard","meta":{"footnotes":""},"categories":[51,49,31],"tags":[],"class_list":["post-8049","post","type-post","status-publish","format-standard","has-post-thumbnail","hentry","category-kauza","category-media","category-news"],"_links":{"self":[{"href":"https:\/\/www.automakers.cz\/index.php?rest_route=\/wp\/v2\/posts\/8049","targetHints":{"allow":["GET"]}}],"collection":[{"href":"https:\/\/www.automakers.cz\/index.php?rest_route=\/wp\/v2\/posts"}],"about":[{"href":"https:\/\/www.automakers.cz\/index.php?rest_route=\/wp\/v2\/types\/post"}],"author":[{"embeddable":true,"href":"https:\/\/www.automakers.cz\/index.php?rest_route=\/wp\/v2\/users\/1"}],"replies":[{"embeddable":true,"href":"https:\/\/www.automakers.cz\/index.php?rest_route=%2Fwp%2Fv2%2Fcomments&post=8049"}],"version-history":[{"count":1,"href":"https:\/\/www.automakers.cz\/index.php?rest_route=\/wp\/v2\/posts\/8049\/revisions"}],"predecessor-version":[{"id":8051,"href":"https:\/\/www.automakers.cz\/index.php?rest_route=\/wp\/v2\/posts\/8049\/revisions\/8051"}],"wp:featuredmedia":[{"embeddable":true,"href":"https:\/\/www.automakers.cz\/index.php?rest_route=\/wp\/v2\/media\/8050"}],"wp:attachment":[{"href":"https:\/\/www.automakers.cz\/index.php?rest_route=%2Fwp%2Fv2%2Fmedia&parent=8049"}],"wp:term":[{"taxonomy":"category","embeddable":true,"href":"https:\/\/www.automakers.cz\/index.php?rest_route=%2Fwp%2Fv2%2Fcategories&post=8049"},{"taxonomy":"post_tag","embeddable":true,"href":"https:\/\/www.automakers.cz\/index.php?rest_route=%2Fwp%2Fv2%2Ftags&post=8049"}],"curies":[{"name":"wp","href":"https:\/\/api.w.org\/{rel}","templated":true}]}}