{"id":805,"date":"2023-12-08T11:00:28","date_gmt":"2023-12-08T11:00:28","guid":{"rendered":"https:\/\/www.automakers.cz\/?p=805"},"modified":"2023-12-08T11:00:40","modified_gmt":"2023-12-08T11:00:40","slug":"ondrej-micek-povysil-v-savills","status":"publish","type":"post","link":"https:\/\/www.automakers.cz\/?p=805","title":{"rendered":"Ond\u0159ej M\u00ed\u010dek pov\u00fd\u0161il v Savills"},"content":{"rendered":"<p><strong>Savills jmenovala 1. prosince 2023 Ond\u0159eje M\u00ed\u010dka na pozici Head of Industrial Agency pro \u010ceskou republiku a Slovensko. Za\u010d\u00ednal ve firm\u011b jako konzultant v oblasti pron\u00e1jmu pr\u016fmyslov\u00fdch prostor a b\u011bhem sv\u00e9ho p\u016fsoben\u00ed roz\u0161\u00ed\u0159il svou specializaci o prodej pr\u016fmyslov\u00fdch prostor, akvizice pozemk\u016f a datov\u00e1 centra.<\/strong><!--more--><\/p>\n<p><em>\u201dJmenov\u00e1n\u00ed Ond\u0159eje do vedouc\u00ed pozice je odm\u011bnou za jeho \u00fasil\u00ed a p\u0159\u00ednos k v\u00fdznamn\u00e9mu rozvoji a roz\u0161\u00ed\u0159en\u00ed slu\u017eeb industri\u00e1ln\u00edho t\u00fdmu v Savills. Ond\u0159ej vn\u00e1\u0161\u00ed do sv\u00e9 nov\u00e9 pozice pracovn\u00ed entuziasmus a m\u00e1 plnou podporu firmy v person\u00e1ln\u00edm rozvoji odd\u011blen\u00ed a roz\u0161i\u0159ov\u00e1n\u00ed odbornosti t\u00fdmu a st\u00e1vaj\u00edc\u00ed klientsk\u00e9 z\u00e1kladny,\u201d <\/em>\u0159\u00edk\u00e1 <strong>Stuart Jordan, CEO Savills Central &amp; Eastern Europe.<\/strong><\/p>\n<p><strong>Ond\u0159ej M\u00ed\u010dek<\/strong> dod\u00e1v\u00e1: <em>\u201cD\u00edky tomu, \u017ee jsem sou\u010d\u00e1st\u00ed Savills ji\u017e n\u011bkolik let, tak v\u00edm, jak t\u00fdm funguje intern\u011b zejm\u00e9na ve vztaz\u00edch s\u00a0klienty a m\u00e1m tedy jasnou vizi, kam odd\u011blen\u00ed d\u00e1le sm\u011b\u0159ovat. N\u00e1\u0161 t\u00fdm m\u00e1 \u0161irokou odbornost a skv\u011bl\u00fd z\u00e1klad, na n\u011bm\u017e lze dob\u0159e stav\u011bt, a proto m\u016f\u017eeme poskytovat poradenstv\u00ed klient\u016fm ve speci\u00e1ln\u00edch a nestandardn\u00edch projektech. T\u011b\u0161\u00edm se na novou p\u0159\u00edle\u017eitost a roz\u0161\u00ed\u0159en\u00ed industri\u00e1ln\u00edho t\u00fdmu nejen v roce 2024.\u201d<\/em><\/p>\n<p>Ond\u0159ej a jeho t\u00fdm se zam\u011b\u0159uj\u00ed na pr\u016fmyslov\u00fd a logistick\u00fd trh, p\u0159ehled a nab\u00eddku pozemk\u016f a trh datov\u00fdch center v \u010cesk\u00e9 republice a na Slovensku. Zastupuj\u00ed n\u00e1jemce ve v\u00fdrobn\u00edch a logistick\u00fdch prostor\u00e1ch, poskytuj\u00ed poradenstv\u00ed p\u0159i vyhled\u00e1v\u00e1n\u00ed vhodn\u00fdch nemovitost\u00ed k pron\u00e1jmu nebo koupi, specializuj\u00ed se na vyhled\u00e1v\u00e1n\u00ed a anal\u00fdzu vhodn\u00fdch pr\u016fmyslov\u00fdch pozemk\u016f pro v\u00fdstavbu a\u00a0spolupracuj\u00ed s \u0159adou developer\u016f a provozovatel\u016f datov\u00fdch center v cel\u00e9m regionu.<\/p>\n","protected":false},"excerpt":{"rendered":"<p>Savills jmenovala 1. prosince 2023 Ond\u0159eje M\u00ed\u010dka na pozici Head of Industrial Agency pro \u010ceskou&#8230;<\/p>\n","protected":false},"author":2,"featured_media":807,"comment_status":"open","ping_status":"open","sticky":false,"template":"","format":"standard","meta":{"footnotes":""},"categories":[43,5],"tags":[],"class_list":["post-805","post","type-post","status-publish","format-standard","has-post-thumbnail","hentry","category-logistika","category-personalie"],"_links":{"self":[{"href":"https:\/\/www.automakers.cz\/index.php?rest_route=\/wp\/v2\/posts\/805","targetHints":{"allow":["GET"]}}],"collection":[{"href":"https:\/\/www.automakers.cz\/index.php?rest_route=\/wp\/v2\/posts"}],"about":[{"href":"https:\/\/www.automakers.cz\/index.php?rest_route=\/wp\/v2\/types\/post"}],"author":[{"embeddable":true,"href":"https:\/\/www.automakers.cz\/index.php?rest_route=\/wp\/v2\/users\/2"}],"replies":[{"embeddable":true,"href":"https:\/\/www.automakers.cz\/index.php?rest_route=%2Fwp%2Fv2%2Fcomments&post=805"}],"version-history":[{"count":3,"href":"https:\/\/www.automakers.cz\/index.php?rest_route=\/wp\/v2\/posts\/805\/revisions"}],"predecessor-version":[{"id":830,"href":"https:\/\/www.automakers.cz\/index.php?rest_route=\/wp\/v2\/posts\/805\/revisions\/830"}],"wp:featuredmedia":[{"embeddable":true,"href":"https:\/\/www.automakers.cz\/index.php?rest_route=\/wp\/v2\/media\/807"}],"wp:attachment":[{"href":"https:\/\/www.automakers.cz\/index.php?rest_route=%2Fwp%2Fv2%2Fmedia&parent=805"}],"wp:term":[{"taxonomy":"category","embeddable":true,"href":"https:\/\/www.automakers.cz\/index.php?rest_route=%2Fwp%2Fv2%2Fcategories&post=805"},{"taxonomy":"post_tag","embeddable":true,"href":"https:\/\/www.automakers.cz\/index.php?rest_route=%2Fwp%2Fv2%2Ftags&post=805"}],"curies":[{"name":"wp","href":"https:\/\/api.w.org\/{rel}","templated":true}]}}