{"id":8063,"date":"2024-10-17T08:05:35","date_gmt":"2024-10-17T08:05:35","guid":{"rendered":"https:\/\/www.automakers.cz\/?p=8063"},"modified":"2024-10-17T08:07:01","modified_gmt":"2024-10-17T08:07:01","slug":"krvacejici-stellantis-zvazuje-ruseni-znacek","status":"publish","type":"post","link":"https:\/\/www.automakers.cz\/?p=8063","title":{"rendered":"Krv\u00e1cej\u00edc\u00ed Stellantis zva\u017euje ru\u0161en\u00ed zna\u010dek"},"content":{"rendered":"<p class=\"c_aY g_gv speakable\" data-dot=\"ogm-article-perex\"><strong>Koncern Stellantis m\u011bl p\u016fvodn\u011b rozhodovat o budoucnosti 14 sv\u00fdch zna\u010dek a\u017e za\u010d\u00e1tkem p\u0159\u00ed\u0161t\u00edho desetilet\u00ed, nyn\u00ed se v\u0161ak ukazuje, \u017ee jejich financov\u00e1n\u00ed je zaji\u0161t\u011bno pouze do roku 2026. A akcie padaj\u00ed raketov\u00fdm tempem! Konec probl\u00e9mov\u00fdch zna\u010dek tak m\u016f\u017ee p\u0159ij\u00edt d\u0159\u00edv, p\u00ed\u0161e Ond\u0159ej M\u00e1ra na novink\u00e1ch.cz.<\/strong><!--more--><\/p>\n<p class=\"c_aY g_gv speakable\" data-dot=\"ogm-article-perex\"><span class=\"c_ew\">Stellantis, pod kter\u00fd spad\u00e1 14 zna\u010dek p\u016fvodn\u00edch koncern\u016f PSA a FCA, za\u017e\u00edv\u00e1 nelehk\u00e9 obdob\u00ed. Spole\u010dnosti se dramaticky propadly prodeje i zisky a oz\u00fdvaj\u00ed se i nespokojen\u00ed akcion\u00e1\u0159i, nebo\u0165 akcie ztratily od za\u010d\u00e1tku roku u\u017e kolem 45 procent sv\u00e9 hodnoty.<\/span><\/p>\n<div class=\"ogm-container _6231b388c0086990921bf42b\">\n<div class=\"g_gF\" data-e2e=\"ogm-article-layout\">\n<article class=\"g_gH\" role=\"article\" aria-labelledby=\"accessibility-article\">\n<div class=\"g_gG\" data-dot=\"ogm-article-content\">\n<div class=\"e_d8 e_ej\">\n<div class=\"e_aY speakable\" data-dot=\"mol-paragraph\">\n<p class=\"c_aY\"><span class=\"c_ew\">Stellantis se sna\u017e\u00ed na kritiku reagovat nap\u0159\u00edklad person\u00e1ln\u00edmi zm\u011bnami, kter\u00e9 se dotknou tak\u00e9 \u0161\u00e9fa skupiny. Carlos Tavares, kter\u00fd st\u00e1l v\u00a0\u010dele skupiny od jej\u00edho zalo\u017een\u00ed v\u00a0roce 2021, odejde na konci p\u011btilet\u00e9ho kontraktu do d\u016fchodu.<\/span><\/p>\n<\/div>\n<div class=\"e_aY speakable\" data-dot=\"mol-paragraph\">\n<p class=\"c_aY\"><span class=\"c_ew\">V minulosti se objevily tak\u00e9 spekulace ohledn\u011b budoucnosti n\u011bkter\u00fdch ze \u010dtrn\u00e1cti zna\u010dek, kter\u00e9 do skupiny pat\u0159\u00ed, ty v\u0161ak skupina Stellantis nep\u0159ipou\u0161t\u011bla. Ji\u017e b\u011bhem sv\u00e9ho vzniku toti\u017e prohla\u0161ovala, \u017ee d\u00e1 zna\u010dk\u00e1m ve sv\u00e9m portfoliu deset let, aby prok\u00e1zaly svou \u017eivotaschopnost.<\/span><\/p>\n<\/div>\n<div class=\"e_eT\">\n<h3 class=\"c_aF c_aI e_eV\">Jedna z\u00a0nejd\u016fle\u017eit\u011bj\u0161\u00edch postav automobilov\u00e9ho pr\u016fmyslu Carlos Tavares odejde do d\u016fchodu<\/h3>\n<\/div>\n<div class=\"e_aY speakable\" data-dot=\"mol-paragraph\">\n<p class=\"c_aY\"><span class=\"c_ew\">Carlos Tavares, st\u00e1vaj\u00edc\u00ed \u0161\u00e9f zna\u010dky, ov\u0161em ned\u00e1vno prozradil, \u017ee financov\u00e1n\u00ed jednotliv\u00fdch zna\u010dek bylo zaji\u0161t\u011bno pouze na p\u011bt let. Zna\u010dky by tak m\u011bly m\u00edt strategick\u00e9 pl\u00e1ny a\u017e do roku 2031, jejich financov\u00e1n\u00ed by ale m\u011blo b\u00fdt zaji\u0161t\u011bno pouze do roku 2026, jak uv\u00e1d\u00ed\u00a0<a class=\"c_am\" href=\"https:\/\/www.carscoops.com\/2024\/10\/stellantis-to-review-the-future-of-its-14-brands-by-2026-says-ceo\/\" target=\"_blank\" rel=\"noopener\" data-dot=\"atm-link\">Carscoops<\/a>. Pot\u00e9 by m\u011blo n\u00e1sledovat p\u0159ezkoum\u00e1n\u00ed jejich v\u00fdkonnosti.<\/span><\/p>\n<\/div>\n<div class=\"e_fF js-ad e_a1\">\n<div class=\"e_eT\"><\/div>\n<\/div>\n<div class=\"e_aY speakable\" data-dot=\"mol-paragraph\">\n<p class=\"c_aY\"><span class=\"c_ew\">\u201eV\u00fdkonnost ka\u017ed\u00e9 zna\u010dky p\u0159ezkoum\u00e1me p\u0159ibli\u017en\u011b ve dvou t\u0159etin\u00e1ch pl\u00e1nu Dare Forward 2030, tak\u017ee rozhodnut\u00ed m\u016f\u017eete o\u010dek\u00e1vat za dva a\u017e t\u0159i roky,\u201c uvedl Tavares pro\u00a0<a class=\"c_am\" href=\"https:\/\/www.autonews.com\/executives\/stellantis-ceo-carlos-tavares-successor-decide-brand-closures\" target=\"_blank\" rel=\"noopener\" data-dot=\"atm-link\">Auto News<\/a>\u00a0b\u011bhem ned\u00e1vn\u00e9ho pa\u0159\u00ed\u017esk\u00e9ho autosalonu.<\/span><\/p>\n<\/div>\n<div class=\"e_aY speakable\" data-dot=\"mol-paragraph\">\n<p class=\"c_aY\"><span class=\"c_ew\">M\u011bl tak\u00e9 dodat, \u017ee a\u010dkoliv byly pl\u00e1ny na n\u011bkter\u00e9 premi\u00e9ry pozm\u011bn\u011bny kv\u016fli n\u00e1ro\u010dn\u00fdm podm\u00ednk\u00e1m, \u017e\u00e1dn\u00e9 nebyly zru\u0161eny. Alespo\u0148 prozat\u00edm.<\/span><\/p>\n<\/div>\n<figure class=\"e_bt\" aria-label=\"Galerie Carlos Tavares, \u0161\u00e9f skupiny Stellantis\" data-dot=\"mol-figure\" data-dot-data=\"{&quot;mediaItemType&quot;:&quot;foto&quot;}\">\n<div class=\"c_aK e_bu\"><\/div>\n<\/figure>\n<div class=\"e_aY speakable\" data-dot=\"mol-paragraph\">\n<p class=\"c_aY\"><span class=\"c_ew\">Cel\u00e1 z\u00e1le\u017eitost je o\u00a0to pikantn\u011bj\u0161\u00ed, \u017ee o\u00a0budoucnosti zna\u010dek ve skupin\u011b bude rozhodovat pravd\u011bpodobn\u011b ji\u017e n\u00e1stupce Tavarese, kter\u00fd ze sv\u00e9 pozice odejde za\u010d\u00e1tkem roku 2026.<\/span><\/p>\n<p><img loading=\"lazy\" decoding=\"async\" class=\"alignnone size-full wp-image-2525\" src=\"http:\/\/www.automakers.cz\/wp-content\/uploads\/2024\/02\/Citroen-E4C-Ctenice-brana-volant-678x381-1.jpg\" alt=\"\" width=\"678\" height=\"381\" \/><\/p>\n<\/div>\n<div class=\"e_aY speakable\" data-dot=\"mol-paragraph\">\n<p class=\"c_aY\"><span class=\"c_ew\">P\u0159ipome\u0148me, \u017ee do skupiny Stellantis nyn\u00ed pat\u0159\u00ed zna\u010dky Abarth, Alfa Romeo, Chrysler, Citro\u00ebn, Dodge, DS, Fiat, Jeep, Lancia, Maserati, Opel, Peugeot, Ram a\u00a0Vauxhall. Jako mo\u017en\u00ed odpadl\u00edci se p\u0159itom nej\u010dast\u011bji zmi\u0148uj\u00ed zna\u010dky DS, Chrysler, Lancia \u010di Maserati.<\/span><\/p>\n<p><strong>Zdroj: novinky.cz<\/strong><\/p>\n<\/div>\n<\/div>\n<\/div>\n<\/article>\n<\/div>\n<\/div>\n","protected":false},"excerpt":{"rendered":"<p>Koncern Stellantis m\u011bl p\u016fvodn\u011b rozhodovat o budoucnosti 14 sv\u00fdch zna\u010dek a\u017e za\u010d\u00e1tkem p\u0159\u00ed\u0161t\u00edho desetilet\u00ed, nyn\u00ed&#8230;<\/p>\n","protected":false},"author":1,"featured_media":7804,"comment_status":"closed","ping_status":"closed","sticky":false,"template":"","format":"standard","meta":{"footnotes":""},"categories":[31,18],"tags":[],"class_list":["post-8063","post","type-post","status-publish","format-standard","has-post-thumbnail","hentry","category-news","category-vyroba"],"_links":{"self":[{"href":"https:\/\/www.automakers.cz\/index.php?rest_route=\/wp\/v2\/posts\/8063","targetHints":{"allow":["GET"]}}],"collection":[{"href":"https:\/\/www.automakers.cz\/index.php?rest_route=\/wp\/v2\/posts"}],"about":[{"href":"https:\/\/www.automakers.cz\/index.php?rest_route=\/wp\/v2\/types\/post"}],"author":[{"embeddable":true,"href":"https:\/\/www.automakers.cz\/index.php?rest_route=\/wp\/v2\/users\/1"}],"replies":[{"embeddable":true,"href":"https:\/\/www.automakers.cz\/index.php?rest_route=%2Fwp%2Fv2%2Fcomments&post=8063"}],"version-history":[{"count":3,"href":"https:\/\/www.automakers.cz\/index.php?rest_route=\/wp\/v2\/posts\/8063\/revisions"}],"predecessor-version":[{"id":8065,"href":"https:\/\/www.automakers.cz\/index.php?rest_route=\/wp\/v2\/posts\/8063\/revisions\/8065"}],"wp:featuredmedia":[{"embeddable":true,"href":"https:\/\/www.automakers.cz\/index.php?rest_route=\/wp\/v2\/media\/7804"}],"wp:attachment":[{"href":"https:\/\/www.automakers.cz\/index.php?rest_route=%2Fwp%2Fv2%2Fmedia&parent=8063"}],"wp:term":[{"taxonomy":"category","embeddable":true,"href":"https:\/\/www.automakers.cz\/index.php?rest_route=%2Fwp%2Fv2%2Fcategories&post=8063"},{"taxonomy":"post_tag","embeddable":true,"href":"https:\/\/www.automakers.cz\/index.php?rest_route=%2Fwp%2Fv2%2Ftags&post=8063"}],"curies":[{"name":"wp","href":"https:\/\/api.w.org\/{rel}","templated":true}]}}