{"id":8067,"date":"2024-10-17T08:23:55","date_gmt":"2024-10-17T08:23:55","guid":{"rendered":"https:\/\/www.automakers.cz\/?p=8067"},"modified":"2024-10-17T08:28:12","modified_gmt":"2024-10-17T08:28:12","slug":"skoda-vystavila-novy-elroq-v-muzeu","status":"publish","type":"post","link":"https:\/\/www.automakers.cz\/?p=8067","title":{"rendered":"\u0160koda vystavila nov\u00fd Elroq v muzeu"},"content":{"rendered":"<p><strong> Kr\u00e1tce po sv\u011btov\u00e9 premi\u00e9\u0159e vystavila \u0160kodovka nov\u00fd elektrick\u00fd v\u016fz zna\u010dky v tov\u00e1rn\u00edm muzeu, kde se ji\u017e tradi\u010dn\u011b propojuje historie a sou\u010dasnost firmy. Vedle historick\u00fdch voz\u016f a dal\u0161\u00edch artefakt\u016f se zde prezentuj\u00ed designov\u00e9 studie \u010di modern\u00ed vozy.<\/strong><!--more--><\/p>\n<p>Poprv\u00e9 byl Elroq odhalen pro novin\u00e1\u0159e z cel\u00e9ho sv\u011bta 1. \u0159\u00edjna v Praze, n\u00e1v\u0161t\u011bvn\u00edci \u0160koda Muzea si ho mohou prohl\u00e9dnout od 16. do 28 \u0159\u00edjna.<\/p>\n<figure id=\"attachment_7614\" aria-describedby=\"caption-attachment-7614\" style=\"width: 900px\" class=\"wp-caption alignnone\"><img loading=\"lazy\" decoding=\"async\" class=\"size-medium wp-image-7614\" src=\"http:\/\/www.automakers.cz\/wp-content\/uploads\/2024\/10\/Skoda-Elroq-Zellmer-900x600.jpg\" alt=\"\" width=\"900\" height=\"600\" \/><figcaption id=\"caption-attachment-7614\" class=\"wp-caption-text\">Klaus Zellmer; FOTO: \u0160koda Auto<strong><br \/><\/strong><\/figcaption><\/figure>\n<p>Muzeum, situovan\u00e9 v autentick\u00fdch b\u00fdval\u00fdch v\u00fdrobn\u00edch provozech mladoboleslavsk\u00e9 automobilky z po\u010d\u00e1tku 20. stolet\u00ed a v p\u0159ilehl\u00fdch prostor\u00e1ch, prezentuje bohatou historii zna\u010dky \u0160koda ve st\u00e1l\u00e9 expozici i v r\u00e1mci kr\u00e1tkodob\u00fdch v\u00fdstav. N\u00e1v\u0161t\u011bvn\u00edci si mohou prohl\u00e9dnout tak\u00e9 atraktivn\u00ed depozit\u00e1\u0159 s vystaven\u00fdmi sportovn\u00edmi vozy a prototypy. Jeho n\u00e1v\u0161t\u011bva je mo\u017en\u00e1 individu\u00e1ln\u011b po domluv\u011b na recepci anebo s pr\u016fvodcem po p\u0159edchoz\u00ed rezervaci. \u0160koda Muzeum je z\u00e1rove\u0148 multifunk\u010dn\u00edm objektem vyu\u017e\u00edvan\u00fdm k po\u0159\u00e1d\u00e1n\u00ed cel\u00e9 \u0159ady kulturn\u00edch a spole\u010densk\u00fdch akc\u00ed. Ka\u017edoro\u010dn\u011b obslou\u017e\u00ed p\u0159es 200 tis\u00edc n\u00e1v\u0161t\u011bvn\u00edk\u016f<br \/>\nz \u010cesk\u00e9 republiky i zahrani\u010d\u00ed.<\/p>\n<p>N\u00e1v\u0161t\u011bvu \u0160koda Muzea lze v r\u00e1mci zv\u00fdhodn\u011bn\u00e9ho kombinovan\u00e9ho vstupn\u00e9ho spojit s prohl\u00eddkou Rodn\u00e9ho domu Ferdinanda Porscheho v Liberci-Vratislavic\u00edch. Rodn\u00fd d\u016fm je ve\u0159ejnosti p\u0159\u00edstupn\u00fd v p\u00e1tek, sobotu a ned\u011bli od 9:00 do 17:00, v ostatn\u00ed dny po p\u0159edchoz\u00ed domluv\u011b s N\u00e1v\u0161t\u011bvn\u00ed slu\u017ebou \u0160koda Muzea.<\/p>\n<p><strong>Zdroj: \u0160koda Auto<\/strong><\/p>\n<figure id=\"attachment_8070\" aria-describedby=\"caption-attachment-8070\" style=\"width: 900px\" class=\"wp-caption alignnone\"><img loading=\"lazy\" decoding=\"async\" class=\"size-medium wp-image-8070\" src=\"http:\/\/www.automakers.cz\/wp-content\/uploads\/2024\/10\/Skoda_Elroq_166e0554-900x506.jpg\" alt=\"\" width=\"900\" height=\"506\" \/><figcaption id=\"caption-attachment-8070\" class=\"wp-caption-text\">Nov\u00fd Elroq; FOTO: \u0160koda Auto<\/figcaption><\/figure>\n","protected":false},"excerpt":{"rendered":"<p>Kr\u00e1tce po sv\u011btov\u00e9 premi\u00e9\u0159e vystavila \u0160kodovka nov\u00fd elektrick\u00fd v\u016fz zna\u010dky v tov\u00e1rn\u00edm muzeu, kde se&#8230;<\/p>\n","protected":false},"author":1,"featured_media":7613,"comment_status":"closed","ping_status":"closed","sticky":false,"template":"","format":"standard","meta":{"footnotes":""},"categories":[9,8],"tags":[],"class_list":["post-8067","post","type-post","status-publish","format-standard","has-post-thumbnail","hentry","category-elektromobily","category-vystavy"],"_links":{"self":[{"href":"https:\/\/www.automakers.cz\/index.php?rest_route=\/wp\/v2\/posts\/8067","targetHints":{"allow":["GET"]}}],"collection":[{"href":"https:\/\/www.automakers.cz\/index.php?rest_route=\/wp\/v2\/posts"}],"about":[{"href":"https:\/\/www.automakers.cz\/index.php?rest_route=\/wp\/v2\/types\/post"}],"author":[{"embeddable":true,"href":"https:\/\/www.automakers.cz\/index.php?rest_route=\/wp\/v2\/users\/1"}],"replies":[{"embeddable":true,"href":"https:\/\/www.automakers.cz\/index.php?rest_route=%2Fwp%2Fv2%2Fcomments&post=8067"}],"version-history":[{"count":3,"href":"https:\/\/www.automakers.cz\/index.php?rest_route=\/wp\/v2\/posts\/8067\/revisions"}],"predecessor-version":[{"id":8071,"href":"https:\/\/www.automakers.cz\/index.php?rest_route=\/wp\/v2\/posts\/8067\/revisions\/8071"}],"wp:featuredmedia":[{"embeddable":true,"href":"https:\/\/www.automakers.cz\/index.php?rest_route=\/wp\/v2\/media\/7613"}],"wp:attachment":[{"href":"https:\/\/www.automakers.cz\/index.php?rest_route=%2Fwp%2Fv2%2Fmedia&parent=8067"}],"wp:term":[{"taxonomy":"category","embeddable":true,"href":"https:\/\/www.automakers.cz\/index.php?rest_route=%2Fwp%2Fv2%2Fcategories&post=8067"},{"taxonomy":"post_tag","embeddable":true,"href":"https:\/\/www.automakers.cz\/index.php?rest_route=%2Fwp%2Fv2%2Ftags&post=8067"}],"curies":[{"name":"wp","href":"https:\/\/api.w.org\/{rel}","templated":true}]}}