{"id":8084,"date":"2024-10-18T08:29:12","date_gmt":"2024-10-18T08:29:12","guid":{"rendered":"https:\/\/www.automakers.cz\/?p=8084"},"modified":"2024-10-18T08:29:12","modified_gmt":"2024-10-18T08:29:12","slug":"gentleman-silnic-zachranil-ridice-tatry","status":"publish","type":"post","link":"https:\/\/www.automakers.cz\/?p=8084","title":{"rendered":"Gentleman silnic zachr\u00e1nil \u0159idi\u010de Tatry"},"content":{"rendered":"<p><strong>V obci \u0160umn\u00e1 na Znojemsku do\u0161lo k hav\u00e1rii n\u00e1kladn\u00edho auta Tatra. \u0158idi\u010d ztratil kontrolu nad vozidlem pot\u00e9, co ho bodl hmyz a zp\u016fsobil mu anafylaktick\u00fd \u0161ok. Incidentu si v\u0161iml Petr Kucha\u0159 (38), voj\u00e1k z povol\u00e1n\u00ed. Nev\u00e1hal, pokusil se rozjet\u00fd v\u016fz zastavit, a p\u0159edev\u0161\u00edm poskytl \u0159idi\u010di prvn\u00ed pomoc.<\/strong><!--more--><\/p>\n<p>Petr Kucha\u0159 se v sobotu 10. srpna vydal s rodinou na n\u00e1v\u0161t\u011bvu p\u0159\u00edbuzn\u00fdch. Jejich cesta se ni\u010d\u00edm neli\u0161ila a\u017e do chv\u00edle, kdy p\u0159ed nimi za\u010dalo nebezpe\u010dn\u011b man\u00e9vrovat n\u00e1kladn\u00ed auto. Cel\u00fd incident p\u0159itom zachytila bezpe\u010dnostn\u00ed kamera um\u00edst\u011bn\u00e1 na p\u0159edn\u00edm skle jejich vozu. Pan Petr si zpo\u010d\u00e1tku myslel, \u017ee se \u0159idi\u010d na okam\u017eik p\u0159estal v\u011bnovat \u0159\u00edzen\u00ed. \u201eM\u011bl jsem za to, \u017ee se t\u0159eba pod\u00edval do telefonu nebo ladil r\u00e1dio. Kdy\u017e ale Tatra vjela \u00fapln\u011b do protism\u011bru, bylo mi jasn\u00e9, \u017ee je n\u011bco \u0161patn\u011b. Tipoval jsem bu\u010f technickou z\u00e1vadu, nebo zdravotn\u00ed probl\u00e9m \u0159idi\u010de,\u201c vzpom\u00edn\u00e1 na nev\u0161edn\u00ed zku\u0161enost.<\/p>\n<p>Jak se pozd\u011bji uk\u00e1zalo, \u0159idi\u010de bodl hmyz, co\u017e u n\u011bj vyvolalo anafylaktick\u00fd \u0161ok, a n\u00e1sledkem toho upadl do bezv\u011bdom\u00ed. V\u016fz n\u011bkolik set metr\u016f nekontrolovan\u011b pokra\u010doval v j\u00edzd\u011b. Kdy\u017e najednou Tatra kone\u010dn\u011b za\u010dala zpomalovat, pan Petr vyb\u011bhl z auta a pokusil se nik\u00fdm neovl\u00e1dan\u00fd p\u011btadvacetitunov\u00fd kolos dostihnout a zcela zastavit. Tu\u0161il, \u017ee n\u00e1kla\u010f\u00e1k nejsp\u00ed\u0161 vraz\u00ed do plotu bl\u00edzk\u00e9ho domu. \u201eSna\u017eil jsem se dostat k \u0159idi\u010di p\u0159es dve\u0159e spolujezdce, ale byly zam\u010den\u00e9. N\u00e1sledn\u011b Tatra narazila do plotu a zasekla se a\u017e o baz\u00e9n. Musel jsem ji proto ob\u011bhnout a zabrzdit. Sna\u017eil jsem se na \u0159idi\u010de mluvit, ale krom\u011b jemn\u00e9ho k\u00fdv\u00e1n\u00ed hlavou nereagoval,\u201c p\u0159ibli\u017euje.<\/p>\n<p><img loading=\"lazy\" decoding=\"async\" class=\"alignnone size-medium wp-image-8086\" src=\"http:\/\/www.automakers.cz\/wp-content\/uploads\/2024\/10\/Tatra-small-900x431.jpg\" alt=\"\" width=\"900\" height=\"431\" srcset=\"https:\/\/www.automakers.cz\/wp-content\/uploads\/2024\/10\/Tatra-small-900x431.jpg 900w, https:\/\/www.automakers.cz\/wp-content\/uploads\/2024\/10\/Tatra-small-1024x491.jpg 1024w, https:\/\/www.automakers.cz\/wp-content\/uploads\/2024\/10\/Tatra-small-768x368.jpg 768w, https:\/\/www.automakers.cz\/wp-content\/uploads\/2024\/10\/Tatra-small.jpg 1098w\" sizes=\"auto, (max-width: 900px) 100vw, 900px\" \/><\/p>\n<p>\u201eNikdy p\u0159edt\u00edm jsem takovou situaci neza\u017eil. Honilo se mi hlavou, co se mu asi mohlo st\u00e1t.\u201d Ud\u00e1losti si kv\u016fli hlasit\u00e9mu n\u00e1razu v\u0161imla m\u00edstn\u00ed obyvatelka, kter\u00e1 okam\u017eit\u011b zavolala z\u00e1chrannou slu\u017ebu. N\u00e1sledn\u011b podle pokyn\u016f oper\u00e1torky t\u00eds\u0148ov\u00e9 linky spole\u010dn\u011b zkontrolovali, zda \u0159idi\u010d d\u00fdch\u00e1. \u201eNarovnal jsem ho, aby se mu dob\u0159e d\u00fdchalo. Kr\u00e1tce pot\u00e9 p\u0159ijeli dobrovoln\u00ed hasi\u010di, se kter\u00fdmi jsme mu\u017ee spole\u010dn\u011b vyprostili z vozu.\u201d V tu chv\u00edli na m\u00edsto dorazili i z\u00e1chran\u00e1\u0159i a \u0159idi\u010de si p\u0159evzali do p\u00e9\u010de.<\/p>\n<p>\u201ePan Kucha\u0159 si za rychl\u00fd z\u00e1sah zaslou\u017e\u00ed up\u0159\u00edmn\u00e9 pod\u011bkov\u00e1n\u00ed,\u201d uvedl policejn\u00ed \u0159editel Krajsk\u00e9ho \u0159editelstv\u00ed Jihomoravsk\u00e9ho kraje Leo\u0161 Tr\u017eil. \u201eT\u011b\u017ek\u00fd n\u00e1kladn\u00ed v\u016fz p\u0159edstavoval zna\u010dn\u00e9 riziko nejen pro ostatn\u00ed \u00fa\u010dastn\u00edky silni\u010dn\u00edho provozu, ale i obyvatele bl\u00edzk\u00fdch dom\u016f. Podobn\u00e9 situace mohou m\u00edt v\u00e1\u017en\u00e9 n\u00e1sledky, ale d\u00edky jeho v\u010dasn\u00e9mu jedn\u00e1n\u00ed se poda\u0159ilo p\u0159edej\u00edt v\u011bt\u0161\u00edm \u0161kod\u00e1m.\u201d<\/p>\n<p>\u201eKdy\u017e Tatra kli\u010dkovala po silnici, obc\u00ed projela minim\u00e1ln\u011b dal\u0161\u00ed dv\u011b auta, jejich\u017e \u0159idi\u010di na situaci nijak nereagovali. O to v\u00edce chci ocenit pohotov\u00e9 jedn\u00e1n\u00ed Petra Kucha\u0159e, kter\u00e9mu nebylo lhostejn\u00e9 okoln\u00ed d\u011bn\u00ed. V\u011b\u0159\u00edm, \u017ee tato ud\u00e1lost inspiruje dal\u0161\u00ed \u0159idi\u010de ke vz\u00e1jemn\u00e9 pomoci v podobn\u00fdch situac\u00edch,\u201c dod\u00e1v\u00e1 Jan Marek, \u0159editel projektu Gentleman silnic.<\/p>\n<p>Ocen\u011bn\u00ed z rukou z\u00e1stupc\u016f Generali \u010cesk\u00e9 poji\u0161\u0165ovny a Policie \u010cR p\u0159evzal Petr Kucha\u0159 dne 14. \u0159\u00edjna 2024 v Brn\u011b. Jedn\u00e1 se tak ji\u017e o 230. dr\u017eitele titulu Gentleman silnic.<\/p>\n<p><img loading=\"lazy\" decoding=\"async\" class=\"alignnone size-medium wp-image-8087\" src=\"http:\/\/www.automakers.cz\/wp-content\/uploads\/2024\/10\/foto-c.4-small-900x599.jpg\" alt=\"\" width=\"900\" height=\"599\" srcset=\"https:\/\/www.automakers.cz\/wp-content\/uploads\/2024\/10\/foto-c.4-small-900x599.jpg 900w, https:\/\/www.automakers.cz\/wp-content\/uploads\/2024\/10\/foto-c.4-small-1024x682.jpg 1024w, https:\/\/www.automakers.cz\/wp-content\/uploads\/2024\/10\/foto-c.4-small-768x511.jpg 768w, https:\/\/www.automakers.cz\/wp-content\/uploads\/2024\/10\/foto-c.4-small.jpg 1352w\" sizes=\"auto, (max-width: 900px) 100vw, 900px\" \/><\/p>\n","protected":false},"excerpt":{"rendered":"<p>V obci \u0160umn\u00e1 na Znojemsku do\u0161lo k hav\u00e1rii n\u00e1kladn\u00edho auta Tatra. \u0158idi\u010d ztratil kontrolu nad&#8230;<\/p>\n","protected":false},"author":2,"featured_media":8085,"comment_status":"closed","ping_status":"closed","sticky":false,"template":"","format":"standard","meta":{"footnotes":""},"categories":[47,31,35],"tags":[],"class_list":["post-8084","post","type-post","status-publish","format-standard","has-post-thumbnail","hentry","category-doprava","category-news","category-pojisteni"],"_links":{"self":[{"href":"https:\/\/www.automakers.cz\/index.php?rest_route=\/wp\/v2\/posts\/8084","targetHints":{"allow":["GET"]}}],"collection":[{"href":"https:\/\/www.automakers.cz\/index.php?rest_route=\/wp\/v2\/posts"}],"about":[{"href":"https:\/\/www.automakers.cz\/index.php?rest_route=\/wp\/v2\/types\/post"}],"author":[{"embeddable":true,"href":"https:\/\/www.automakers.cz\/index.php?rest_route=\/wp\/v2\/users\/2"}],"replies":[{"embeddable":true,"href":"https:\/\/www.automakers.cz\/index.php?rest_route=%2Fwp%2Fv2%2Fcomments&post=8084"}],"version-history":[{"count":4,"href":"https:\/\/www.automakers.cz\/index.php?rest_route=\/wp\/v2\/posts\/8084\/revisions"}],"predecessor-version":[{"id":8111,"href":"https:\/\/www.automakers.cz\/index.php?rest_route=\/wp\/v2\/posts\/8084\/revisions\/8111"}],"wp:featuredmedia":[{"embeddable":true,"href":"https:\/\/www.automakers.cz\/index.php?rest_route=\/wp\/v2\/media\/8085"}],"wp:attachment":[{"href":"https:\/\/www.automakers.cz\/index.php?rest_route=%2Fwp%2Fv2%2Fmedia&parent=8084"}],"wp:term":[{"taxonomy":"category","embeddable":true,"href":"https:\/\/www.automakers.cz\/index.php?rest_route=%2Fwp%2Fv2%2Fcategories&post=8084"},{"taxonomy":"post_tag","embeddable":true,"href":"https:\/\/www.automakers.cz\/index.php?rest_route=%2Fwp%2Fv2%2Ftags&post=8084"}],"curies":[{"name":"wp","href":"https:\/\/api.w.org\/{rel}","templated":true}]}}