{"id":8112,"date":"2024-10-18T09:31:52","date_gmt":"2024-10-18T09:31:52","guid":{"rendered":"https:\/\/www.automakers.cz\/?p=8112"},"modified":"2024-10-18T13:21:01","modified_gmt":"2024-10-18T13:21:01","slug":"volvo-xc-90-se-ukazalo-ve-fantove-budove","status":"publish","type":"post","link":"https:\/\/www.automakers.cz\/?p=8112","title":{"rendered":"Volvo XC90 se uk\u00e1zalo ve Fantov\u011b budov\u011b Wilsonova n\u00e1dra\u017e\u00ed"},"content":{"rendered":"<p><strong>\u010cesk\u00e9 Volvo letos na podzim sezvalo novin\u00e1\u0159e na p\u0159\u00edm\u00fd p\u0159enos odhalen\u00ed vlajkov\u00fdch lod\u00ed XC90 a EX90 do kina Cinema City IMAX. P\u0159edproduk\u010dn\u00ed XC90 se pak uk\u00e1zalo pozd\u011bji m\u00e9di\u00edm ve statick\u00e9 premi\u00e9\u0159e v secesn\u00edm s\u00e1le Fantovy budovy na pra\u017esk\u00e9m Wilsonov\u011b n\u00e1dra\u017e\u00ed.<br \/>\n<\/strong><span id=\"more-585\"><\/span><!--more--><\/p>\n<p>Volvo XC90 ji\u017e lze objedn\u00e1vat, zah\u00e1jen\u00ed v\u00fdroby je napl\u00e1nov\u00e1no na konec roku 2024, p\u0159i\u010dem\u017e by m\u011bly b\u00fdt prvn\u00ed vozy dod\u00e1ny z\u00e1kazn\u00edk\u016fm je\u0161t\u011b p\u0159ed koncem leto\u0161n\u00edho roku.<\/p>\n<p>Novinku uvedla ve Fantovce na trh gener\u00e1ln\u00ed \u0159editelka Volvo Car Czech \u0160\u00e1rka Heyna Fuchsov\u00e1 za asistence here\u010dky a ambasadorky zna\u010dky Jitky \u010cvan\u010darov\u00e9.<\/p>\n<p><img loading=\"lazy\" decoding=\"async\" class=\"alignnone size-medium wp-image-8116\" src=\"http:\/\/www.automakers.cz\/wp-content\/uploads\/2024\/10\/Volvo-XC-90-Podium-Heyna-Fuchsova-900x506.jpg\" alt=\"\" width=\"900\" height=\"506\" srcset=\"https:\/\/www.automakers.cz\/wp-content\/uploads\/2024\/10\/Volvo-XC-90-Podium-Heyna-Fuchsova-900x506.jpg 900w, https:\/\/www.automakers.cz\/wp-content\/uploads\/2024\/10\/Volvo-XC-90-Podium-Heyna-Fuchsova-1024x576.jpg 1024w, https:\/\/www.automakers.cz\/wp-content\/uploads\/2024\/10\/Volvo-XC-90-Podium-Heyna-Fuchsova-768x432.jpg 768w, https:\/\/www.automakers.cz\/wp-content\/uploads\/2024\/10\/Volvo-XC-90-Podium-Heyna-Fuchsova-1536x864.jpg 1536w, https:\/\/www.automakers.cz\/wp-content\/uploads\/2024\/10\/Volvo-XC-90-Podium-Heyna-Fuchsova-1280x720.jpg 1280w, https:\/\/www.automakers.cz\/wp-content\/uploads\/2024\/10\/Volvo-XC-90-Podium-Heyna-Fuchsova.jpg 2040w\" sizes=\"auto, (max-width: 900px) 100vw, 900px\" \/>Zvl\u00e1\u0161tn\u00edm hostem akce byla projektov\u00e1 \u0161\u00e9fka modelu EX90 Hande Egit\u00fcrk. Vybran\u00ed z\u00e1kazn\u00edci si pak mohli u\u017e\u00edt experiment\u00e1ln\u00ed ve\u010de\u0159i, p\u0159i kter\u00e9 jim byla poprv\u00e9 na\u017eivo odhalena podoba nov\u00e9 XC90.<\/p>\n<p><iframe loading=\"lazy\" id=\"_ytid_56751\" class=\"__youtube_prefs__ epyt-is-override no-lazyload\" title=\"Volvo XC 90, Premi\u00e9ra vozu\" src=\"https:\/\/www.youtube.com\/embed\/VdvjHZ02Ttw?enablejsapi=1&amp;autoplay=0&amp;cc_load_policy=0&amp;cc_lang_pref=&amp;iv_load_policy=1&amp;loop=0&amp;modestbranding=0&amp;rel=1&amp;fs=1&amp;playsinline=0&amp;autohide=2&amp;theme=dark&amp;color=red&amp;controls=1&amp;\" width=\"640\" height=\"360\" allowfullscreen=\"allowfullscreen\" data-origwidth=\"640\" data-origheight=\"360\" data-no-lazy=\"1\" data-skipgform_ajax_framebjll=\"\" data-mce-fragment=\"1\"><\/iframe><\/p>\n<p>\u201eModel XC90 je ikonick\u00fdm vozem spole\u010dnosti, cenami ov\u011bn\u010den\u00fdm modelem a nejl\u00e9pe prod\u00e1van\u00fdm vlajkov\u00fdm hybridn\u00edm SUV, kter\u00e9 nyn\u00ed bude d\u00edky \u0161irok\u00e9 \u0161k\u00e1le technologick\u00fdch a designov\u00fdch vylep\u0161en\u00ed lep\u0161\u00ed ne\u017e kdykoli d\u0159\u00edve,\u201c uvedla \u0160\u00e1rka Heyna Fuchsov\u00e1.<\/p>\n<p><strong>Sedmim\u00edstn\u00fd plug-in hybrid<\/strong><\/p>\n<p>Jedn\u00e1 se o pr\u00e9miov\u00fd sedmim\u00edstn\u00fd v\u016fz, kter\u00fd m\u00e1 b\u00fdt zosobn\u011bn\u00edm komfortu a tak\u00e9 jedn\u00edm z nejbezpe\u010dn\u011bj\u0161\u00edch voz\u016f na silnici. Ve form\u011b plug-in hybridu se m\u016f\u017ee st\u00e1t tak\u00e9 elektrick\u00fdm vozem se z\u00e1lo\u017en\u00edm pl\u00e1nem, kter\u00fd na jedno nabit\u00ed nab\u00edz\u00ed dojezd \u010dist\u011b na elekt\u0159inu v\u00edce ne\u017e 70 kilometr\u016f (dle metodiky WLTP).<sup>*<\/sup><\/p>\n<p>To znamen\u00e1, \u017ee by m\u011bl dok\u00e1zat pokr\u00fdt pokr\u00fdt pot\u0159eby p\u0159i ka\u017edodenn\u00edm pravideln\u00e9m doj\u00ed\u017ed\u011bn\u00ed s nulov\u00fdmi emisemi ve v\u00fdfukov\u00fdch plynech spousty \u0159idi\u010d\u016f. Celkov\u00fd dojezd v kombinaci s benz\u00ednov\u00fdm motorem m\u00e1 \u010dinit v\u00edce ne\u017e 800 km.<sup>\u2020<\/sup><\/p>\n<p>Modernizovan\u00fd interi\u00e9r m\u00e1 p\u0159isp\u00edvat k v\u011bt\u0161\u00ed praktick\u00e9 vyu\u017eitelnosti, na premi\u00e9\u0159e si mohli novin\u00e1\u0159i prohl\u00e9dnout v\u011bt\u0161\u00ed centr\u00e1ln\u00ed dotykov\u00fd displej s vy\u0161\u0161\u00edm rozli\u0161en\u00edm.<\/p>\n<p><img loading=\"lazy\" decoding=\"async\" class=\"alignnone size-medium wp-image-8117\" src=\"http:\/\/www.automakers.cz\/wp-content\/uploads\/2024\/10\/Volvo-Fantovka-chodba-900x506.jpg\" alt=\"\" width=\"900\" height=\"506\" srcset=\"https:\/\/www.automakers.cz\/wp-content\/uploads\/2024\/10\/Volvo-Fantovka-chodba-900x506.jpg 900w, https:\/\/www.automakers.cz\/wp-content\/uploads\/2024\/10\/Volvo-Fantovka-chodba-1024x576.jpg 1024w, https:\/\/www.automakers.cz\/wp-content\/uploads\/2024\/10\/Volvo-Fantovka-chodba-768x432.jpg 768w, https:\/\/www.automakers.cz\/wp-content\/uploads\/2024\/10\/Volvo-Fantovka-chodba-1536x864.jpg 1536w, https:\/\/www.automakers.cz\/wp-content\/uploads\/2024\/10\/Volvo-Fantovka-chodba-1280x720.jpg 1280w, https:\/\/www.automakers.cz\/wp-content\/uploads\/2024\/10\/Volvo-Fantovka-chodba.jpg 2040w\" sizes=\"auto, (max-width: 900px) 100vw, 900px\" \/><strong><b>Jeden z nejbezpe\u010dn\u011bj\u0161\u00edch voz\u016f na silnici<\/b><\/strong><\/p>\n<p>XC90 je vybaven vysp\u011blou bezpe\u010dnostn\u00ed klec\u00ed a tak\u00e9 komplexn\u00ed sadou funkc\u00ed aktivn\u00ed bezpe\u010dnosti. Prost\u0159ednictv\u00edm radaru a p\u0159edn\u00ed kamery dok\u00e1\u017ee Volvo XC90 rozpoznat v\u00fdjezd do protism\u011brn\u00e9ho j\u00edzdn\u00edho pruhu. Pomoc\u00ed automatick\u00e9ho brzd\u011bn\u00ed a z\u00e1sahu do \u0159\u00edzen\u00ed m\u016f\u017ee pomoci p\u0159edch\u00e1zet sr\u00e1\u017ek\u00e1m s jin\u00fdmi vozidly, chodci, cyklisty a velk\u00fdmi zv\u00ed\u0159aty, jako jsou nap\u0159\u00edklad losi v rodn\u00e9m \u0160v\u00e9dsku.<\/p>\n<p><strong><b>Interi\u00e9rov\u00fd komfort ve standardu<\/b><\/strong><\/p>\n<p>Sedadla slibuj\u00ed vylep\u0161en\u00e9 odpru\u017een\u00ed, kter\u00e9 je sou\u010d\u00e1st\u00ed standardn\u00ed v\u00fdbavy. Ka\u017ed\u00fd z jednotliv\u00fdch tlumi\u010d\u016f je schopen mechanicky se p\u0159izp\u016fsobit aktu\u00e1ln\u00edm podm\u00ednk\u00e1m na vozovce, \u010d\u00edm\u017e p\u0159isp\u00edv\u00e1 k optim\u00e1ln\u00edmu komfortu a stabilit\u011b pro sebejist\u011bj\u0161\u00ed a p\u0159\u00edjemn\u011bj\u0161\u00ed j\u00edzdn\u00ed z\u00e1\u017eitek.<\/p>\n<p>Na p\u0159\u00e1n\u00ed je k dispozici vzduchov\u00e9 odpru\u017een\u00ed spolupracuj\u00edc\u00ed s aktivn\u00edm podvozkem, kter\u00fd v z\u00e1jmu zaji\u0161t\u011bn\u00ed komfortn\u00edho j\u00edzdn\u00edho z\u00e1\u017eitku 500kr\u00e1t za sekundu monitoruje v\u016fz, silnici a \u0159idi\u010de.<\/p>\n<p>Palubn\u00ed deska je formov\u00e1na v horizont\u00e1ln\u011bj\u0161\u00edm proveden\u00ed a je oblo\u017eena dekorativn\u00edmi panely vyroben\u00fdmi z pr\u00e9miov\u00fdch recyklovan\u00fdch materi\u00e1l\u016f, kter\u00e9 vytv\u00e1\u0159ej\u00ed bohat\u0161\u00ed texturu, p\u0159i\u010dem\u017e je rozd\u011blena nov\u00fdmi vertik\u00e1ln\u00edmi v\u00fddechy ventilace. Za no\u010dn\u00ed j\u00edzdy p\u0159isp\u00edv\u00e1 k je\u0161t\u011b luxusn\u011bj\u0161\u00edmu pocitu vylep\u0161en\u00e9 osv\u011btlen\u00ed interi\u00e9ru.<\/p>\n<p>Volvo XC90 m\u016f\u017ee b\u00fdt vybaveno audiosyst\u00e9mem Bowers &amp; Wilkins \u2013 High Fidelity, kter\u00fd dok\u00e1\u017ee v\u011brn\u011b napodobit akustiku hudebn\u00edho p\u00f3dia, koncertn\u00ed s\u00edn\u011b nebo jazzov\u00e9ho klubu.<\/p>\n<p>Pro z\u00e1kazn\u00edky, kte\u0159\u00ed preferuj\u00ed tuto mo\u017enost, nab\u00edz\u00ed automobilka\u00a0 tak\u00e9 v\u00fdb\u011br ze dvou mild hybridn\u00edch motorizac\u00ed. Ob\u011b varianty, B5 i B6, jsou podporov\u00e1ny 48V lithium-iontovou bateri\u00ed a integrovan\u00fdm gener\u00e1torem zapalov\u00e1n\u00ed, d\u00edky \u010demu\u017e je mo\u017en\u00e9 v re\u00e1ln\u00fdch podm\u00ednk\u00e1ch sn\u00ed\u017eit emise a spot\u0159ebu paliva a\u017e o 15 %.<\/p>\n<p><strong>Zdroj: TK Volvo, Fantova budova; FOTO: Erich Handl<br \/>\n<\/strong><\/p>\n<p><strong>Na akci pro novin\u00e1\u0159e ve Fantovce se potkaly Sandra K\u0159\u00ed\u017eov\u00e1 z Business Media a Petra Dole\u017ealov\u00e1, PR mana\u017eerka Volvo Car<\/strong><\/p>\n<p><img loading=\"lazy\" decoding=\"async\" class=\"alignnone size-medium wp-image-8118\" src=\"http:\/\/www.automakers.cz\/wp-content\/uploads\/2024\/10\/Volvo-Petra-Sandra-900x506.jpg\" alt=\"\" width=\"900\" height=\"506\" srcset=\"https:\/\/www.automakers.cz\/wp-content\/uploads\/2024\/10\/Volvo-Petra-Sandra-900x506.jpg 900w, https:\/\/www.automakers.cz\/wp-content\/uploads\/2024\/10\/Volvo-Petra-Sandra-1024x576.jpg 1024w, https:\/\/www.automakers.cz\/wp-content\/uploads\/2024\/10\/Volvo-Petra-Sandra-768x432.jpg 768w, https:\/\/www.automakers.cz\/wp-content\/uploads\/2024\/10\/Volvo-Petra-Sandra-1536x864.jpg 1536w, https:\/\/www.automakers.cz\/wp-content\/uploads\/2024\/10\/Volvo-Petra-Sandra-1280x720.jpg 1280w, https:\/\/www.automakers.cz\/wp-content\/uploads\/2024\/10\/Volvo-Petra-Sandra.jpg 2040w\" sizes=\"auto, (max-width: 900px) 100vw, 900px\" \/><\/p>\n<p><sup>*<\/sup>\u00a0Dojezd v souladu s realistick\u00fdm WLTP j\u00edzdn\u00edm cyklem v r\u00e1mci testov\u00e1n\u00ed nov\u00fdch voz\u016f za kontrolovan\u00fdch podm\u00ednek. Re\u00e1ln\u00fd dojezd se nicm\u00e9n\u011b m\u016f\u017ee li\u0161it. Hodnoty vych\u00e1zej\u00ed z p\u0159edb\u011b\u017en\u00fdch \u00fadaj\u016f a c\u00edl\u016f. Fin\u00e1ln\u00ed homologace zat\u00edm nebyla provedena.<\/p>\n<p><sup>** <\/sup>Data spole\u010dnosti Volvo Cars se vztahuj\u00ed na plug-in hybridn\u00ed vozy s dlouh\u00fdm dojezdem provozovan\u00e9 na glob\u00e1ln\u00edch trz\u00edch: u t\u011bch je p\u0159ibli\u017en\u011b 48 % vzd\u00e1lenosti ujeto s vyu\u017eit\u00edm \u010dist\u011b elektrick\u00e9ho pohonu.<\/p>\n<p><sup>\u2020<\/sup>\u00a0Dal\u0161\u00edch 800 km nezahrnuje dojezd \u010dist\u011b na elekt\u0159inu. Na z\u00e1klad\u011b p\u0159edb\u011b\u017en\u00fdch \u00fadaj\u016f je po vybit\u00ed baterie a j\u00edzd\u011b jen s vyu\u017eit\u00edm spalovac\u00edho motoru spot\u0159eba paliva dle metodiky WLTP 8,6 l \/ 100 km. Re\u00e1ln\u00fd dojezd se nicm\u00e9n\u011b m\u016f\u017ee li\u0161it.<\/p>\n<p><sup>\u2020\u2020<\/sup>\u00a0Na\u010dasov\u00e1n\u00ed uveden\u00ed vozu na trh se m\u016f\u017ee na jednotliv\u00fdch trz\u00edch li\u0161it.<\/p>\n<p><img loading=\"lazy\" decoding=\"async\" class=\"alignnone size-medium wp-image-8114\" src=\"http:\/\/www.automakers.cz\/wp-content\/uploads\/2024\/10\/Volvo-XC-90-podium-Fantova-1-900x506.jpg\" alt=\"\" width=\"900\" height=\"506\" srcset=\"https:\/\/www.automakers.cz\/wp-content\/uploads\/2024\/10\/Volvo-XC-90-podium-Fantova-1-900x506.jpg 900w, https:\/\/www.automakers.cz\/wp-content\/uploads\/2024\/10\/Volvo-XC-90-podium-Fantova-1-1024x576.jpg 1024w, https:\/\/www.automakers.cz\/wp-content\/uploads\/2024\/10\/Volvo-XC-90-podium-Fantova-1-768x432.jpg 768w, https:\/\/www.automakers.cz\/wp-content\/uploads\/2024\/10\/Volvo-XC-90-podium-Fantova-1-1536x864.jpg 1536w, https:\/\/www.automakers.cz\/wp-content\/uploads\/2024\/10\/Volvo-XC-90-podium-Fantova-1-1280x720.jpg 1280w, https:\/\/www.automakers.cz\/wp-content\/uploads\/2024\/10\/Volvo-XC-90-podium-Fantova-1.jpg 2040w\" sizes=\"auto, (max-width: 900px) 100vw, 900px\" \/><\/p>\n<div class=\"post-share\">\n<div class=\"post-share-icons cf\"><\/div>\n<\/div>\n","protected":false},"excerpt":{"rendered":"<p>\u010cesk\u00e9 Volvo letos na podzim sezvalo novin\u00e1\u0159e na p\u0159\u00edm\u00fd p\u0159enos odhalen\u00ed vlajkov\u00fdch lod\u00ed XC90 a&#8230;<\/p>\n","protected":false},"author":1,"featured_media":8113,"comment_status":"closed","ping_status":"closed","sticky":false,"template":"","format":"standard","meta":{"footnotes":""},"categories":[83,12,66],"tags":[],"class_list":["post-8112","post","type-post","status-publish","format-standard","has-post-thumbnail","hentry","category-hybridy","category-premiery","category-video"],"_links":{"self":[{"href":"https:\/\/www.automakers.cz\/index.php?rest_route=\/wp\/v2\/posts\/8112","targetHints":{"allow":["GET"]}}],"collection":[{"href":"https:\/\/www.automakers.cz\/index.php?rest_route=\/wp\/v2\/posts"}],"about":[{"href":"https:\/\/www.automakers.cz\/index.php?rest_route=\/wp\/v2\/types\/post"}],"author":[{"embeddable":true,"href":"https:\/\/www.automakers.cz\/index.php?rest_route=\/wp\/v2\/users\/1"}],"replies":[{"embeddable":true,"href":"https:\/\/www.automakers.cz\/index.php?rest_route=%2Fwp%2Fv2%2Fcomments&post=8112"}],"version-history":[{"count":6,"href":"https:\/\/www.automakers.cz\/index.php?rest_route=\/wp\/v2\/posts\/8112\/revisions"}],"predecessor-version":[{"id":8125,"href":"https:\/\/www.automakers.cz\/index.php?rest_route=\/wp\/v2\/posts\/8112\/revisions\/8125"}],"wp:featuredmedia":[{"embeddable":true,"href":"https:\/\/www.automakers.cz\/index.php?rest_route=\/wp\/v2\/media\/8113"}],"wp:attachment":[{"href":"https:\/\/www.automakers.cz\/index.php?rest_route=%2Fwp%2Fv2%2Fmedia&parent=8112"}],"wp:term":[{"taxonomy":"category","embeddable":true,"href":"https:\/\/www.automakers.cz\/index.php?rest_route=%2Fwp%2Fv2%2Fcategories&post=8112"},{"taxonomy":"post_tag","embeddable":true,"href":"https:\/\/www.automakers.cz\/index.php?rest_route=%2Fwp%2Fv2%2Ftags&post=8112"}],"curies":[{"name":"wp","href":"https:\/\/api.w.org\/{rel}","templated":true}]}}