{"id":815,"date":"2023-12-08T07:37:06","date_gmt":"2023-12-08T07:37:06","guid":{"rendered":"https:\/\/www.automakers.cz\/?p=815"},"modified":"2023-12-08T08:08:12","modified_gmt":"2023-12-08T08:08:12","slug":"sefredaktorem-hrotu-je-pavel-strunc","status":"publish","type":"post","link":"https:\/\/www.automakers.cz\/?p=815","title":{"rendered":"\u0160\u00e9fredaktorem Hrotu je Pavel \u0160trunc"},"content":{"rendered":"<p><strong>\u0160\u00e9fem ekonomick\u00e9ho webu se 1. prosince stal Pavel \u0160trunc, <a href=\"https:\/\/www.mediar.cz\/v-cele-cnn-prima-news-konci-pavel-strunc-zpravodajstvi-primy-povede-martin-svehlak\/\">b\u00fdval\u00fd \u0159editel zpravodajstv\u00ed na CNN Prima News<\/a>. V\u00a0tent\u00fd\u017e den za\u010dal web fungovat pod nov\u00fdm n\u00e1zvem\u00a0<a href=\"https:\/\/www.hrot24.cz\/\"><em>Hrot24<\/em><\/a>. Nov\u00fd \u0161\u00e9fredaktor pl\u00e1nuje v\u00edc vlastn\u00edho obsahu a\u00a0pos\u00edlen\u00ed videoprodukce. Chyst\u00e1 tak\u00e9\u00a0<a href=\"https:\/\/www.mediar.cz\/hrot-jako-tisteny-tydenik-konci-pristi-rok-se-ma-vratit-jako-mesicnik\/\">ti\u0161t\u011bn\u00fd m\u011bs\u00ed\u010dn\u00edk\u00a0<em>Hrot<\/em><\/a>.<\/strong><!--more--><\/p>\n<p>\u0160trunc chce do webu investovat a\u00a0person\u00e1ln\u011b jej pos\u00edlit: \u201eJde n\u00e1m o\u00a0vybudov\u00e1n\u00ed siln\u00e9ho ekonomick\u00e9ho brandu. Kl\u00ed\u010dov\u00ed jsou auto\u0159i a\u00a0jejich vlastn\u00ed t\u00e9mata. Z\u00e1rove\u0148 n\u00e1s podpo\u0159\u00ed agresivn\u00ed grafick\u00fd design, kter\u00fd k\u202fHrotu pat\u0159\u00ed.\u201c Redakce se op\u00edr\u00e1, mimo jin\u00e9, o\u00a0zku\u0161en\u00e9 autory\u00a0<strong>Miroslava Z\u00e1me\u010dn\u00edka<\/strong>\u00a0nebo\u00a0<strong>Pavla P\u00e1rala<\/strong>.<\/p>\n<p>P\u0159ibude videoobsah, na jeho\u017e v\u00fdrob\u011b se chce Pavel \u0160trunc v\u00fdrazn\u011b pod\u00edlet. \u201eVideo \u010di podcast jsou dnes z\u00e1sadn\u00ed pro dal\u0161\u00ed rozvoj webu. Vn\u00edm\u00e1m to tak, \u017ee m\u00e1me skute\u010dn\u011b co \u0159\u00edci a\u00a0um\u00edme se pt\u00e1t. Pro m\u011b osobn\u011b to bude n\u00e1vrat do form\u00e1tu, kter\u00fd jsem p\u0159ed lety d\u011blal, a\u00a0mysl\u00edm, \u017ee m\u011bl velmi dobr\u00e9 v\u00fdsledky i\u00a0ohlasy. Chci na to nav\u00e1zat,\u201c \u0159\u00edk\u00e1 nov\u00fd \u0161\u00e9fredaktor, kter\u00fd v\u00a0minulosti moderoval vlastn\u00ed po\u0159ad\u00a0<em><strong>\u0160trunc!<\/strong><\/em>\u00a0na webu\u00a0<em><strong>Info.cz<\/strong><\/em>.<\/p>\n<p>V\u202fprvn\u00edm \u010dtvrtlet\u00ed p\u0159\u00ed\u0161t\u00edho roku vyjde ti\u0161t\u011bn\u00fd magaz\u00edn Hrot, nov\u011b p\u016fjde o\u00a0m\u011bs\u00ed\u010dn\u00edk. \u201eChci se p\u0159ibl\u00ed\u017eit form\u00e1tu coffee table magaz\u00edn, tedy \u010dasopis s\u202fnad\u010dasov\u00fdmi \u010dl\u00e1nky a\u00a0vlastn\u00edmi t\u00e9maty, z\u00e1rove\u0148 v\u202fn\u011bm \u010dten\u00e1\u0159i najdou i\u00a0v\u00edce lifestylov\u00e9ho obsahu,\u201c dod\u00e1v\u00e1 \u0160trunc. V\u00a0oblasti zpravodajstv\u00ed chce t\u011b\u017eit i\u00a0ze spojenectv\u00ed s\u202fredakc\u00ed\u00a0<em><strong>Echo24.cz<\/strong><\/em>.<\/p>\n<p><a href=\"https:\/\/www.mediar.cz\/spm-media-kupuje-od-bigboardu-tydenik-hrot\/\">Hrot od \u0159\u00edjna pat\u0159\u00ed pod spole\u010dnost SPM Media<\/a>\u00a0podnikatel\u016f\u00a0<strong>Marka \u0160pan\u011bla<\/strong>\u00a0a\u00a0<strong>Slavom\u00edra Pavl\u00ed\u010dka<\/strong>. Do skupiny spadaj\u00ed i\u00a0<a href=\"https:\/\/www.mediar.cz\/tema\/echo24\/\">Echo Media<\/a>\u00a0a\u00a0<a href=\"https:\/\/www.mediar.cz\/radio-prostor-odstartovalo-rano-moderuje-kalemba-zpravare-vede-prochazka\/\">Radio Prostor<\/a>.<\/p>\n<p><strong>Zdroj: mediar.cz<\/strong><\/p>\n","protected":false},"excerpt":{"rendered":"<p>\u0160\u00e9fem ekonomick\u00e9ho webu se 1. prosince stal Pavel \u0160trunc, b\u00fdval\u00fd \u0159editel zpravodajstv\u00ed na CNN Prima&#8230;<\/p>\n","protected":false},"author":1,"featured_media":816,"comment_status":"open","ping_status":"open","sticky":false,"template":"","format":"standard","meta":{"footnotes":""},"categories":[27,5],"tags":[],"class_list":["post-815","post","type-post","status-publish","format-standard","has-post-thumbnail","hentry","category-novinari","category-personalie"],"_links":{"self":[{"href":"https:\/\/www.automakers.cz\/index.php?rest_route=\/wp\/v2\/posts\/815","targetHints":{"allow":["GET"]}}],"collection":[{"href":"https:\/\/www.automakers.cz\/index.php?rest_route=\/wp\/v2\/posts"}],"about":[{"href":"https:\/\/www.automakers.cz\/index.php?rest_route=\/wp\/v2\/types\/post"}],"author":[{"embeddable":true,"href":"https:\/\/www.automakers.cz\/index.php?rest_route=\/wp\/v2\/users\/1"}],"replies":[{"embeddable":true,"href":"https:\/\/www.automakers.cz\/index.php?rest_route=%2Fwp%2Fv2%2Fcomments&post=815"}],"version-history":[{"count":2,"href":"https:\/\/www.automakers.cz\/index.php?rest_route=\/wp\/v2\/posts\/815\/revisions"}],"predecessor-version":[{"id":826,"href":"https:\/\/www.automakers.cz\/index.php?rest_route=\/wp\/v2\/posts\/815\/revisions\/826"}],"wp:featuredmedia":[{"embeddable":true,"href":"https:\/\/www.automakers.cz\/index.php?rest_route=\/wp\/v2\/media\/816"}],"wp:attachment":[{"href":"https:\/\/www.automakers.cz\/index.php?rest_route=%2Fwp%2Fv2%2Fmedia&parent=815"}],"wp:term":[{"taxonomy":"category","embeddable":true,"href":"https:\/\/www.automakers.cz\/index.php?rest_route=%2Fwp%2Fv2%2Fcategories&post=815"},{"taxonomy":"post_tag","embeddable":true,"href":"https:\/\/www.automakers.cz\/index.php?rest_route=%2Fwp%2Fv2%2Ftags&post=815"}],"curies":[{"name":"wp","href":"https:\/\/api.w.org\/{rel}","templated":true}]}}