{"id":8157,"date":"2024-10-21T09:28:32","date_gmt":"2024-10-21T09:28:32","guid":{"rendered":"https:\/\/www.automakers.cz\/?p=8157"},"modified":"2024-10-21T09:28:32","modified_gmt":"2024-10-21T09:28:32","slug":"veletrh-e-salon-zaplni-v-letnanech-6-hal","status":"publish","type":"post","link":"https:\/\/www.automakers.cz\/?p=8157","title":{"rendered":"Veletrh e-SALON zapln\u00ed v Let\u0148anech 6 hal"},"content":{"rendered":"<p><strong><b>Import\u00e9\u0159i u\u017e chystaj\u00ed elektromobily na 6. ro\u010dn\u00edk veletrhu \u010dist\u00e9 mobility, technologi\u00ed a \u0159e\u0161en\u00ed pro e-mobilitu e-SALON. Na v\u00fdstavi\u0161ti PVA EXPO PRAHA prob\u011bhne ve dnech 7. a\u017e 10. listopadu, kdy zapln\u00ed \u0161est hal let\u0148ansk\u00e9ho are\u00e1lu. Co bude na programu?<br \/>\n<\/b><\/strong><!--more--><\/p>\n<p>Podle organiz\u00e1tor\u016f nab\u00eddne exkluzivn\u00ed \u010desk\u00e9 premi\u00e9ry voz\u016f sv\u011btov\u00fdch zna\u010dek, nejnov\u011bj\u0161\u00ed technologie, doprovodn\u00fd program i mo\u017enost testovac\u00edch j\u00edzd ve v\u00edce ne\u017e \u0161esti des\u00edtk\u00e1ch voz\u016f. Veletrh e-SALON 2024 bude nejv\u011bt\u0161\u00ed ve sv\u00e9 dosavadn\u00ed historii.<\/p>\n<p>Prvn\u00ed den 7. listopadu bude ur\u010den pouze odborn\u00e9 ve\u0159ejnosti, od 8. do 10. listopadu bude veletrh p\u0159\u00edstupn\u00fd \u0161irok\u00e9 ve\u0159ejnosti. N\u00e1v\u0161t\u011bvn\u00edci uvid\u00ed nejv\u00fdznamn\u011bj\u0161\u00ed sv\u011btov\u00e9 zna\u010dky, mezi nimi\u017e nebudou chyb\u011bt \u0160koda Auto, u\u017eitkov\u00e9 i osobn\u00ed vozy VW, Audi, Cupra, Kia, Hyundai, Renault, Dacia, MG, Mitsubishi, Opel, Ford, Tesla a dal\u0161\u00ed. P\u0159ehl\u00eddku elektromobil\u016f v hal\u00e1ch 3, 4 a 2D dopln\u00ed tak\u00e9 veletr\u017en\u00ed nov\u00e1\u010dci, kte\u0159\u00ed se v r\u00e1mci e-SALONu p\u0159edstav\u00ed poprv\u00e9. Mezi nimi budou nap\u0159\u00edklad elektromobily luxusn\u00ed zna\u010dky Alpine, Volvo, SsangYong, d\u00e1le BYD, Nio, Dongfeng nebo Voyah.<\/p>\n<p>N\u00e1kladn\u00ed trucky a u\u017eitkov\u00e1 vozidla p\u0159ivezou na v\u00fdstavi\u0161t\u011b zna\u010dky Daimler, Volvo, Renault, Tatra, Nextem, Eurogreen, IVECO a dal\u0161\u00ed. K\u00a0vid\u011bn\u00ed budou i komun\u00e1ln\u00ed a u\u017eitkov\u00e1 vozidla spole\u010dnost\u00ed Univer Mobility, Alfa Profi, TPCI, Eco Cars \u010di Profigrass, kter\u00e1 zapln\u00ed celou Halu 5. Pro n\u00e1v\u0161t\u011bvn\u00edky tak bude p\u0159ipravena nejv\u011bt\u0161\u00ed expozice n\u00e1kladn\u00edch a u\u017eitkov\u00fdch voz\u016f, jak\u00e1 se kdy v\u00a0r\u00e1mci veletrhu prezentovala.<\/p>\n<p><strong><b>\u010cesk\u00e9 premi\u00e9ry<\/b><\/strong><\/p>\n<p>Veletrh e-SALON je tradi\u010dn\u00edm m\u00edstem n\u00e1rodn\u00edch premi\u00e9r mnoha model\u016f a i leto\u0161n\u00ed ro\u010dn\u00edk umo\u017en\u00ed z\u00e1jemc\u016fm prvn\u00ed setk\u00e1n\u00ed s mnoha sv\u011btov\u00fdmi elektromobily. Poprv\u00e9 se p\u0159edstav\u00ed nap\u0159\u00edklad Elroq od \u0160koda Auto, kter\u00fd sv\u011bt poprv\u00e9 na vlastn\u00ed o\u010di spat\u0159il na za\u010d\u00e1tku \u0159\u00edjna. Zna\u010dka Kia v\u00a0\u010desk\u00e9 premi\u00e9\u0159e uvede sv\u016fj trumf EV3 i dal\u0161\u00ed novinky pro p\u0159\u00ed\u0161t\u00ed rok. Luxusn\u00ed zna\u010dka Alpine uvede model ALPINE A290, kter\u00fdm vstupuje do nov\u00e9 \u00e9ry sportovn\u00edch elektromobil\u016f, hlavn\u00edm l\u00e1kadlem od Mitsubishi bude na expozici zcela nov\u00fd Outlander 4&#215;4.<\/p>\n<p>Dv\u011b SUV novinky p\u0159edstav\u00ed v Let\u0148anech tak\u00e9 Opel, a to zcela nov\u00fd Grandland \u2013 SUV vy\u0161\u0161\u00ed t\u0159\u00eddy, a Frontera \u2013 atraktivn\u00ed a praktick\u00e9 SUV st\u0159edn\u00ed t\u0159\u00eddy. Hyundai se bude prezentovat nap\u0159\u00edklad modelem IONIQ 5N, Audi uk\u00e1\u017ee sv\u016fj Q6 e-tron, kter\u00fd je prvn\u00edm modelem na zcela nov\u00e9 platform\u011b PPE pro pr\u00e9miov\u00e9 elektromobily s inovativn\u00ed elektronickou architekturou E 1.2. Renault uvede sv\u016fj model Renault 5 E-tech, kter\u00fd je 100% elektrick\u00fd, zna\u010dka Volkswagen nab\u00eddne ze sekce osobn\u00edch voz\u016f modely Tayron hybrid, Passat hybrid, Tiguan hybrid, ID.7 Tourer, ID.3 FL a z u\u017eitkov\u00fdch pak ID.Buzz long a ID.Buzz GTX. Na st\u00e1nku Volvo Trucks pak bude vystaven model Volvo FH Aero Electric.<\/p>\n<p><strong>Testovac\u00ed j\u00edzdy<\/strong><\/p>\n<p>Hala 1 let\u0148ansk\u00e9ho v\u00fdstavi\u0161t\u011b bude ur\u010dena testovac\u00edm j\u00edzd\u00e1m, b\u011bhem nich\u017e s\u00a0podporou partner\u016f Voltdrive a CAR MNGMT bude pro n\u00e1v\u0161t\u011bvn\u00edky k\u00a0dispozici zhruba 60 model\u016f elektromobil\u016f.<\/p>\n<p>Prostory Haly 2 budou slou\u017eit k\u00a0prezentaci expon\u00e1t\u016f a technologi\u00ed spojen\u00fdch s\u00a0elektromobilitou a spole\u010dnost\u00ed z\u00a0oblasti e-TECHNOLOGY.<\/p>\n<p><strong>Konference \u010cist\u00e1 mobilita<\/strong><\/p>\n<p>V\u00a0r\u00e1mci veletrhu e-SALON bude p\u0159ipraven i bohat\u00fd doprovodn\u00fd program, a to jak pro odborn\u00edky, tak pro \u0161irokou ve\u0159ejnost. St\u011b\u017eejn\u00edm bodem pro profesion\u00e1ly bude hned prvn\u00ed den veletrhu 7. listopadu <strong><b>konference \u010cist\u00e1 mobilita<\/b><\/strong>\u00a0nesouc\u00ed t\u00e9ma \u201eSm\u011b\u0159ov\u00e1n\u00ed k\u00a0\u010dist\u00e9 mobilit\u011b \u2013 Nov\u00e9 v\u00fdzvy pro m\u011bsta a pro pr\u016fmysl\u201c. V\u00a0r\u00e1mci p\u0159edn\u00e1\u0161ek vystoup\u00ed v\u00fdznamn\u00e9 osobnosti oboru z\u00a0\u010ceska, ale tak\u00e9 zahrani\u010dn\u00ed speake\u0159i.<\/p>\n<p><strong><b>V\u00edce informac\u00ed o veletrhu na <\/b><\/strong><a href=\"http:\/\/www.e-salon.cz\"><strong><u><b>www.e-salon.cz<\/b><\/u><\/strong><\/a><\/p>\n<p><img loading=\"lazy\" decoding=\"async\" class=\"alignnone size-medium wp-image-215\" src=\"http:\/\/www.automakers.cz\/wp-content\/uploads\/2023\/11\/eSalon-ID-Buzz-900x675.jpg\" alt=\"\" width=\"900\" height=\"675\" srcset=\"https:\/\/www.automakers.cz\/wp-content\/uploads\/2023\/11\/eSalon-ID-Buzz-900x675.jpg 900w, https:\/\/www.automakers.cz\/wp-content\/uploads\/2023\/11\/eSalon-ID-Buzz-1024x768.jpg 1024w, https:\/\/www.automakers.cz\/wp-content\/uploads\/2023\/11\/eSalon-ID-Buzz-768x576.jpg 768w, https:\/\/www.automakers.cz\/wp-content\/uploads\/2023\/11\/eSalon-ID-Buzz-1536x1152.jpg 1536w, https:\/\/www.automakers.cz\/wp-content\/uploads\/2023\/11\/eSalon-ID-Buzz.jpg 2040w\" sizes=\"auto, (max-width: 900px) 100vw, 900px\" \/><\/p>\n","protected":false},"excerpt":{"rendered":"<p>Import\u00e9\u0159i u\u017e chystaj\u00ed elektromobily na 6. ro\u010dn\u00edk veletrhu \u010dist\u00e9 mobility, technologi\u00ed a \u0159e\u0161en\u00ed pro e-mobilitu&#8230;<\/p>\n","protected":false},"author":1,"featured_media":268,"comment_status":"closed","ping_status":"closed","sticky":false,"template":"","format":"standard","meta":{"footnotes":""},"categories":[9,8],"tags":[],"class_list":["post-8157","post","type-post","status-publish","format-standard","has-post-thumbnail","hentry","category-elektromobily","category-vystavy"],"_links":{"self":[{"href":"https:\/\/www.automakers.cz\/index.php?rest_route=\/wp\/v2\/posts\/8157","targetHints":{"allow":["GET"]}}],"collection":[{"href":"https:\/\/www.automakers.cz\/index.php?rest_route=\/wp\/v2\/posts"}],"about":[{"href":"https:\/\/www.automakers.cz\/index.php?rest_route=\/wp\/v2\/types\/post"}],"author":[{"embeddable":true,"href":"https:\/\/www.automakers.cz\/index.php?rest_route=\/wp\/v2\/users\/1"}],"replies":[{"embeddable":true,"href":"https:\/\/www.automakers.cz\/index.php?rest_route=%2Fwp%2Fv2%2Fcomments&post=8157"}],"version-history":[{"count":2,"href":"https:\/\/www.automakers.cz\/index.php?rest_route=\/wp\/v2\/posts\/8157\/revisions"}],"predecessor-version":[{"id":8159,"href":"https:\/\/www.automakers.cz\/index.php?rest_route=\/wp\/v2\/posts\/8157\/revisions\/8159"}],"wp:featuredmedia":[{"embeddable":true,"href":"https:\/\/www.automakers.cz\/index.php?rest_route=\/wp\/v2\/media\/268"}],"wp:attachment":[{"href":"https:\/\/www.automakers.cz\/index.php?rest_route=%2Fwp%2Fv2%2Fmedia&parent=8157"}],"wp:term":[{"taxonomy":"category","embeddable":true,"href":"https:\/\/www.automakers.cz\/index.php?rest_route=%2Fwp%2Fv2%2Fcategories&post=8157"},{"taxonomy":"post_tag","embeddable":true,"href":"https:\/\/www.automakers.cz\/index.php?rest_route=%2Fwp%2Fv2%2Ftags&post=8157"}],"curies":[{"name":"wp","href":"https:\/\/api.w.org\/{rel}","templated":true}]}}