{"id":8165,"date":"2024-10-21T09:20:23","date_gmt":"2024-10-21T09:20:23","guid":{"rendered":"https:\/\/www.automakers.cz\/?p=8165"},"modified":"2024-10-23T08:45:45","modified_gmt":"2024-10-23T08:45:45","slug":"v-cr-jezdi-32-tisic-elektroaut-kazde-4-je-tesla","status":"publish","type":"post","link":"https:\/\/www.automakers.cz\/?p=8165","title":{"rendered":"\u010cesko eviduje 32 tis\u00edc elektroaut, ka\u017ed\u00e9 \u010dtvrt\u00e9 je Tesla"},"content":{"rendered":"<p><strong>V \u010cesku bylo k 30. z\u00e1\u0159\u00ed 2024 provozov\u00e1no 31 713 osobn\u00edch bateriov\u00fdch elektrick\u00fdch vozidel kat. M1, b\u011bhem dev\u00edti m\u011bs\u00edc\u016f leto\u0161n\u00edho roku se jejich po\u010det zv\u00fd\u0161il o 9 262 vozidel (pozn. v\u010d. ojetin). <\/strong><!--more--><\/p>\n<p class=\"MuiTypography-root MuiTypography-body1 css-1okd8zz\"><em>\u201eNej\u010dast\u011bji jsou u n\u00e1s zastoupeny zna\u010dky Tesla (7 355), \u0160koda (4 641), Volkswagen (3 339), BMW (2 966) a Hyundai (2 228). V hl. m. Praze je registrov\u00e1no 12 299, ve St\u0159edo\u010desk\u00e9m 4 929 a v Jihomoravsk\u00e9m kraji 3 146 BEVs. P\u0159ibli\u017en\u011b 3\/4 registrac\u00ed je firemn\u00edch (74,1 %), \u010dtvrtina vozidel (25,4 %) je evidovan\u00e1 jako ojetiny, tedy s opakovanou registrac\u00ed. B\u011bhem t\u0159ech kvart\u00e1l\u016f leto\u0161n\u00edho roku byly p\u0159ekro\u010deny registrace cel\u00e9ho lo\u0148sk\u00e9ho roku, vliv na tuto skute\u010dnost m\u011bl nepochybn\u011b Z\u00e1ru\u010dn\u00ed program ELEKTROMOBILITA N\u00e1rodn\u00ed rozvojov\u00e9 banky, kter\u00e1 v pond\u011bl\u00ed 14. \u0159\u00edjna zastavila p\u0159\u00edjem \u017e\u00e1dost\u00ed z d\u016fvodu vy\u010derp\u00e1n\u00ed alokovan\u00fdch prost\u0159edk\u016f, nicm\u00e9n\u011b tak\u00e9 sekund\u00e1rn\u00ed trh s t\u011bmito vozidly meziro\u010dn\u011b rostl,\u201c<\/em>\u00a0uv\u00e1d\u00ed Luk\u00e1\u0161 Kadula z Centra dopravn\u00edho v\u00fdzkumu a dod\u00e1v\u00e1:<\/p>\n<p class=\"MuiTypography-root MuiTypography-body1 css-1okd8zz\"><em>\u201eCelkem bylo ke konci z\u00e1\u0159\u00ed v Centr\u00e1ln\u00edm registru vozidel Ministerstva dopravy evidov\u00e1no 45 641 BEVs: 11 875 kat. L, 31 713 kat. M1, 2 kat. M2, 187 kat. M3, 1 798 kat. N1, 15 kat. N2, 23 kat. N3 a 28 BEVs za\u0159azen\u00fdch jako ostatn\u00ed. Elektrick\u00e1 vozidla s extern\u00edm dob\u00edjen\u00edm maj\u00ed v \u010cesku k dispozici 5 493 ve\u0159ejn\u00fdch dob\u00edjec\u00edch bod\u016f, v\u00edce ne\u017e 70 % z nich jsou b\u011b\u017en\u00e9 AC dob\u00edjec\u00ed body s v\u00fdkonem do 22 kW. Pozitivn\u00ed je, \u017ee co do po\u010dtu i pod\u00edlu rostou vysoce v\u00fdkonn\u00e9 dob\u00edjec\u00ed body s velmi rychl\u00fdm dob\u00edjen\u00edm nad 150 kW, kter\u00e9 umo\u017e\u0148uj\u00ed doplnit energii v \u0159\u00e1dech n\u011bkolika minut \u2013 aktu\u00e1ln\u011b se tyto body pod\u00edl\u00ed na ve\u0159ejn\u00e9 dob\u00edjec\u00ed infrastruktu\u0159e t\u00e9m\u011b\u0159 8 %.\u201c<\/em><\/p>\n<p class=\"MuiTypography-root MuiTypography-body1 css-1okd8zz\">Nejregistrovan\u011bj\u0161\u00ed bateriov\u00e1 elektrick\u00e1 vozidla dle kategorie a zna\u010dky:<br \/>\n&#8211; Kategorie L: HECHT (3 333), SUPER SOCO (538), AKUMOTO (488)<br \/>\n&#8211; Kategorie M1: TESLA (7 355), \u0160KODA (4 641), VOLKSWAGEN (3 339)<br \/>\n&#8211; Kategorie M3: SOR (98), \u0160KODA (43), SOLARIS (27)<br \/>\n&#8211; Kategorie N1: FORD (244), RENAULT (189), MERCEDES-BENZ (184)<br \/>\n&#8211; Kategorie N2: FUSO (7), FORD (4), MERCEDES-BENZ (3)<br \/>\n&#8211; Kategorie N3: VOLVO (11), MERCEDES-BENZ (6), FRAMO (3)<\/p>\n<h2 class=\"MuiTypography-root MuiTypography-h2 css-5id8o\">Nov\u00e9 osobn\u00ed bateriov\u00e9 elektromobily v EU meziro\u010dn\u011b klesly o 5,8 %<\/h2>\n<p class=\"MuiTypography-root MuiTypography-body1 css-1okd8zz\">V EU bylo od ledna do z\u00e1\u0159\u00ed tohoto roku registrov\u00e1no 7 989 776 nov\u00fdch osobn\u00edch vozidel (meziro\u010dn\u011b o 0,6 % v\u00edce), z nich 1 047 869 bylo bateriov\u00fdch elektrick\u00fdch (meziro\u010dn\u011b o 5,8 % m\u00e9n\u011b). Bateriov\u00e9 elektromobily byly s pod\u00edlem 12,6 % t\u0159et\u00ed nejobl\u00edben\u011bj\u0161\u00ed volbou, nejv\u00edce registrac\u00ed si p\u0159ipsaly benz\u00ednov\u00e9 motorizace (34,4% pod\u00edl; meziro\u010dn\u011b -4,4 %), p\u0159ed hybridn\u00edmi bez extern\u00edho dob\u00edjen\u00ed (30,1% pod\u00edl; meziro\u010dn\u011b +20,1 %), dieselov\u00e9 motorizace pak dos\u00e1hly pod\u00edlu 12,4 % (meziro\u010dn\u011b -11,1 %), plug-in hybridy 6,9 % (meziro\u010dn\u011b -8,1 %).<\/p>\n<p class=\"MuiTypography-root MuiTypography-body1 css-1okd8zz\">V z\u00e1\u0159\u00ed zaznamenaly osobn\u00ed bateriov\u00e1 vozidla v zem\u00edch EU r\u016fst o 9,8 %, kdy\u017e bylo registrov\u00e1no 139 702 vozidel, meziro\u010dn\u011b (celoro\u010dn\u011b) v\u0161ak registrov\u00e1no o 64 056 vozidel m\u00e9n\u011b (-5,8 %), na nejv\u011bt\u0161\u00edm trhu \u2013 v N\u011bmecku \u2013 byl propad v registrac\u00edch t\u011bchto vozidel o 110 899 (-28,6 %, pozn. meziro\u010dn\u00ed pokles byl mj. zp\u016fsoben ukon\u010den\u00edm dota\u010dn\u00edch pob\u00eddek v pr\u016fb\u011bhu roku 2023). Celkov\u00fd pod\u00edl BEVs klesl ze 14 % na 13,1 %. Z v\u011bt\u0161\u00edch trh\u016f byl pokles registrac\u00ed BEVs evidov\u00e1n ve Finsku (-31,4 %), Irsku (-25,8 %) a \u0160v\u00e9dsku (-18,9 %). Naopak r\u016fst zaznamenaly nap\u0159. Francie (+6,0 %), Belgie (+40,2 %), Nizozemsko (+6,5 %) nebo D\u00e1nsko (+49,1 %). \u010cesk\u00e1 republika pat\u0159\u00ed mezi 16 zem\u00ed EU, ve kter\u00fdch byl letos zaznamen\u00e1n meziro\u010dn\u00ed r\u016fst BEVs, naopak v 11 zem\u00edch do\u0161lo k poklesu registrac\u00ed.<\/p>\n<h2 class=\"MuiTypography-root MuiTypography-h2 css-5id8o\">U nov\u00fdch registrac\u00ed elektromobil\u016f dr\u017e\u00ed letos Tesla v \u010cesku 38 % trhu<\/h2>\n<p class=\"MuiTypography-root MuiTypography-body1 css-1okd8zz\">V z\u00e1\u0159\u00ed 2024 bylo v \u010cesku registrov\u00e1no 1 463 nov\u00fdch osobn\u00edch bateriov\u00fdch elektromobil\u016f (meziro\u010dn\u011b 2,5x v\u00edce), tr\u017en\u00ed pod\u00edl dos\u00e1hl 8 %. V obdob\u00ed 1-9\/2024 bylo registrov\u00e1no 7 231 nov\u00fdch osobn\u00edch BEVs (meziro\u010dn\u011b +56,2 %), tr\u017en\u00ed pod\u00edl dos\u00e1hl 4,2 %. Nejv\u00edce registrac\u00ed z pohledu zna\u010dek si p\u0159ipsala Tesla (2 752), \u0160koda (739), Volvo (677), Hyundai (445) a Volkswagen (438), z pohledu konkr\u00e9tn\u00edch vozidel pak Tesla Model Y (1 473), Tesla Model 3 (1 236), \u0160koda Enyaq (738), Volvo EX30 (586) a Hyundai Kona (288).<\/p>\n<p class=\"MuiTypography-root MuiTypography-body1 css-1okd8zz\">Registrace dal\u0161\u00edch kategori\u00ed nov\u00fdch BEVs v obdob\u00ed 1-9\/2024: lehk\u00e1 u\u017eitkov\u00e1 vozidla (384 ks, meziro\u010dn\u011b +133 ks, tr\u017en\u00ed pod\u00edl 2,3 %), n\u00e1kladn\u00ed automobily (15 ks, meziro\u010dn\u011b +7 ks, tr\u017en\u00ed pod\u00edl 0,2 %), elektrobusy (34 ks, meziro\u010dn\u011b +31 ks, tr\u017en\u00ed pod\u00edl 3,7 %).<\/p>\n<h2 class=\"MuiTypography-root MuiTypography-h2 css-5id8o\">V zem\u00edch EU je provozov\u00e1no p\u0159es 790 tis\u00edc ve\u0159ejn\u00fdch dob\u00edjec\u00edch bod\u016f<\/h2>\n<p class=\"MuiTypography-root MuiTypography-body1 css-1okd8zz\">V zem\u00edch Evropsk\u00e9 unie je provozov\u00e1no 792 308 ve\u0159ejn\u00fdch dob\u00edjec\u00edch bod\u016f, v \u010cesku pak 5 493. T\u00e9m\u011b\u0159 \u0161est z deseti, p\u0159esn\u011bji 57,8 % ve\u0159ejn\u00fdch dob\u00edjec\u00edch bod\u016f, je k dispozici ve t\u0159ech zem\u00edch EU: v Nizozemsku 21,5 %, ve Francii 18,7 % a v N\u011bmecku 17,6 %. Uveden\u00fdch t\u00e9m\u011b\u0159 5,5 tis\u00edce ve\u0159ejn\u00fdch dob\u00edjec\u00edch bod\u016f n\u00e1s mezi zem\u011bmi EU \u0159ad\u00ed na 14. m\u00edsto v absolutn\u00edm po\u010dtu, 20. m\u00edsto v p\u0159epo\u010dtu na po\u010det obyvatel, 19. m\u00edsto pak v p\u0159epo\u010dtu na d\u00e9lku silni\u010dn\u00ed s\u00edt\u011b. V zem\u00edch EU p\u0159ipad\u00e1 v pr\u016fm\u011bru 6,9 bateriov\u00fdch elektrick\u00fdch vozidel (kat. M1 + N1) na jeden ve\u0159ejn\u00fd dob\u00edjec\u00ed bod, v \u010cesku je tento pod\u00edl 5,3, v ostatn\u00edch zem\u00edch V4 pak: 14,6 v Ma\u010farsku, 7,0 v Polsku a 3,5 na Slovensku. Ze v\u0161ech provozovan\u00fdch ve\u0159ejn\u00fdch dob\u00edjec\u00edch bod\u016f v \u010cesku bylo 3 878 b\u011b\u017en\u00fdch (70,6 % AC), 1 197 v\u00fdkonn\u00fdch s rychl\u00fdm dob\u00edjen\u00edm (21,8 % DC do 149 kW) a 418 vysoce v\u00fdkonn\u00fdch s velmi rychl\u00fdm dob\u00edjen\u00edm (7,6 %). Ministerstvo dopravy vyhl\u00e1silo 30. z\u00e1\u0159\u00ed 2024 dv\u011b nov\u00e9 v\u00fdzvy v r\u00e1mci Programu Doprava 2021\u20132027 (OPD3) na podporu v\u00fdstavby rozvoje rychlodob\u00edjec\u00ed infrastruktury pro osobn\u00ed vozidla s celkovou alokac\u00ed 1,385 mld. K\u010d. V\u00fdzvy jsou kolov\u00e9 a budou pro \u017eadatele otev\u0159eny do 27. 01. 2025, bli\u017e\u0161\u00ed informace jsou k dispozici\u00a0<a href=\"https:\/\/opd3.opd.cz\/stranka\/Ministerstvo-dopravy-vyhlasilo-nove-vyzvy-na-podporu-vystavby-dobijecich-stanic\" target=\"_blank\" rel=\"noopener\">zde<\/a>.<\/p>\n<p class=\"MuiTypography-root MuiTypography-body1 css-1okd8zz\"><strong>Provoz webov\u00fdch str\u00e1nek\u00a0<a href=\"https:\/\/www.cistadoprava.cz\/\">www.cistadoprava.cz<\/a>\u00a0je realizov\u00e1n za finan\u010dn\u00ed podpory Ministerstva dopravy v r\u00e1mci programu dlouhodob\u00e9ho koncep\u010dn\u00edho rozvoje v\u00fdzkumn\u00fdch organizac\u00ed.<\/strong><\/p>\n<p class=\"MuiTypography-root MuiTypography-body1 css-1okd8zz\"><strong>Zdroj vstupn\u00edch dat:<\/strong><\/p>\n<p class=\"MuiTypography-root MuiTypography-body1 css-1okd8zz\">Evropsk\u00e9 sdru\u017een\u00ed v\u00fdrobc\u016f automobil\u016f, Evropsk\u00e1 observato\u0159 pro alternativn\u00ed paliva, Ministerstvo dopravy, Svaz dovozc\u016f automobil\u016f, N\u00e1rodn\u00ed rozvojov\u00e1 banka, web \u010cist\u00e1 doprava Texty a obr\u00e1zky: Centrum dopravn\u00edho v\u00fdzkumu,<\/p>\n<p class=\"MuiTypography-root MuiTypography-body1 css-1okd8zz\"><a href=\"https:\/\/www.cistadoprava.cz\/\">www.cistadoprava.cz<\/a><\/p>\n<p><img loading=\"lazy\" decoding=\"async\" class=\"alignnone size-medium wp-image-8173\" src=\"http:\/\/www.automakers.cz\/wp-content\/uploads\/2024\/10\/Nove-osobni-BEVs-v-CR-1-9-2024-675x900.png\" alt=\"\" width=\"675\" height=\"900\" srcset=\"https:\/\/www.automakers.cz\/wp-content\/uploads\/2024\/10\/Nove-osobni-BEVs-v-CR-1-9-2024-675x900.png 675w, https:\/\/www.automakers.cz\/wp-content\/uploads\/2024\/10\/Nove-osobni-BEVs-v-CR-1-9-2024.png 720w\" sizes=\"auto, (max-width: 675px) 100vw, 675px\" \/><img loading=\"lazy\" decoding=\"async\" class=\"alignnone size-medium wp-image-8171\" src=\"http:\/\/www.automakers.cz\/wp-content\/uploads\/2024\/10\/BEVs-kat-M1-v-CR-celkem-k-zari-2024-675x900.png\" alt=\"\" width=\"675\" height=\"900\" srcset=\"https:\/\/www.automakers.cz\/wp-content\/uploads\/2024\/10\/BEVs-kat-M1-v-CR-celkem-k-zari-2024-675x900.png 675w, https:\/\/www.automakers.cz\/wp-content\/uploads\/2024\/10\/BEVs-kat-M1-v-CR-celkem-k-zari-2024.png 720w\" sizes=\"auto, (max-width: 675px) 100vw, 675px\" \/><\/p>\n","protected":false},"excerpt":{"rendered":"<p>V \u010cesku bylo k 30. z\u00e1\u0159\u00ed 2024 provozov\u00e1no 31 713 osobn\u00edch bateriov\u00fdch elektrick\u00fdch vozidel kat&#8230;.<\/p>\n","protected":false},"author":1,"featured_media":923,"comment_status":"closed","ping_status":"closed","sticky":false,"template":"","format":"standard","meta":{"footnotes":""},"categories":[9,10],"tags":[],"class_list":["post-8165","post","type-post","status-publish","format-standard","has-post-thumbnail","hentry","category-elektromobily","category-statistika"],"_links":{"self":[{"href":"https:\/\/www.automakers.cz\/index.php?rest_route=\/wp\/v2\/posts\/8165","targetHints":{"allow":["GET"]}}],"collection":[{"href":"https:\/\/www.automakers.cz\/index.php?rest_route=\/wp\/v2\/posts"}],"about":[{"href":"https:\/\/www.automakers.cz\/index.php?rest_route=\/wp\/v2\/types\/post"}],"author":[{"embeddable":true,"href":"https:\/\/www.automakers.cz\/index.php?rest_route=\/wp\/v2\/users\/1"}],"replies":[{"embeddable":true,"href":"https:\/\/www.automakers.cz\/index.php?rest_route=%2Fwp%2Fv2%2Fcomments&post=8165"}],"version-history":[{"count":7,"href":"https:\/\/www.automakers.cz\/index.php?rest_route=\/wp\/v2\/posts\/8165\/revisions"}],"predecessor-version":[{"id":8176,"href":"https:\/\/www.automakers.cz\/index.php?rest_route=\/wp\/v2\/posts\/8165\/revisions\/8176"}],"wp:featuredmedia":[{"embeddable":true,"href":"https:\/\/www.automakers.cz\/index.php?rest_route=\/wp\/v2\/media\/923"}],"wp:attachment":[{"href":"https:\/\/www.automakers.cz\/index.php?rest_route=%2Fwp%2Fv2%2Fmedia&parent=8165"}],"wp:term":[{"taxonomy":"category","embeddable":true,"href":"https:\/\/www.automakers.cz\/index.php?rest_route=%2Fwp%2Fv2%2Fcategories&post=8165"},{"taxonomy":"post_tag","embeddable":true,"href":"https:\/\/www.automakers.cz\/index.php?rest_route=%2Fwp%2Fv2%2Ftags&post=8165"}],"curies":[{"name":"wp","href":"https:\/\/api.w.org\/{rel}","templated":true}]}}