{"id":8285,"date":"2024-10-24T14:28:23","date_gmt":"2024-10-24T14:28:23","guid":{"rendered":"https:\/\/www.automakers.cz\/?p=8285"},"modified":"2024-10-24T14:28:41","modified_gmt":"2024-10-24T14:28:41","slug":"auto-roku-2025-v-cr-ma-pres-30-kandidatu","status":"publish","type":"post","link":"https:\/\/www.automakers.cz\/?p=8285","title":{"rendered":"Auto roku 2025 m\u00e1 p\u0159es 30 kandid\u00e1t\u016f"},"content":{"rendered":"<p><strong>SDA chyst\u00e1 na konec listopadu j\u00edzdy prvn\u00edho kola ankety Auto roku 2025 v \u010cesk\u00e9 republice, b\u011bhem kter\u00fdch porota slo\u017een\u00e1 z \u010desk\u00fdch motoristick\u00fdch novin\u00e1\u0159\u016f vybere finalisty 31. ro\u010dn\u00edku ankety. O jejich p\u0159\u00edze\u0148 se bude uch\u00e1zet v\u00edce ne\u017e 30 voz\u016f 23 r\u016fzn\u00fdch zna\u010dek.<\/strong><!--more--><\/p>\n<p>Ofici\u00e1ln\u00ed start nov\u00e9ho ro\u010dn\u00edku ankety Auto roku 2025 v \u010cesk\u00e9 republice se bl\u00ed\u017e\u00ed. 27. listopadu se dvaceti\u010dlenn\u00e1 odborn\u00e1 porota sezn\u00e1m\u00ed s vozy, kter\u00e9 budou usilovat o postup do fin\u00e1le.<\/p>\n<p>\u010cesk\u00e1 zastoupen\u00ed jednotliv\u00fdch automobilek p\u0159edb\u011b\u017en\u011b nominovala 36 nov\u00fdch voz\u016f, kter\u00e9 byly\/budou na \u010desk\u00fd trh uvedeny mezi 1. prosincem 2023 a 31. prosincem 2024. Fin\u00e1ln\u00ed podoba seznamu nominovan\u00fdch voz\u016f bude uzav\u0159ena v den kon\u00e1n\u00ed j\u00edzd prvn\u00edho kola.<\/p>\n<p>P\u0159edb\u011b\u017en\u011b nominovan\u00e9 vozy pokr\u00fdvaj\u00ed \u0161irok\u00e9 spektrum pohonn\u00fdch jednotek, typ\u016f karoseri\u00ed, segment\u016f i cenov\u00fdch kategori\u00ed a bude zaj\u00edmav\u00e9 sledovat, kter\u00e9 automobily nakonec porotu oslov\u00ed nejv\u00edce a zajist\u00ed si postup do z\u00e1v\u011bre\u010dn\u00e9ho boje o titul Auto roku 2025 v \u010cesk\u00e9 republice.<\/p>\n<p>P\u0159ipome\u0148me, \u017ee lo\u0148sk\u00fdmi finalisty byly BMW \u0159ady 5, Hyundai Ioniq6, Kia EV9, Mercedes-Benz\u00a0 t\u0159\u00eddy E a Subaru Crosstrek, tedy dva vozy s \u010dist\u011b elektrick\u00fdm pohonem, dva z\u00e1stupci\u00a0 pr\u00e9miov\u00e9ho segmentu a v\u016fz nab\u00edzej\u00edc\u00ed v\u00fdhradn\u011b spalovac\u00ed motory. I takto pestr\u00e9 slo\u017een\u00ed lo\u0148sk\u00e9 fin\u00e1lov\u00e9 skupiny poukazuje na fakt, \u017ee diverzifikace je v sou\u010dasn\u00e9m automobilov\u00e9m sv\u011bt\u011b velice d\u016fle\u017eit\u00e1.<\/p>\n<p><img loading=\"lazy\" decoding=\"async\" class=\"alignnone size-medium wp-image-1204\" src=\"http:\/\/www.automakers.cz\/wp-content\/uploads\/2024\/01\/Auto-roku-Certousy-2024-Kia-Mercedes-Hyundai-900x675.jpg\" alt=\"\" width=\"900\" height=\"675\" \/>Finalist\u00e9 ankety budou vyhl\u00e1\u0161eni 10. prosince a celkov\u00fd v\u00edt\u011bz ankety Auto roku 2025 v \u010cesk\u00e9 republice bude ozn\u00e1men p\u0159i slavnostn\u00edm vyhl\u00e1\u0161en\u00ed 4. \u00fanora 2025.<\/p>\n<p><strong>Auto roku 2025 v \u010cesk\u00e9 republice \u2013 p\u0159edb\u011b\u017en\u00e1 nominace<\/strong><\/p>\n<p>Alfa Romeo Junior, Audi A5, BMW X3, Citro\u00ebn C3, Cupra Terramar, Dacia Duster, Fiat 600, Ford Capri, Ford Explorer, Ford Mustang, Ford Tourneo Custom, Hyundai SantaFe, Kia EV3, Lexus LBX, Mazda CX-80, Mercedes-Benz T\u0159\u00edda G, MG ZS, MG3, Mitsubishi ASX, Mitsubishi Colt, Opel Grandland, Peugeot 3008, Peugeot 5008, Renault Rafale E-Tech hybrid, Renault Scenic E-Tech 100% elektrick\u00fd, Renault Symbioz E-Tech full hybrid, \u0160koda Kodiaq, \u0160koda Superb, Subaru Forester 2.0i e-Boxer, Suzuki Swift, Toyota C-HR PHEV, Toyota Camry, Toyota Land Cruiser, Volkswagen ID. 7, Volkswagen Passat, Volvo EX30<\/p>\n<p><strong>Zdroj: SDA, Petr Hor\u00e1k<\/strong><\/p>\n<figure id=\"attachment_7875\" aria-describedby=\"caption-attachment-7875\" style=\"width: 900px\" class=\"wp-caption alignnone\"><img loading=\"lazy\" decoding=\"async\" class=\"size-medium wp-image-7875\" src=\"http:\/\/www.automakers.cz\/wp-content\/uploads\/2024\/10\/Auto-roku-2025-SDA-skupina-Pokorny-Handl-Horak-Hyan-Rybecky-Beranek-900x506.jpg\" alt=\"\" width=\"900\" height=\"506\" srcset=\"https:\/\/www.automakers.cz\/wp-content\/uploads\/2024\/10\/Auto-roku-2025-SDA-skupina-Pokorny-Handl-Horak-Hyan-Rybecky-Beranek-900x506.jpg 900w, https:\/\/www.automakers.cz\/wp-content\/uploads\/2024\/10\/Auto-roku-2025-SDA-skupina-Pokorny-Handl-Horak-Hyan-Rybecky-Beranek-1024x576.jpg 1024w, https:\/\/www.automakers.cz\/wp-content\/uploads\/2024\/10\/Auto-roku-2025-SDA-skupina-Pokorny-Handl-Horak-Hyan-Rybecky-Beranek-768x432.jpg 768w, https:\/\/www.automakers.cz\/wp-content\/uploads\/2024\/10\/Auto-roku-2025-SDA-skupina-Pokorny-Handl-Horak-Hyan-Rybecky-Beranek-1536x864.jpg 1536w, https:\/\/www.automakers.cz\/wp-content\/uploads\/2024\/10\/Auto-roku-2025-SDA-skupina-Pokorny-Handl-Horak-Hyan-Rybecky-Beranek-1280x720.jpg 1280w, https:\/\/www.automakers.cz\/wp-content\/uploads\/2024\/10\/Auto-roku-2025-SDA-skupina-Pokorny-Handl-Horak-Hyan-Rybecky-Beranek.jpg 2040w\" sizes=\"auto, (max-width: 900px) 100vw, 900px\" \/><figcaption id=\"caption-attachment-7875\" class=\"wp-caption-text\">Pracovn\u00ed skupina SDA pro anketu; FOTO: ing. Kin\u010dlov\u00e1<\/figcaption><\/figure>\n","protected":false},"excerpt":{"rendered":"<p>SDA chyst\u00e1 na konec listopadu j\u00edzdy prvn\u00edho kola ankety Auto roku 2025 v \u010cesk\u00e9 republice,&#8230;<\/p>\n","protected":false},"author":1,"featured_media":6623,"comment_status":"closed","ping_status":"closed","sticky":false,"template":"","format":"standard","meta":{"footnotes":""},"categories":[32,27],"tags":[],"class_list":["post-8285","post","type-post","status-publish","format-standard","has-post-thumbnail","hentry","category-ankety","category-novinari"],"_links":{"self":[{"href":"https:\/\/www.automakers.cz\/index.php?rest_route=\/wp\/v2\/posts\/8285","targetHints":{"allow":["GET"]}}],"collection":[{"href":"https:\/\/www.automakers.cz\/index.php?rest_route=\/wp\/v2\/posts"}],"about":[{"href":"https:\/\/www.automakers.cz\/index.php?rest_route=\/wp\/v2\/types\/post"}],"author":[{"embeddable":true,"href":"https:\/\/www.automakers.cz\/index.php?rest_route=\/wp\/v2\/users\/1"}],"replies":[{"embeddable":true,"href":"https:\/\/www.automakers.cz\/index.php?rest_route=%2Fwp%2Fv2%2Fcomments&post=8285"}],"version-history":[{"count":2,"href":"https:\/\/www.automakers.cz\/index.php?rest_route=\/wp\/v2\/posts\/8285\/revisions"}],"predecessor-version":[{"id":8288,"href":"https:\/\/www.automakers.cz\/index.php?rest_route=\/wp\/v2\/posts\/8285\/revisions\/8288"}],"wp:featuredmedia":[{"embeddable":true,"href":"https:\/\/www.automakers.cz\/index.php?rest_route=\/wp\/v2\/media\/6623"}],"wp:attachment":[{"href":"https:\/\/www.automakers.cz\/index.php?rest_route=%2Fwp%2Fv2%2Fmedia&parent=8285"}],"wp:term":[{"taxonomy":"category","embeddable":true,"href":"https:\/\/www.automakers.cz\/index.php?rest_route=%2Fwp%2Fv2%2Fcategories&post=8285"},{"taxonomy":"post_tag","embeddable":true,"href":"https:\/\/www.automakers.cz\/index.php?rest_route=%2Fwp%2Fv2%2Ftags&post=8285"}],"curies":[{"name":"wp","href":"https:\/\/api.w.org\/{rel}","templated":true}]}}