{"id":8348,"date":"2024-10-28T18:21:14","date_gmt":"2024-10-28T18:21:14","guid":{"rendered":"https:\/\/www.automakers.cz\/?p=8348"},"modified":"2024-10-28T18:21:14","modified_gmt":"2024-10-28T18:21:14","slug":"institut-42-prague-poradal-hackathon","status":"publish","type":"post","link":"https:\/\/www.automakers.cz\/?p=8348","title":{"rendered":"Institut 42 Prague po\u0159\u00e1dal hackathon"},"content":{"rendered":"<p><strong>Neziskov\u00fd vzd\u011bl\u00e1vac\u00ed institut 42 Prague uspo\u0159\u00e1dal v \u0159\u00edjnu sv\u016fj prvn\u00ed mezin\u00e1rodn\u00ed hackathon, v jeho\u017e r\u00e1mci t\u00fdmy z \u0159ady zem\u00ed v\u010detn\u011b dom\u00e1c\u00ed \u010cesk\u00e9 republiky sout\u011b\u017eily o nejzaj\u00edmav\u011bj\u0161\u00ed n\u00e1pady a \u0159e\u0161en\u00ed pro aplikace \u0160koda Connect a My\u0160koda. <\/strong><!--more--><\/p>\n<p>V\u00edt\u011bzn\u00fd t\u00fdm \u0160koders z kampusu 42 Heilbronn z\u00edskal hlavn\u00ed cenu za projekt interaktivn\u00ed mapy dojezdu elektromobil\u016f po nabit\u00ed. Hackathon nav\u00e1zal na p\u0159edchoz\u00ed \u00fasp\u011b\u0161n\u00e9 akce, b\u011bhem nich\u017e \u0160koda Auto sezvala program\u00e1tory k hled\u00e1n\u00ed digit\u00e1ln\u00edch \u0159e\u0161en\u00ed z oblasti udr\u017eitelnosti a IT.<\/p>\n<p>Holger Peters, \u010dlen p\u0159edstavenstva spole\u010dnosti \u0160koda Auto pro Finance, IT a pr\u00e1vn\u00ed z\u00e1le\u017eitosti, \u0159ekl: \u201eInovativn\u00ed digit\u00e1ln\u00ed slu\u017eby hraj\u00ed kl\u00ed\u010dovou roli p\u0159i zlep\u0161ov\u00e1n\u00ed cel\u00e9 z\u00e1kaznick\u00e9 zku\u0161enosti jak ve voze, tak p\u0159i jeho pou\u017e\u00edv\u00e1n\u00ed. To je d\u016fvod, pro\u010d klademe velk\u00fd d\u016fraz na na\u0161e digit\u00e1ln\u00ed platformy a aplikace. D\u016fle\u017eit\u00e9 je nejen vz\u00e1jemn\u011b propojen\u00e9 a intuitivn\u00ed ovl\u00e1d\u00e1n\u00ed, ale na\u0161im klient\u016fm chceme nab\u00eddnout v\u017edy n\u011bco nav\u00edc, jako jsou \u00fasp\u011b\u0161n\u011b zaveden\u00e9 slu\u017eby Pay to Park nebo Pay to Fuel. Gratuluji v\u00edt\u011bz\u016fm tohoto inspirativn\u00edho setk\u00e1n\u00ed a d\u011bkuji v\u0161em \u00fa\u010dastn\u00edk\u016fm hackathonu za jejich invenci a n\u00e1padit\u00e1 \u0159e\u0161en\u00ed.\u201c<\/p>\n<p>Form\u00e1t sout\u011b\u017ee v duchu princip\u016f neziskov\u00e9ho vzd\u011bl\u00e1vac\u00edho institutu 42 Prague Prvn\u00ed mezin\u00e1rodn\u00ed hackathon organizovan\u00fd neziskov\u00fdm vzd\u011bl\u00e1vac\u00edm institutem 42 Prague se zam\u011b\u0159il na osobn\u00ed p\u0159\u00edstup, kreativitu a spolupr\u00e1ci. Do sout\u011b\u017ee se zapojilo v\u00edce ne\u017e 50 specialist\u016f z pra\u017esk\u00e9 pobo\u010dky a z dal\u0161\u00edch kampus\u016f po cel\u00e9m sv\u011bt\u011b: z Barcelony, Madridu, Malagy, Heilbronnu, Pa\u0159\u00ed\u017ee, \u0158\u00edma a tak\u00e9 z jihokorejsk\u00e9ho Kjongsanu \u010di hlavn\u00edho m\u011bsta Spojen\u00fdch arabsk\u00fdch emir\u00e1t\u016f Ab\u00fa Zab\u00ed.<\/p>\n<p>Zad\u00e1n\u00ed bylo zcela voln\u00e9 s c\u00edlem vylep\u0161it funk\u010dnost a mo\u017enosti aplikac\u00ed \u0160koda Connect a My\u0160koda. \u00da\u010dastn\u00edci se rozd\u011blili do t\u0159\u00ed \u2013 a\u017e p\u011bti\u010dlenn\u00fdch t\u00fdm\u016f, kter\u00e9 m\u011bly podporu mentor\u016f \u2013 odborn\u00edk\u016f z automobilky \u0160koda Auto. O v\u00fdsledc\u00edch rozhodovala odborn\u00e1 porota slo\u017een\u00e1 ze z\u00e1stupc\u016f spole\u010dnosti \u0160koda Auto, kte\u0159\u00ed jsou zodpov\u011bdn\u00ed za v\u00fdvoj aplikac\u00ed My\u0160koda a \u0160koda Connect a dal\u0161\u00edch \u0159e\u0161en\u00ed pro konektivitu a infotainment.<\/p>\n<p>V\u00edt\u011bzn\u00fdm t\u00fdmem se stal t\u00fdm \u0160koders z n\u011bmeck\u00e9ho kampusu 42 Heilbronn, jeho\u017e projekt implementace interaktivn\u00ed mapy dojezdu elektromobilu umo\u017en\u00ed u\u017eivatel\u016fm aplikac\u00ed \u0160koda Connect a My\u0160koda sledovat v re\u00e1ln\u00e9m \u010dase podle aktu\u00e1ln\u00ed spot\u0159eby dojezd jejich vozu, a efektivn\u011b tak napl\u00e1novat dal\u0161\u00ed zast\u00e1vku na nab\u00edjen\u00ed.<\/p>\n<p>Neziskov\u00fd vzd\u011bl\u00e1vac\u00ed institut 42 Prague sou\u010d\u00e1st\u00ed celosv\u011btov\u00e9 s\u00edt\u011b \u0161kol Neziskov\u00fd vzd\u011bl\u00e1vac\u00ed institut 42 Prague zalo\u017eila \u0160koda Auto v roce 2022 jako v po\u0159ad\u00ed t\u0159et\u00ed projekt pat\u0159\u00edc\u00ed do vzd\u011bl\u00e1vac\u00ed s\u00edt\u011b v koncernu Volkswagen. V leto\u0161n\u00edm roce se \u010dty\u0159m\u011bs\u00ed\u010dn\u00edch intenzivn\u00edch p\u0159ij\u00edmac\u00edch program\u016f z\u00fa\u010dastnilo kolem 500 uchaze\u010d\u016f, p\u0159ijato jich bylo 210 \u2013 to je dosud nejvy\u0161\u0161\u00ed po\u010det. S\u00ed\u0165 \u0161kol ji\u017e zahrnuje 54 kampus\u016f v 31 zem\u00edch po cel\u00e9m sv\u011bt\u011b, v\u010detn\u011b Severn\u00ed i Ji\u017en\u00ed Ameriky, Afriky, Asie a Austr\u00e1lie, s v\u00edce ne\u017e 21 000 student\u016f.<\/p>\n<p><strong>Zdroj: \u0160koda Auto<\/strong><\/p>\n<p>&nbsp;<\/p>\n","protected":false},"excerpt":{"rendered":"<p>Neziskov\u00fd vzd\u011bl\u00e1vac\u00ed institut 42 Prague uspo\u0159\u00e1dal v \u0159\u00edjnu sv\u016fj prvn\u00ed mezin\u00e1rodn\u00ed hackathon, v jeho\u017e r\u00e1mci&#8230;<\/p>\n","protected":false},"author":2,"featured_media":8353,"comment_status":"closed","ping_status":"closed","sticky":false,"template":"","format":"standard","meta":{"footnotes":""},"categories":[26,46],"tags":[],"class_list":["post-8348","post","type-post","status-publish","format-standard","has-post-thumbnail","hentry","category-eventy","category-vzdelani"],"_links":{"self":[{"href":"https:\/\/www.automakers.cz\/index.php?rest_route=\/wp\/v2\/posts\/8348","targetHints":{"allow":["GET"]}}],"collection":[{"href":"https:\/\/www.automakers.cz\/index.php?rest_route=\/wp\/v2\/posts"}],"about":[{"href":"https:\/\/www.automakers.cz\/index.php?rest_route=\/wp\/v2\/types\/post"}],"author":[{"embeddable":true,"href":"https:\/\/www.automakers.cz\/index.php?rest_route=\/wp\/v2\/users\/2"}],"replies":[{"embeddable":true,"href":"https:\/\/www.automakers.cz\/index.php?rest_route=%2Fwp%2Fv2%2Fcomments&post=8348"}],"version-history":[{"count":2,"href":"https:\/\/www.automakers.cz\/index.php?rest_route=\/wp\/v2\/posts\/8348\/revisions"}],"predecessor-version":[{"id":8367,"href":"https:\/\/www.automakers.cz\/index.php?rest_route=\/wp\/v2\/posts\/8348\/revisions\/8367"}],"wp:featuredmedia":[{"embeddable":true,"href":"https:\/\/www.automakers.cz\/index.php?rest_route=\/wp\/v2\/media\/8353"}],"wp:attachment":[{"href":"https:\/\/www.automakers.cz\/index.php?rest_route=%2Fwp%2Fv2%2Fmedia&parent=8348"}],"wp:term":[{"taxonomy":"category","embeddable":true,"href":"https:\/\/www.automakers.cz\/index.php?rest_route=%2Fwp%2Fv2%2Fcategories&post=8348"},{"taxonomy":"post_tag","embeddable":true,"href":"https:\/\/www.automakers.cz\/index.php?rest_route=%2Fwp%2Fv2%2Ftags&post=8348"}],"curies":[{"name":"wp","href":"https:\/\/api.w.org\/{rel}","templated":true}]}}